{"id":1759,"date":"2025-03-27T09:37:10","date_gmt":"2025-03-27T08:37:10","guid":{"rendered":"https:\/\/agora.xtec.cat\/escolajuansalamero\/?p=1759"},"modified":"2025-10-16T11:39:50","modified_gmt":"2025-10-16T09:39:50","slug":"la-radio-com-a-eina-pedagogica","status":"publish","type":"post","link":"https:\/\/agora.xtec.cat\/escolajuansalamero\/portada\/la-radio-com-a-eina-pedagogica\/","title":{"rendered":"La r\u00e0dio com a eina pedag\u00f2gica"},"content":{"rendered":"<p><span style=\"font-weight: 400;\">La nostra\u00a0<\/span><span style=\"font-weight: 400;\">escola Juan Salamero disposa d\u2019un projecte de r\u00e0dio escolar organitzat pels alumnes de Cicle Superior.\u00a0<\/span><span style=\"font-weight: 400;\">La r\u00e0dio \u00e9s un mitj\u00e0 viu que promou la comunicaci\u00f3, facilita la lectura i la comprensi\u00f3 dels textos i agilita les tasques de redacci\u00f3 dels alumnes.\u00a0<\/span><\/p>\n<p>Primerament, a principi de curs es consensuen les diferents seccions que s\u2019inclouran al programa.\u00a0En segon lloc, es distribueix a\u00a0l\u2019alumnat\u00a0en petits grups (3-4 alumnes) i\u00a0s\u2019assigna\u00a0un tema. Cada grup treballa amb un dossier que inclou el full de ruta per tot el proc\u00e9s. A m\u00e9s, disposen\u00a0d\u2019un\u00a0gui\u00f3 per a cada tipus de text.\u00a0A continuaci\u00f3, han de revisar el text amb una r\u00fabrica i el vist i plau del docent. Per acabar la part escrita, escriuen el di\u00e0leg del programa a una graella espec\u00edfica.<\/p>\n<p>Un cop escrit, cada grup ha de triar la m\u00fasica o els efectes sonors que volen incorporar al seu programa.\u00a0Per \u00faltim, es realitza la gravaci\u00f3 a\u00a0l\u2019aula\u00a0de la r\u00e0dio. Tots aquests podcast es poder sentir a la p\u00e0gina web de\u00a0l\u2019escola.<\/p>\n<div style=\"width: 848px;\" class=\"wp-video\"><!--[if lt IE 9]><script>document.createElement('video');<\/script><![endif]-->\n<video class=\"wp-video-shortcode\" id=\"video-1759-1\" width=\"848\" height=\"480\" preload=\"metadata\" controls=\"controls\"><source type=\"video\/mp4\" src=\"https:\/\/agora.xtec.cat\/escolajuansalamero\/wp-content\/uploads\/usu2941\/2025\/03\/VIDEO-2025-03-27-09-17-10-1.mp4?_=1\" \/><a href=\"https:\/\/agora.xtec.cat\/escolajuansalamero\/wp-content\/uploads\/usu2941\/2025\/03\/VIDEO-2025-03-27-09-17-10-1.mp4\">https:\/\/agora.xtec.cat\/escolajuansalamero\/wp-content\/uploads\/usu2941\/2025\/03\/VIDEO-2025-03-27-09-17-10-1.mp4<\/a><\/video><\/div>\n","protected":false},"excerpt":{"rendered":"<p>La nostra\u00a0escola Juan Salamero disposa d\u2019un projecte de r\u00e0dio escolar organitzat pels alumnes de Cicle Superior.\u00a0La r\u00e0dio \u00e9s un mitj\u00e0 [&hellip;]<\/p>\n","protected":false},"author":1,"featured_media":0,"comment_status":"open","ping_status":"closed","sticky":false,"template":"","format":"standard","meta":{"_bbp_topic_count":0,"_bbp_reply_count":0,"_bbp_total_topic_count":0,"_bbp_total_reply_count":0,"_bbp_voice_count":0,"_bbp_anonymous_reply_count":0,"_bbp_topic_count_hidden":0,"_bbp_reply_count_hidden":0,"_bbp_forum_subforum_count":0,"site-sidebar-layout":"default","site-content-layout":"","ast-site-content-layout":"default","site-content-style":"default","site-sidebar-style":"default","ast-global-header-display":"","ast-banner-title-visibility":"","ast-main-header-display":"","ast-hfb-above-header-display":"","ast-hfb-below-header-display":"","ast-hfb-mobile-header-display":"","site-post-title":"","ast-breadcrumbs-content":"","ast-featured-img":"","footer-sml-layout":"","theme-transparent-header-meta":"default","adv-header-id-meta":"","stick-header-meta":"","header-above-stick-meta":"","header-main-stick-meta":"","header-below-stick-meta":"","astra-migrate-meta-layouts":"set","ast-page-background-enabled":"default","ast-page-background-meta":{"desktop":{"background-color":"var(--ast-global-color-4)","background-image":"","background-repeat":"repeat","background-position":"center center","background-size":"auto","background-attachment":"scroll","background-type":"","background-media":"","overlay-type":"","overlay-color":"","overlay-opacity":"","overlay-gradient":""},"tablet":{"background-color":"","background-image":"","background-repeat":"repeat","background-position":"center center","background-size":"auto","background-attachment":"scroll","background-type":"","background-media":"","overlay-type":"","overlay-color":"","overlay-opacity":"","overlay-gradient":""},"mobile":{"background-color":"","background-image":"","background-repeat":"repeat","background-position":"center center","background-size":"auto","background-attachment":"scroll","background-type":"","background-media":"","overlay-type":"","overlay-color":"","overlay-opacity":"","overlay-gradient":""}},"ast-content-background-meta":{"desktop":{"background-color":"var(--ast-global-color-5)","background-image":"","background-repeat":"repeat","background-position":"center center","background-size":"auto","background-attachment":"scroll","background-type":"","background-media":"","overlay-type":"","overlay-color":"","overlay-opacity":"","overlay-gradient":""},"tablet":{"background-color":"var(--ast-global-color-5)","background-image":"","background-repeat":"repeat","background-position":"center center","background-size":"auto","background-attachment":"scroll","background-type":"","background-media":"","overlay-type":"","overlay-color":"","overlay-opacity":"","overlay-gradient":""},"mobile":{"background-color":"var(--ast-global-color-5)","background-image":"","background-repeat":"repeat","background-position":"center center","background-size":"auto","background-attachment":"scroll","background-type":"","background-media":"","overlay-type":"","overlay-color":"","overlay-opacity":"","overlay-gradient":""}},"footnotes":""},"categories":[4,5,114],"tags":[],"class_list":["post-1759","post","type-post","status-publish","format-standard","hentry","category-portada","category-primaria","category-radio-primaria"],"post_mailing_queue_ids":[],"_links":{"self":[{"href":"https:\/\/agora.xtec.cat\/escolajuansalamero\/wp-json\/wp\/v2\/posts\/1759","targetHints":{"allow":["GET"]}}],"collection":[{"href":"https:\/\/agora.xtec.cat\/escolajuansalamero\/wp-json\/wp\/v2\/posts"}],"about":[{"href":"https:\/\/agora.xtec.cat\/escolajuansalamero\/wp-json\/wp\/v2\/types\/post"}],"author":[{"embeddable":true,"href":"https:\/\/agora.xtec.cat\/escolajuansalamero\/wp-json\/wp\/v2\/users\/1"}],"replies":[{"embeddable":true,"href":"https:\/\/agora.xtec.cat\/escolajuansalamero\/wp-json\/wp\/v2\/comments?post=1759"}],"version-history":[{"count":2,"href":"https:\/\/agora.xtec.cat\/escolajuansalamero\/wp-json\/wp\/v2\/posts\/1759\/revisions"}],"predecessor-version":[{"id":2120,"href":"https:\/\/agora.xtec.cat\/escolajuansalamero\/wp-json\/wp\/v2\/posts\/1759\/revisions\/2120"}],"wp:attachment":[{"href":"https:\/\/agora.xtec.cat\/escolajuansalamero\/wp-json\/wp\/v2\/media?parent=1759"}],"wp:term":[{"taxonomy":"category","embeddable":true,"href":"https:\/\/agora.xtec.cat\/escolajuansalamero\/wp-json\/wp\/v2\/categories?post=1759"},{"taxonomy":"post_tag","embeddable":true,"href":"https:\/\/agora.xtec.cat\/escolajuansalamero\/wp-json\/wp\/v2\/tags?post=1759"}],"curies":[{"name":"wp","href":"https:\/\/api.w.org\/{rel}","templated":true}]}}