{"id":1747,"date":"2025-03-20T11:39:00","date_gmt":"2025-03-20T10:39:00","guid":{"rendered":"https:\/\/agora.xtec.cat\/escolajuansalamero\/?p=1747"},"modified":"2025-10-14T10:18:21","modified_gmt":"2025-10-14T08:18:21","slug":"nous-capitols-al-nostre-podcast","status":"publish","type":"post","link":"https:\/\/agora.xtec.cat\/escolajuansalamero\/primaria\/nous-capitols-al-nostre-podcast\/","title":{"rendered":"Nous Cap\u00edtols al nostre p\u00f2dcast!"},"content":{"rendered":"<p>Ja tenim aqu\u00ed el tercer programa de r\u00e0dio de l\u2019alumnat de Cicle Mitj\u00e0.<\/p>\n<p>Esperem que gaudiu molt!<\/p>\n<p>GRUP 1<br \/>\nEn aquest programa, la Judith, la Malak, l\u2019Abdelaziz i l\u2019Iker ens han elaborat una noticia per explicar-nos el carnaval de l\u2019escola.<\/p>\n<!--[if lt IE 9]><script>document.createElement('audio');<\/script><![endif]-->\n<audio class=\"wp-audio-shortcode\" id=\"audio-1747-1\" preload=\"none\" style=\"width: 100%;\" controls=\"controls\"><source type=\"audio\/mpeg\" src=\"https:\/\/agora.xtec.cat\/escolajuansalamero\/wp-content\/uploads\/usu2941\/2025\/03\/1.NOTICIA-JUDITH-MALAK-ABDELAZIZ-IKER.mp3?_=1\" \/><a href=\"https:\/\/agora.xtec.cat\/escolajuansalamero\/wp-content\/uploads\/usu2941\/2025\/03\/1.NOTICIA-JUDITH-MALAK-ABDELAZIZ-IKER.mp3\">https:\/\/agora.xtec.cat\/escolajuansalamero\/wp-content\/uploads\/usu2941\/2025\/03\/1.NOTICIA-JUDITH-MALAK-ABDELAZIZ-IKER.mp3<\/a><\/audio>\n<p>&nbsp;<\/p>\n<p>GRUP 2<br \/>\nEn aquest podcast aprendrem moltes coses del patinatge, l\u2019esport que m\u00e9s els agrada a la Suhaila, l\u2019Abigail, l\u2019Amara i la Nayara.<\/p>\n<audio class=\"wp-audio-shortcode\" id=\"audio-1747-2\" preload=\"none\" style=\"width: 100%;\" controls=\"controls\"><source type=\"audio\/mpeg\" src=\"https:\/\/agora.xtec.cat\/escolajuansalamero\/wp-content\/uploads\/usu2941\/2025\/03\/2.ESPORT-SUHAILA-ABI-AMARA-NAYARA.mp3?_=2\" \/><a href=\"https:\/\/agora.xtec.cat\/escolajuansalamero\/wp-content\/uploads\/usu2941\/2025\/03\/2.ESPORT-SUHAILA-ABI-AMARA-NAYARA.mp3\">https:\/\/agora.xtec.cat\/escolajuansalamero\/wp-content\/uploads\/usu2941\/2025\/03\/2.ESPORT-SUHAILA-ABI-AMARA-NAYARA.mp3<\/a><\/audio>\n<p>&nbsp;<\/p>\n<p>GRUP 3<br \/>\nL\u2019H\u00e8ctor, el Jose Maria i el Miguel han creat un concurs sobre l\u2019Univers, el tema del seu \u00faltim projecte de medi.<\/p>\n<audio class=\"wp-audio-shortcode\" id=\"audio-1747-3\" preload=\"none\" style=\"width: 100%;\" controls=\"controls\"><source type=\"audio\/mpeg\" src=\"https:\/\/agora.xtec.cat\/escolajuansalamero\/wp-content\/uploads\/usu2941\/2025\/03\/3.CONCURS-HECTOR-JOSE-M-MIGUEL-C.mp3?_=3\" \/><a href=\"https:\/\/agora.xtec.cat\/escolajuansalamero\/wp-content\/uploads\/usu2941\/2025\/03\/3.CONCURS-HECTOR-JOSE-M-MIGUEL-C.mp3\">https:\/\/agora.xtec.cat\/escolajuansalamero\/wp-content\/uploads\/usu2941\/2025\/03\/3.CONCURS-HECTOR-JOSE-M-MIGUEL-C.mp3<\/a><\/audio>\n<p>&nbsp;<\/p>\n<p>GRUP 4<br \/>\nConeixeu el conte dels tres porquets? El Cristian, l\u2019Elias, la Claudia i el Juan ens l\u2019expliquen.<\/p>\n<audio class=\"wp-audio-shortcode\" id=\"audio-1747-4\" preload=\"none\" style=\"width: 100%;\" controls=\"controls\"><source type=\"audio\/mpeg\" src=\"https:\/\/agora.xtec.cat\/escolajuansalamero\/wp-content\/uploads\/usu2941\/2025\/03\/4.CONTE-CRISTIAN-ELIAS-CLAUDIA-JUAN.mp3?_=4\" \/><a href=\"https:\/\/agora.xtec.cat\/escolajuansalamero\/wp-content\/uploads\/usu2941\/2025\/03\/4.CONTE-CRISTIAN-ELIAS-CLAUDIA-JUAN.mp3\">https:\/\/agora.xtec.cat\/escolajuansalamero\/wp-content\/uploads\/usu2941\/2025\/03\/4.CONTE-CRISTIAN-ELIAS-CLAUDIA-JUAN.mp3<\/a><\/audio>\n<p>&nbsp;<\/p>\n<p>GRUP 5<br \/>\nLa secci\u00f3 del documental tamb\u00e9 tracta de l\u2019Univers. El Manuel, el Miguel i el Frank ens ensenyen diferents curiositats.<\/p>\n<audio class=\"wp-audio-shortcode\" id=\"audio-1747-5\" preload=\"none\" style=\"width: 100%;\" controls=\"controls\"><source type=\"audio\/mpeg\" src=\"https:\/\/agora.xtec.cat\/escolajuansalamero\/wp-content\/uploads\/usu2941\/2025\/03\/DOCUMENTAL-MANUEL-MIGUELM-FRANK.mp3?_=5\" \/><a href=\"https:\/\/agora.xtec.cat\/escolajuansalamero\/wp-content\/uploads\/usu2941\/2025\/03\/DOCUMENTAL-MANUEL-MIGUELM-FRANK.mp3\">https:\/\/agora.xtec.cat\/escolajuansalamero\/wp-content\/uploads\/usu2941\/2025\/03\/DOCUMENTAL-MANUEL-MIGUELM-FRANK.mp3<\/a><\/audio>\n","protected":false},"excerpt":{"rendered":"<p>Ja tenim aqu\u00ed el tercer programa de r\u00e0dio de l\u2019alumnat de Cicle Mitj\u00e0. Esperem que gaudiu molt! GRUP 1 En [&hellip;]<\/p>\n","protected":false},"author":1,"featured_media":0,"comment_status":"open","ping_status":"closed","sticky":false,"template":"","format":"standard","meta":{"_bbp_topic_count":0,"_bbp_reply_count":0,"_bbp_total_topic_count":0,"_bbp_total_reply_count":0,"_bbp_voice_count":0,"_bbp_anonymous_reply_count":0,"_bbp_topic_count_hidden":0,"_bbp_reply_count_hidden":0,"_bbp_forum_subforum_count":0,"site-sidebar-layout":"default","site-content-layout":"","ast-site-content-layout":"default","site-content-style":"default","site-sidebar-style":"default","ast-global-header-display":"","ast-banner-title-visibility":"","ast-main-header-display":"","ast-hfb-above-header-display":"","ast-hfb-below-header-display":"","ast-hfb-mobile-header-display":"","site-post-title":"","ast-breadcrumbs-content":"","ast-featured-img":"","footer-sml-layout":"","theme-transparent-header-meta":"default","adv-header-id-meta":"","stick-header-meta":"","header-above-stick-meta":"","header-main-stick-meta":"","header-below-stick-meta":"","astra-migrate-meta-layouts":"set","ast-page-background-enabled":"default","ast-page-background-meta":{"desktop":{"background-color":"var(--ast-global-color-4)","background-image":"","background-repeat":"repeat","background-position":"center center","background-size":"auto","background-attachment":"scroll","background-type":"","background-media":"","overlay-type":"","overlay-color":"","overlay-opacity":"","overlay-gradient":""},"tablet":{"background-color":"","background-image":"","background-repeat":"repeat","background-position":"center center","background-size":"auto","background-attachment":"scroll","background-type":"","background-media":"","overlay-type":"","overlay-color":"","overlay-opacity":"","overlay-gradient":""},"mobile":{"background-color":"","background-image":"","background-repeat":"repeat","background-position":"center center","background-size":"auto","background-attachment":"scroll","background-type":"","background-media":"","overlay-type":"","overlay-color":"","overlay-opacity":"","overlay-gradient":""}},"ast-content-background-meta":{"desktop":{"background-color":"var(--ast-global-color-5)","background-image":"","background-repeat":"repeat","background-position":"center center","background-size":"auto","background-attachment":"scroll","background-type":"","background-media":"","overlay-type":"","overlay-color":"","overlay-opacity":"","overlay-gradient":""},"tablet":{"background-color":"var(--ast-global-color-5)","background-image":"","background-repeat":"repeat","background-position":"center center","background-size":"auto","background-attachment":"scroll","background-type":"","background-media":"","overlay-type":"","overlay-color":"","overlay-opacity":"","overlay-gradient":""},"mobile":{"background-color":"var(--ast-global-color-5)","background-image":"","background-repeat":"repeat","background-position":"center center","background-size":"auto","background-attachment":"scroll","background-type":"","background-media":"","overlay-type":"","overlay-color":"","overlay-opacity":"","overlay-gradient":""}},"footnotes":""},"categories":[5,114],"tags":[],"class_list":["post-1747","post","type-post","status-publish","format-standard","hentry","category-primaria","category-radio-primaria"],"post_mailing_queue_ids":[],"_links":{"self":[{"href":"https:\/\/agora.xtec.cat\/escolajuansalamero\/wp-json\/wp\/v2\/posts\/1747","targetHints":{"allow":["GET"]}}],"collection":[{"href":"https:\/\/agora.xtec.cat\/escolajuansalamero\/wp-json\/wp\/v2\/posts"}],"about":[{"href":"https:\/\/agora.xtec.cat\/escolajuansalamero\/wp-json\/wp\/v2\/types\/post"}],"author":[{"embeddable":true,"href":"https:\/\/agora.xtec.cat\/escolajuansalamero\/wp-json\/wp\/v2\/users\/1"}],"replies":[{"embeddable":true,"href":"https:\/\/agora.xtec.cat\/escolajuansalamero\/wp-json\/wp\/v2\/comments?post=1747"}],"version-history":[{"count":2,"href":"https:\/\/agora.xtec.cat\/escolajuansalamero\/wp-json\/wp\/v2\/posts\/1747\/revisions"}],"predecessor-version":[{"id":1757,"href":"https:\/\/agora.xtec.cat\/escolajuansalamero\/wp-json\/wp\/v2\/posts\/1747\/revisions\/1757"}],"wp:attachment":[{"href":"https:\/\/agora.xtec.cat\/escolajuansalamero\/wp-json\/wp\/v2\/media?parent=1747"}],"wp:term":[{"taxonomy":"category","embeddable":true,"href":"https:\/\/agora.xtec.cat\/escolajuansalamero\/wp-json\/wp\/v2\/categories?post=1747"},{"taxonomy":"post_tag","embeddable":true,"href":"https:\/\/agora.xtec.cat\/escolajuansalamero\/wp-json\/wp\/v2\/tags?post=1747"}],"curies":[{"name":"wp","href":"https:\/\/api.w.org\/{rel}","templated":true}]}}