{"id":1678,"date":"2025-03-04T09:29:04","date_gmt":"2025-03-04T08:29:04","guid":{"rendered":"https:\/\/agora.xtec.cat\/escolajuansalamero\/?p=1678"},"modified":"2025-03-04T12:11:12","modified_gmt":"2025-03-04T11:11:12","slug":"un-carnaval-molt-especial","status":"publish","type":"post","link":"https:\/\/agora.xtec.cat\/escolajuansalamero\/general\/un-carnaval-molt-especial\/","title":{"rendered":"Un Carnaval molt especial"},"content":{"rendered":"\r\n<div>Aquest curs hem celebrat un Carnaval molt especial.\u00a0<\/div>\r\n<div>\u00a0<\/div>\r\n<div>En poc m\u00e9s de dos mesos, l&#8217;escola far\u00e0 50 anys. Per aix\u00f2, la tem\u00e0tica que hem escollit \u00e9s la que veieu a les fotografies: llapis de colors, barres d&#8217;enganxar, tisores, llibretes&#8230; i fins i tot calculadores!<\/div>\r\n<div>\u00a0<\/div>\r\n<div><a href=\"https:\/\/agora.xtec.cat\/escolajuansalamero\/wp-content\/uploads\/usu2941\/2025\/02\/IMG_5934.jpeg\"><img loading=\"lazy\" decoding=\"async\" class=\"alignnone  wp-image-1690\" src=\"https:\/\/agora.xtec.cat\/escolajuansalamero\/wp-content\/uploads\/usu2941\/2025\/02\/IMG_5934.jpeg\" alt=\"\" width=\"185\" height=\"247\" srcset=\"https:\/\/agora.xtec.cat\/escolajuansalamero\/wp-content\/uploads\/usu2941\/2025\/02\/IMG_5934.jpeg 1536w, https:\/\/agora.xtec.cat\/escolajuansalamero\/wp-content\/uploads\/usu2941\/2025\/02\/IMG_5934-225x300.jpeg 225w, https:\/\/agora.xtec.cat\/escolajuansalamero\/wp-content\/uploads\/usu2941\/2025\/02\/IMG_5934-768x1024.jpeg 768w, https:\/\/agora.xtec.cat\/escolajuansalamero\/wp-content\/uploads\/usu2941\/2025\/02\/IMG_5934-1152x1536.jpeg 1152w\" sizes=\"auto, (max-width: 185px) 100vw, 185px\" \/><\/a><a href=\"https:\/\/agora.xtec.cat\/escolajuansalamero\/wp-content\/uploads\/usu2941\/2025\/02\/IMG_5951.jpeg\"><img loading=\"lazy\" decoding=\"async\" class=\"alignnone  wp-image-1692\" src=\"https:\/\/agora.xtec.cat\/escolajuansalamero\/wp-content\/uploads\/usu2941\/2025\/02\/IMG_5951.jpeg\" alt=\"\" width=\"184\" height=\"245\" srcset=\"https:\/\/agora.xtec.cat\/escolajuansalamero\/wp-content\/uploads\/usu2941\/2025\/02\/IMG_5951.jpeg 1536w, https:\/\/agora.xtec.cat\/escolajuansalamero\/wp-content\/uploads\/usu2941\/2025\/02\/IMG_5951-225x300.jpeg 225w, https:\/\/agora.xtec.cat\/escolajuansalamero\/wp-content\/uploads\/usu2941\/2025\/02\/IMG_5951-768x1024.jpeg 768w, https:\/\/agora.xtec.cat\/escolajuansalamero\/wp-content\/uploads\/usu2941\/2025\/02\/IMG_5951-1152x1536.jpeg 1152w\" sizes=\"auto, (max-width: 184px) 100vw, 184px\" \/><\/a><a href=\"https:\/\/agora.xtec.cat\/escolajuansalamero\/wp-content\/uploads\/usu2941\/2025\/02\/IMG_5952.jpeg\"><img loading=\"lazy\" decoding=\"async\" class=\"alignnone  wp-image-1693\" src=\"https:\/\/agora.xtec.cat\/escolajuansalamero\/wp-content\/uploads\/usu2941\/2025\/02\/IMG_5952.jpeg\" alt=\"\" width=\"184\" height=\"245\" srcset=\"https:\/\/agora.xtec.cat\/escolajuansalamero\/wp-content\/uploads\/usu2941\/2025\/02\/IMG_5952.jpeg 1536w, https:\/\/agora.xtec.cat\/escolajuansalamero\/wp-content\/uploads\/usu2941\/2025\/02\/IMG_5952-225x300.jpeg 225w, https:\/\/agora.xtec.cat\/escolajuansalamero\/wp-content\/uploads\/usu2941\/2025\/02\/IMG_5952-768x1024.jpeg 768w, https:\/\/agora.xtec.cat\/escolajuansalamero\/wp-content\/uploads\/usu2941\/2025\/02\/IMG_5952-1152x1536.jpeg 1152w\" sizes=\"auto, (max-width: 184px) 100vw, 184px\" \/><\/a><a href=\"https:\/\/agora.xtec.cat\/escolajuansalamero\/wp-content\/uploads\/usu2941\/2025\/02\/IMG_5954.jpeg\"><img loading=\"lazy\" decoding=\"async\" class=\"alignnone  wp-image-1694\" src=\"https:\/\/agora.xtec.cat\/escolajuansalamero\/wp-content\/uploads\/usu2941\/2025\/02\/IMG_5954.jpeg\" alt=\"\" width=\"182\" height=\"243\" srcset=\"https:\/\/agora.xtec.cat\/escolajuansalamero\/wp-content\/uploads\/usu2941\/2025\/02\/IMG_5954.jpeg 1536w, https:\/\/agora.xtec.cat\/escolajuansalamero\/wp-content\/uploads\/usu2941\/2025\/02\/IMG_5954-225x300.jpeg 225w, https:\/\/agora.xtec.cat\/escolajuansalamero\/wp-content\/uploads\/usu2941\/2025\/02\/IMG_5954-768x1024.jpeg 768w, https:\/\/agora.xtec.cat\/escolajuansalamero\/wp-content\/uploads\/usu2941\/2025\/02\/IMG_5954-1152x1536.jpeg 1152w\" sizes=\"auto, (max-width: 182px) 100vw, 182px\" \/><\/a><\/div>\r\n<div>\u00a0<\/div>\r\n<div>La Rua va ser tot un \u00e8xit, ja que es van sumar familiars del nostre alumnat i tamb\u00e9 ciutadans i ciutadanes de Gav\u00e0. Per cert, va ser una Rua conjunta amb els nostres amics de l&#8217;Escola Maria Felip!<\/div>\r\n<div>\u00a0<\/div>\r\n<div>Tampoc ens volem oblidar de l&#8217;AFA del nostre centre per la seva col\u00b7laboraci\u00f3 i participaci\u00f3 en la desfilada. Qu\u00e8 us semblen les nostres disfresses? Us agraden?<\/div>\r\n<div>\u00a0<\/div>\r\n<div>Visca el Rei Carnestoltes! Visca el Salamero!<\/div>\r\n","protected":false},"excerpt":{"rendered":"<p>Aquest curs hem celebrat un Carnaval molt especial.\u00a0 \u00a0 En poc m\u00e9s de dos mesos, l&#8217;escola far\u00e0 50 anys. Per [&hellip;]<\/p>\n","protected":false},"author":1,"featured_media":1689,"comment_status":"open","ping_status":"closed","sticky":false,"template":"","format":"standard","meta":{"_bbp_topic_count":0,"_bbp_reply_count":0,"_bbp_total_topic_count":0,"_bbp_total_reply_count":0,"_bbp_voice_count":0,"_bbp_anonymous_reply_count":0,"_bbp_topic_count_hidden":0,"_bbp_reply_count_hidden":0,"_bbp_forum_subforum_count":0,"site-sidebar-layout":"default","site-content-layout":"","ast-site-content-layout":"","site-content-style":"default","site-sidebar-style":"default","ast-global-header-display":"","ast-banner-title-visibility":"","ast-main-header-display":"","ast-hfb-above-header-display":"","ast-hfb-below-header-display":"","ast-hfb-mobile-header-display":"","site-post-title":"","ast-breadcrumbs-content":"","ast-featured-img":"","footer-sml-layout":"","theme-transparent-header-meta":"","adv-header-id-meta":"","stick-header-meta":"","header-above-stick-meta":"","header-main-stick-meta":"","header-below-stick-meta":"","astra-migrate-meta-layouts":"default","ast-page-background-enabled":"default","ast-page-background-meta":{"desktop":{"background-color":"var(--ast-global-color-4)","background-image":"","background-repeat":"repeat","background-position":"center center","background-size":"auto","background-attachment":"scroll","background-type":"","background-media":"","overlay-type":"","overlay-color":"","overlay-opacity":"","overlay-gradient":""},"tablet":{"background-color":"","background-image":"","background-repeat":"repeat","background-position":"center center","background-size":"auto","background-attachment":"scroll","background-type":"","background-media":"","overlay-type":"","overlay-color":"","overlay-opacity":"","overlay-gradient":""},"mobile":{"background-color":"","background-image":"","background-repeat":"repeat","background-position":"center center","background-size":"auto","background-attachment":"scroll","background-type":"","background-media":"","overlay-type":"","overlay-color":"","overlay-opacity":"","overlay-gradient":""}},"ast-content-background-meta":{"desktop":{"background-color":"var(--ast-global-color-5)","background-image":"","background-repeat":"repeat","background-position":"center center","background-size":"auto","background-attachment":"scroll","background-type":"","background-media":"","overlay-type":"","overlay-color":"","overlay-opacity":"","overlay-gradient":""},"tablet":{"background-color":"var(--ast-global-color-5)","background-image":"","background-repeat":"repeat","background-position":"center center","background-size":"auto","background-attachment":"scroll","background-type":"","background-media":"","overlay-type":"","overlay-color":"","overlay-opacity":"","overlay-gradient":""},"mobile":{"background-color":"var(--ast-global-color-5)","background-image":"","background-repeat":"repeat","background-position":"center center","background-size":"auto","background-attachment":"scroll","background-type":"","background-media":"","overlay-type":"","overlay-color":"","overlay-opacity":"","overlay-gradient":""}},"footnotes":""},"categories":[1,4],"tags":[],"class_list":["post-1678","post","type-post","status-publish","format-standard","has-post-thumbnail","hentry","category-general","category-portada"],"post_mailing_queue_ids":[],"_links":{"self":[{"href":"https:\/\/agora.xtec.cat\/escolajuansalamero\/wp-json\/wp\/v2\/posts\/1678","targetHints":{"allow":["GET"]}}],"collection":[{"href":"https:\/\/agora.xtec.cat\/escolajuansalamero\/wp-json\/wp\/v2\/posts"}],"about":[{"href":"https:\/\/agora.xtec.cat\/escolajuansalamero\/wp-json\/wp\/v2\/types\/post"}],"author":[{"embeddable":true,"href":"https:\/\/agora.xtec.cat\/escolajuansalamero\/wp-json\/wp\/v2\/users\/1"}],"replies":[{"embeddable":true,"href":"https:\/\/agora.xtec.cat\/escolajuansalamero\/wp-json\/wp\/v2\/comments?post=1678"}],"version-history":[{"count":3,"href":"https:\/\/agora.xtec.cat\/escolajuansalamero\/wp-json\/wp\/v2\/posts\/1678\/revisions"}],"predecessor-version":[{"id":1698,"href":"https:\/\/agora.xtec.cat\/escolajuansalamero\/wp-json\/wp\/v2\/posts\/1678\/revisions\/1698"}],"wp:featuredmedia":[{"embeddable":true,"href":"https:\/\/agora.xtec.cat\/escolajuansalamero\/wp-json\/wp\/v2\/media\/1689"}],"wp:attachment":[{"href":"https:\/\/agora.xtec.cat\/escolajuansalamero\/wp-json\/wp\/v2\/media?parent=1678"}],"wp:term":[{"taxonomy":"category","embeddable":true,"href":"https:\/\/agora.xtec.cat\/escolajuansalamero\/wp-json\/wp\/v2\/categories?post=1678"},{"taxonomy":"post_tag","embeddable":true,"href":"https:\/\/agora.xtec.cat\/escolajuansalamero\/wp-json\/wp\/v2\/tags?post=1678"}],"curies":[{"name":"wp","href":"https:\/\/api.w.org\/{rel}","templated":true}]}}