{"id":1603,"date":"2025-01-21T12:08:23","date_gmt":"2025-01-21T11:08:23","guid":{"rendered":"https:\/\/agora.xtec.cat\/escolajuansalamero\/?p=1603"},"modified":"2025-10-14T10:17:27","modified_gmt":"2025-10-14T08:17:27","slug":"segon-programa-del-nostre-podcast","status":"publish","type":"post","link":"https:\/\/agora.xtec.cat\/escolajuansalamero\/primaria\/segon-programa-del-nostre-podcast\/","title":{"rendered":"Segon programa del nostre p\u00f2dcast!"},"content":{"rendered":"<p>Us deixem el segon programa del nostre p\u00f2dcast on trobareu not\u00edcies, un documental, un conte&#8230; i fins i tot un concurs!<\/p>\n<p>GRUP 1<\/p>\n<p>El grup de l\u2019Iker, l\u2019Abigail i l\u2019Abdelaziz han elaborat un documental on parlen des animals. A continuaci\u00f3 podeu sentir el seu podcast.<\/p>\n<!--[if lt IE 9]><script>document.createElement('audio');<\/script><![endif]-->\n<audio class=\"wp-audio-shortcode\" id=\"audio-1603-1\" preload=\"none\" style=\"width: 100%;\" controls=\"controls\"><source type=\"audio\/mpeg\" src=\"https:\/\/agora.xtec.cat\/escolajuansalamero\/wp-content\/uploads\/usu2941\/2025\/01\/GRUP-1-IKER-ABIGAIL-ABDELAZIZ.mp3?_=1\" \/><a href=\"https:\/\/agora.xtec.cat\/escolajuansalamero\/wp-content\/uploads\/usu2941\/2025\/01\/GRUP-1-IKER-ABIGAIL-ABDELAZIZ.mp3\">https:\/\/agora.xtec.cat\/escolajuansalamero\/wp-content\/uploads\/usu2941\/2025\/01\/GRUP-1-IKER-ABIGAIL-ABDELAZIZ.mp3<\/a><\/audio>\n<p>&nbsp;<\/p>\n<p>GRUP 2<\/p>\n<p>En aquesta secci\u00f3 escoltareu un podcast un telenot\u00edcies sobre el fenomen de la Dana. Us presentem al grup del Juan, el Cristian i l\u2019Elias.<\/p>\n<audio class=\"wp-audio-shortcode\" id=\"audio-1603-2\" preload=\"none\" style=\"width: 100%;\" controls=\"controls\"><source type=\"audio\/mpeg\" src=\"https:\/\/agora.xtec.cat\/escolajuansalamero\/wp-content\/uploads\/usu2941\/2025\/01\/GRUP-2-JUAN-CRISTIAN-ELIAS-2.mp3?_=2\" \/><a href=\"https:\/\/agora.xtec.cat\/escolajuansalamero\/wp-content\/uploads\/usu2941\/2025\/01\/GRUP-2-JUAN-CRISTIAN-ELIAS-2.mp3\">https:\/\/agora.xtec.cat\/escolajuansalamero\/wp-content\/uploads\/usu2941\/2025\/01\/GRUP-2-JUAN-CRISTIAN-ELIAS-2.mp3<\/a><\/audio>\n<p>&nbsp;<\/p>\n<p>GRUP 3<\/p>\n<p>El grup de la Malak, la Judith i la Suhaila ens presenten una hist\u00f2ria inventada. \u00c9s un conte m\u00e0gic sobre princeses.<\/p>\n<audio class=\"wp-audio-shortcode\" id=\"audio-1603-3\" preload=\"none\" style=\"width: 100%;\" controls=\"controls\"><source type=\"audio\/mpeg\" src=\"https:\/\/agora.xtec.cat\/escolajuansalamero\/wp-content\/uploads\/usu2941\/2025\/01\/GRUP-3-MALAK.-JUDITH-SUHAILA.mp3?_=3\" \/><a href=\"https:\/\/agora.xtec.cat\/escolajuansalamero\/wp-content\/uploads\/usu2941\/2025\/01\/GRUP-3-MALAK.-JUDITH-SUHAILA.mp3\">https:\/\/agora.xtec.cat\/escolajuansalamero\/wp-content\/uploads\/usu2941\/2025\/01\/GRUP-3-MALAK.-JUDITH-SUHAILA.mp3<\/a><\/audio>\n<p>&nbsp;<\/p>\n<p>GRUP 4<\/p>\n<p>L\u2019Alba, el Manuel, la Loles i la Camelia han elaborat un podcast de la secci\u00f3 el concurs. A continuaci\u00f3 podreu sentir les preguntes i respostes sobre animals.<\/p>\n<audio class=\"wp-audio-shortcode\" id=\"audio-1603-4\" preload=\"none\" style=\"width: 100%;\" controls=\"controls\"><source type=\"audio\/mpeg\" src=\"https:\/\/agora.xtec.cat\/escolajuansalamero\/wp-content\/uploads\/usu2941\/2025\/01\/GRUP-3-MALAK.-JUDITH-SUHAILA.mp3?_=4\" \/><a href=\"https:\/\/agora.xtec.cat\/escolajuansalamero\/wp-content\/uploads\/usu2941\/2025\/01\/GRUP-3-MALAK.-JUDITH-SUHAILA.mp3\">https:\/\/agora.xtec.cat\/escolajuansalamero\/wp-content\/uploads\/usu2941\/2025\/01\/GRUP-3-MALAK.-JUDITH-SUHAILA.mp3<\/a><\/audio>\n<p>&nbsp;<\/p>\n<p>GRUP 5<\/p>\n<p><a name=\"_GoBack\"><\/a>La Sara, el Frank i el Miguel ens presenten un programa sobre Lamine Yamal. Aqu\u00ed podreu sentir el seu podcast.<\/p>\n<audio class=\"wp-audio-shortcode\" id=\"audio-1603-5\" preload=\"none\" style=\"width: 100%;\" controls=\"controls\"><source type=\"audio\/mpeg\" src=\"https:\/\/agora.xtec.cat\/escolajuansalamero\/wp-content\/uploads\/usu2941\/2025\/01\/GRUP-5-SARA-MIGUEL-FRANK.mp3?_=5\" \/><a href=\"https:\/\/agora.xtec.cat\/escolajuansalamero\/wp-content\/uploads\/usu2941\/2025\/01\/GRUP-5-SARA-MIGUEL-FRANK.mp3\">https:\/\/agora.xtec.cat\/escolajuansalamero\/wp-content\/uploads\/usu2941\/2025\/01\/GRUP-5-SARA-MIGUEL-FRANK.mp3<\/a><\/audio>\n","protected":false},"excerpt":{"rendered":"<p>Us deixem el segon programa del nostre p\u00f2dcast on trobareu not\u00edcies, un documental, un conte&#8230; i fins i tot un [&hellip;]<\/p>\n","protected":false},"author":1,"featured_media":0,"comment_status":"open","ping_status":"closed","sticky":false,"template":"","format":"standard","meta":{"_bbp_topic_count":0,"_bbp_reply_count":0,"_bbp_total_topic_count":0,"_bbp_total_reply_count":0,"_bbp_voice_count":0,"_bbp_anonymous_reply_count":0,"_bbp_topic_count_hidden":0,"_bbp_reply_count_hidden":0,"_bbp_forum_subforum_count":0,"site-sidebar-layout":"default","site-content-layout":"","ast-site-content-layout":"default","site-content-style":"default","site-sidebar-style":"default","ast-global-header-display":"","ast-banner-title-visibility":"","ast-main-header-display":"","ast-hfb-above-header-display":"","ast-hfb-below-header-display":"","ast-hfb-mobile-header-display":"","site-post-title":"","ast-breadcrumbs-content":"","ast-featured-img":"","footer-sml-layout":"","theme-transparent-header-meta":"default","adv-header-id-meta":"","stick-header-meta":"","header-above-stick-meta":"","header-main-stick-meta":"","header-below-stick-meta":"","astra-migrate-meta-layouts":"set","ast-page-background-enabled":"default","ast-page-background-meta":{"desktop":{"background-color":"var(--ast-global-color-4)","background-image":"","background-repeat":"repeat","background-position":"center center","background-size":"auto","background-attachment":"scroll","background-type":"","background-media":"","overlay-type":"","overlay-color":"","overlay-opacity":"","overlay-gradient":""},"tablet":{"background-color":"","background-image":"","background-repeat":"repeat","background-position":"center center","background-size":"auto","background-attachment":"scroll","background-type":"","background-media":"","overlay-type":"","overlay-color":"","overlay-opacity":"","overlay-gradient":""},"mobile":{"background-color":"","background-image":"","background-repeat":"repeat","background-position":"center center","background-size":"auto","background-attachment":"scroll","background-type":"","background-media":"","overlay-type":"","overlay-color":"","overlay-opacity":"","overlay-gradient":""}},"ast-content-background-meta":{"desktop":{"background-color":"var(--ast-global-color-5)","background-image":"","background-repeat":"repeat","background-position":"center center","background-size":"auto","background-attachment":"scroll","background-type":"","background-media":"","overlay-type":"","overlay-color":"","overlay-opacity":"","overlay-gradient":""},"tablet":{"background-color":"var(--ast-global-color-5)","background-image":"","background-repeat":"repeat","background-position":"center center","background-size":"auto","background-attachment":"scroll","background-type":"","background-media":"","overlay-type":"","overlay-color":"","overlay-opacity":"","overlay-gradient":""},"mobile":{"background-color":"var(--ast-global-color-5)","background-image":"","background-repeat":"repeat","background-position":"center center","background-size":"auto","background-attachment":"scroll","background-type":"","background-media":"","overlay-type":"","overlay-color":"","overlay-opacity":"","overlay-gradient":""}},"footnotes":""},"categories":[5,114],"tags":[],"class_list":["post-1603","post","type-post","status-publish","format-standard","hentry","category-primaria","category-radio-primaria"],"post_mailing_queue_ids":[],"_links":{"self":[{"href":"https:\/\/agora.xtec.cat\/escolajuansalamero\/wp-json\/wp\/v2\/posts\/1603","targetHints":{"allow":["GET"]}}],"collection":[{"href":"https:\/\/agora.xtec.cat\/escolajuansalamero\/wp-json\/wp\/v2\/posts"}],"about":[{"href":"https:\/\/agora.xtec.cat\/escolajuansalamero\/wp-json\/wp\/v2\/types\/post"}],"author":[{"embeddable":true,"href":"https:\/\/agora.xtec.cat\/escolajuansalamero\/wp-json\/wp\/v2\/users\/1"}],"replies":[{"embeddable":true,"href":"https:\/\/agora.xtec.cat\/escolajuansalamero\/wp-json\/wp\/v2\/comments?post=1603"}],"version-history":[{"count":2,"href":"https:\/\/agora.xtec.cat\/escolajuansalamero\/wp-json\/wp\/v2\/posts\/1603\/revisions"}],"predecessor-version":[{"id":1619,"href":"https:\/\/agora.xtec.cat\/escolajuansalamero\/wp-json\/wp\/v2\/posts\/1603\/revisions\/1619"}],"wp:attachment":[{"href":"https:\/\/agora.xtec.cat\/escolajuansalamero\/wp-json\/wp\/v2\/media?parent=1603"}],"wp:term":[{"taxonomy":"category","embeddable":true,"href":"https:\/\/agora.xtec.cat\/escolajuansalamero\/wp-json\/wp\/v2\/categories?post=1603"},{"taxonomy":"post_tag","embeddable":true,"href":"https:\/\/agora.xtec.cat\/escolajuansalamero\/wp-json\/wp\/v2\/tags?post=1603"}],"curies":[{"name":"wp","href":"https:\/\/api.w.org\/{rel}","templated":true}]}}