{"id":1357,"date":"2024-05-30T23:08:46","date_gmt":"2024-05-30T21:08:46","guid":{"rendered":"https:\/\/agora.xtec.cat\/escolajuansalamero\/?p=1357"},"modified":"2024-05-30T23:10:19","modified_gmt":"2024-05-30T21:10:19","slug":"acte-de-cloenda-del-projecte-cueme","status":"publish","type":"post","link":"https:\/\/agora.xtec.cat\/escolajuansalamero\/general\/acte-de-cloenda-del-projecte-cueme\/","title":{"rendered":"Acte de cloenda del Projecte CUEME"},"content":{"rendered":"<p>Aquest mat\u00ed <strong><a href=\"https:\/\/www.gavatv.cat\/punt-i-final-del-projecte-cueme-denguany\/\">hem visitat la Sala de Plens de l&#8217;Ajuntament de Gav\u00e0<\/a><\/strong> per posar el punt i final a la Cooperativa que ha creat l&#8217;alumnat de Cicle Superior. Ha estat en l&#8217;acte de cloenda on, a m\u00e9s de la nosta escola i de F.A.G.A. (assocaci\u00f3 a la qual hem donat part dels beneficis) ha estat present una representaci\u00f3 de l&#8217;ajuntament, amb l&#8217;alcaldessa Gemma Badia al capdavant.<\/p>\n<p>Ha estat un acte emotiu, d&#8217;agra\u00efment i tamb\u00e9 de celebraci\u00f3 per la feina ben feta. El projecte, que encaixa perfectament amb la nostra filosofia de treball, ha estat un \u00e8xit i l&#8217;\u00fanic que podem fer \u00e9s donar les gr\u00e0cies a totes les persones que ens han ajudat.<\/p>\n<p><a href=\"https:\/\/agora.xtec.cat\/escolajuansalamero\/wp-content\/uploads\/usu2941\/2024\/05\/66e52987-a736-453c-88bf-c49ca7a14874.jpeg\"><img loading=\"lazy\" decoding=\"async\" class=\"aligncenter wp-image-1360 \" src=\"https:\/\/agora.xtec.cat\/escolajuansalamero\/wp-content\/uploads\/usu2941\/2024\/05\/66e52987-a736-453c-88bf-c49ca7a14874.jpeg\" alt=\"\" width=\"509\" height=\"286\" srcset=\"https:\/\/agora.xtec.cat\/escolajuansalamero\/wp-content\/uploads\/usu2941\/2024\/05\/66e52987-a736-453c-88bf-c49ca7a14874.jpeg 1600w, https:\/\/agora.xtec.cat\/escolajuansalamero\/wp-content\/uploads\/usu2941\/2024\/05\/66e52987-a736-453c-88bf-c49ca7a14874-300x169.jpeg 300w, https:\/\/agora.xtec.cat\/escolajuansalamero\/wp-content\/uploads\/usu2941\/2024\/05\/66e52987-a736-453c-88bf-c49ca7a14874-1024x576.jpeg 1024w, https:\/\/agora.xtec.cat\/escolajuansalamero\/wp-content\/uploads\/usu2941\/2024\/05\/66e52987-a736-453c-88bf-c49ca7a14874-768x432.jpeg 768w, https:\/\/agora.xtec.cat\/escolajuansalamero\/wp-content\/uploads\/usu2941\/2024\/05\/66e52987-a736-453c-88bf-c49ca7a14874-1536x864.jpeg 1536w\" sizes=\"auto, (max-width: 509px) 100vw, 509px\" \/><\/a><\/p>\n<p>Gr\u00e0cies al nostre alumnat, fam\u00edlies i professorat per la implicaci\u00f3 des del primer dia. Gr\u00e0cies a F.A.G.A. pel vincle creat\u00a0 des del dia que els vam comunicar que era l&#8217;associaci\u00f3 que hav\u00edem escollit. Gr\u00e0cies a l&#8217;ajuntament per donar import\u00e0ncia al projecte i per fer sentir el nostre alumnat com empresaris de veritat. En especial a l&#8217;Elena i l&#8217;Elisa, que ens han acompanyat des del primer dia. I gr\u00e0cies tamb\u00e9 a tots els ciutadans i a totes les ciutadanes de Gav\u00e0 i rodalies que es van passar per la nostra parada i van comprar quelcom.<\/p>\n<p>En definitiva, GR\u00c0CIES!!!<\/p>\n","protected":false},"excerpt":{"rendered":"<p>Aquest mat\u00ed hem visitat la Sala de Plens de l&#8217;Ajuntament de Gav\u00e0 per posar el punt i final a la [&hellip;]<\/p>\n","protected":false},"author":1,"featured_media":1358,"comment_status":"open","ping_status":"closed","sticky":false,"template":"","format":"standard","meta":{"_bbp_topic_count":0,"_bbp_reply_count":0,"_bbp_total_topic_count":0,"_bbp_total_reply_count":0,"_bbp_voice_count":0,"_bbp_anonymous_reply_count":0,"_bbp_topic_count_hidden":0,"_bbp_reply_count_hidden":0,"_bbp_forum_subforum_count":0,"site-sidebar-layout":"default","site-content-layout":"","ast-site-content-layout":"","site-content-style":"default","site-sidebar-style":"default","ast-global-header-display":"","ast-banner-title-visibility":"","ast-main-header-display":"","ast-hfb-above-header-display":"","ast-hfb-below-header-display":"","ast-hfb-mobile-header-display":"","site-post-title":"","ast-breadcrumbs-content":"","ast-featured-img":"","footer-sml-layout":"","theme-transparent-header-meta":"","adv-header-id-meta":"","stick-header-meta":"","header-above-stick-meta":"","header-main-stick-meta":"","header-below-stick-meta":"","astra-migrate-meta-layouts":"default","ast-page-background-enabled":"default","ast-page-background-meta":{"desktop":{"background-color":"var(--ast-global-color-4)","background-image":"","background-repeat":"repeat","background-position":"center center","background-size":"auto","background-attachment":"scroll","background-type":"","background-media":"","overlay-type":"","overlay-color":"","overlay-opacity":"","overlay-gradient":""},"tablet":{"background-color":"","background-image":"","background-repeat":"repeat","background-position":"center center","background-size":"auto","background-attachment":"scroll","background-type":"","background-media":"","overlay-type":"","overlay-color":"","overlay-opacity":"","overlay-gradient":""},"mobile":{"background-color":"","background-image":"","background-repeat":"repeat","background-position":"center center","background-size":"auto","background-attachment":"scroll","background-type":"","background-media":"","overlay-type":"","overlay-color":"","overlay-opacity":"","overlay-gradient":""}},"ast-content-background-meta":{"desktop":{"background-color":"var(--ast-global-color-5)","background-image":"","background-repeat":"repeat","background-position":"center center","background-size":"auto","background-attachment":"scroll","background-type":"","background-media":"","overlay-type":"","overlay-color":"","overlay-opacity":"","overlay-gradient":""},"tablet":{"background-color":"var(--ast-global-color-5)","background-image":"","background-repeat":"repeat","background-position":"center center","background-size":"auto","background-attachment":"scroll","background-type":"","background-media":"","overlay-type":"","overlay-color":"","overlay-opacity":"","overlay-gradient":""},"mobile":{"background-color":"var(--ast-global-color-5)","background-image":"","background-repeat":"repeat","background-position":"center center","background-size":"auto","background-attachment":"scroll","background-type":"","background-media":"","overlay-type":"","overlay-color":"","overlay-opacity":"","overlay-gradient":""}},"footnotes":""},"categories":[1,4],"tags":[88,85,87,89],"class_list":["post-1357","post","type-post","status-publish","format-standard","has-post-thumbnail","hentry","category-general","category-portada","tag-ajuntament-de-gava","tag-faga","tag-projecte-cueme","tag-salamero"],"post_mailing_queue_ids":[],"_links":{"self":[{"href":"https:\/\/agora.xtec.cat\/escolajuansalamero\/wp-json\/wp\/v2\/posts\/1357","targetHints":{"allow":["GET"]}}],"collection":[{"href":"https:\/\/agora.xtec.cat\/escolajuansalamero\/wp-json\/wp\/v2\/posts"}],"about":[{"href":"https:\/\/agora.xtec.cat\/escolajuansalamero\/wp-json\/wp\/v2\/types\/post"}],"author":[{"embeddable":true,"href":"https:\/\/agora.xtec.cat\/escolajuansalamero\/wp-json\/wp\/v2\/users\/1"}],"replies":[{"embeddable":true,"href":"https:\/\/agora.xtec.cat\/escolajuansalamero\/wp-json\/wp\/v2\/comments?post=1357"}],"version-history":[{"count":3,"href":"https:\/\/agora.xtec.cat\/escolajuansalamero\/wp-json\/wp\/v2\/posts\/1357\/revisions"}],"predecessor-version":[{"id":1363,"href":"https:\/\/agora.xtec.cat\/escolajuansalamero\/wp-json\/wp\/v2\/posts\/1357\/revisions\/1363"}],"wp:featuredmedia":[{"embeddable":true,"href":"https:\/\/agora.xtec.cat\/escolajuansalamero\/wp-json\/wp\/v2\/media\/1358"}],"wp:attachment":[{"href":"https:\/\/agora.xtec.cat\/escolajuansalamero\/wp-json\/wp\/v2\/media?parent=1357"}],"wp:term":[{"taxonomy":"category","embeddable":true,"href":"https:\/\/agora.xtec.cat\/escolajuansalamero\/wp-json\/wp\/v2\/categories?post=1357"},{"taxonomy":"post_tag","embeddable":true,"href":"https:\/\/agora.xtec.cat\/escolajuansalamero\/wp-json\/wp\/v2\/tags?post=1357"}],"curies":[{"name":"wp","href":"https:\/\/api.w.org\/{rel}","templated":true}]}}