{"id":1346,"date":"2024-05-03T22:08:27","date_gmt":"2024-05-03T20:08:27","guid":{"rendered":"https:\/\/agora.xtec.cat\/escolajuansalamero\/?p=1346"},"modified":"2024-05-03T22:08:27","modified_gmt":"2024-05-03T20:08:27","slug":"fira-dels-esparrecs","status":"publish","type":"post","link":"https:\/\/agora.xtec.cat\/escolajuansalamero\/general\/fira-dels-esparrecs\/","title":{"rendered":"Fira dels Esp\u00e0rrecs"},"content":{"rendered":"<p>Un 22 de maig de 1932, l\u2019Esp\u00e0rrec de Gav\u00e0 llu\u00efa per primera vegada exposat al p\u00fablic oficialment en una exposici\u00f3 de la localitat, tothom va comen\u00e7ar a apreciar aquell producte aut\u00f2cton de Gav\u00e0, amb un sabor i textura \u00fanics.<\/p>\n<p>Van passar els anys i aquest esdeveniment va prosperar fins a convertir-se en el principal senyal d\u2019identitat gavanenc, amb l\u2019esp\u00e0rrec com a protagonista.<\/p>\n<p>Per aix\u00f2, amb l\u2019objectiu de seguir sentint aquesta uni\u00f3 i implicaci\u00f3, celebrem\u00a0Temps d\u2019Esp\u00e0rrecs, una festa que es prolongar\u00e0 del 25 d\u2019abril al 5 de maig i que fa que es retrobin petits i grans, fam\u00edlies i amics, on la ciutat mostra amb orgull el seu potencial art\u00edstic, on es ven, es menja, se celebra, es participa i, sobretot, es viu amb intensitat l\u2019esp\u00e0rrec blanc de Gav\u00e0.<\/p>\n<p>I, com no, emmarcada al Temps d\u2019Esp\u00e0rrecs tamb\u00e9 celebrarem la tradicional Fira d\u2019Esp\u00e0rrecs el cap de setmana del 4 i 5 de maig, tot i que divendres 3 de maig a les 17 h. obriran les portes les\u00a0Mostres comercial, artesanal, automoci\u00f3 i el GastroGav\u00e0. El recinte firal estar\u00e0 ubicat en l\u2019entorn de la pla\u00e7a Jaume Balmes, el carrer Sant Pere, l\u2019avinguda Diagonal, al carrer Mart\u00ed l\u2019Hum\u00e0, i el pavell\u00f3 i l\u2019escola Jacme March.<\/p>\n<p>\u00c9s per aquest motiu que aquest any participarem a la Fira dels Esp\u00e0rrecs de Gav\u00e0, amb una panera de llavors dels nostres gegantons: L&#8217;Aeli i el Tiziano.<\/p>\n<p><a href=\"https:\/\/agora.xtec.cat\/escolajuansalamero\/wp-content\/uploads\/usu2941\/2024\/05\/e7d19898-9319-4e51-813a-f2faf20fd2c9.jpeg\"><img loading=\"lazy\" decoding=\"async\" class=\"size-thumbnail wp-image-1347 aligncenter\" src=\"https:\/\/agora.xtec.cat\/escolajuansalamero\/wp-content\/uploads\/usu2941\/2024\/05\/e7d19898-9319-4e51-813a-f2faf20fd2c9-150x150.jpeg\" alt=\"\" width=\"150\" height=\"150\" \/><\/a><\/p>\n<p>Estaran exposats tot el cap de setmana al pavell\u00f3 Jacme March. No t&#8217;ho perdis!<\/p>\n<p>Si voleu m\u00e9s informaci\u00f3, la podeu trobar fent <strong><a href=\"https:\/\/firaesparrecs.cat\/\">clic aqu\u00ed<\/a><\/strong>.<\/p>\n","protected":false},"excerpt":{"rendered":"<p>Un 22 de maig de 1932, l\u2019Esp\u00e0rrec de Gav\u00e0 llu\u00efa per primera vegada exposat al p\u00fablic oficialment en una exposici\u00f3 [&hellip;]<\/p>\n","protected":false},"author":1,"featured_media":1348,"comment_status":"open","ping_status":"closed","sticky":false,"template":"","format":"standard","meta":{"_bbp_topic_count":0,"_bbp_reply_count":0,"_bbp_total_topic_count":0,"_bbp_total_reply_count":0,"_bbp_voice_count":0,"_bbp_anonymous_reply_count":0,"_bbp_topic_count_hidden":0,"_bbp_reply_count_hidden":0,"_bbp_forum_subforum_count":0,"site-sidebar-layout":"default","site-content-layout":"","ast-site-content-layout":"","site-content-style":"default","site-sidebar-style":"default","ast-global-header-display":"","ast-banner-title-visibility":"","ast-main-header-display":"","ast-hfb-above-header-display":"","ast-hfb-below-header-display":"","ast-hfb-mobile-header-display":"","site-post-title":"","ast-breadcrumbs-content":"","ast-featured-img":"","footer-sml-layout":"","theme-transparent-header-meta":"","adv-header-id-meta":"","stick-header-meta":"","header-above-stick-meta":"","header-main-stick-meta":"","header-below-stick-meta":"","astra-migrate-meta-layouts":"default","ast-page-background-enabled":"default","ast-page-background-meta":{"desktop":{"background-color":"var(--ast-global-color-4)","background-image":"","background-repeat":"repeat","background-position":"center center","background-size":"auto","background-attachment":"scroll","background-type":"","background-media":"","overlay-type":"","overlay-color":"","overlay-opacity":"","overlay-gradient":""},"tablet":{"background-color":"","background-image":"","background-repeat":"repeat","background-position":"center center","background-size":"auto","background-attachment":"scroll","background-type":"","background-media":"","overlay-type":"","overlay-color":"","overlay-opacity":"","overlay-gradient":""},"mobile":{"background-color":"","background-image":"","background-repeat":"repeat","background-position":"center center","background-size":"auto","background-attachment":"scroll","background-type":"","background-media":"","overlay-type":"","overlay-color":"","overlay-opacity":"","overlay-gradient":""}},"ast-content-background-meta":{"desktop":{"background-color":"var(--ast-global-color-5)","background-image":"","background-repeat":"repeat","background-position":"center center","background-size":"auto","background-attachment":"scroll","background-type":"","background-media":"","overlay-type":"","overlay-color":"","overlay-opacity":"","overlay-gradient":""},"tablet":{"background-color":"var(--ast-global-color-5)","background-image":"","background-repeat":"repeat","background-position":"center center","background-size":"auto","background-attachment":"scroll","background-type":"","background-media":"","overlay-type":"","overlay-color":"","overlay-opacity":"","overlay-gradient":""},"mobile":{"background-color":"var(--ast-global-color-5)","background-image":"","background-repeat":"repeat","background-position":"center center","background-size":"auto","background-attachment":"scroll","background-type":"","background-media":"","overlay-type":"","overlay-color":"","overlay-opacity":"","overlay-gradient":""}},"footnotes":""},"categories":[1,4],"tags":[84],"class_list":["post-1346","post","type-post","status-publish","format-standard","has-post-thumbnail","hentry","category-general","category-portada","tag-fira-dels-esparrecs"],"post_mailing_queue_ids":[],"_links":{"self":[{"href":"https:\/\/agora.xtec.cat\/escolajuansalamero\/wp-json\/wp\/v2\/posts\/1346","targetHints":{"allow":["GET"]}}],"collection":[{"href":"https:\/\/agora.xtec.cat\/escolajuansalamero\/wp-json\/wp\/v2\/posts"}],"about":[{"href":"https:\/\/agora.xtec.cat\/escolajuansalamero\/wp-json\/wp\/v2\/types\/post"}],"author":[{"embeddable":true,"href":"https:\/\/agora.xtec.cat\/escolajuansalamero\/wp-json\/wp\/v2\/users\/1"}],"replies":[{"embeddable":true,"href":"https:\/\/agora.xtec.cat\/escolajuansalamero\/wp-json\/wp\/v2\/comments?post=1346"}],"version-history":[{"count":1,"href":"https:\/\/agora.xtec.cat\/escolajuansalamero\/wp-json\/wp\/v2\/posts\/1346\/revisions"}],"predecessor-version":[{"id":1349,"href":"https:\/\/agora.xtec.cat\/escolajuansalamero\/wp-json\/wp\/v2\/posts\/1346\/revisions\/1349"}],"wp:featuredmedia":[{"embeddable":true,"href":"https:\/\/agora.xtec.cat\/escolajuansalamero\/wp-json\/wp\/v2\/media\/1348"}],"wp:attachment":[{"href":"https:\/\/agora.xtec.cat\/escolajuansalamero\/wp-json\/wp\/v2\/media?parent=1346"}],"wp:term":[{"taxonomy":"category","embeddable":true,"href":"https:\/\/agora.xtec.cat\/escolajuansalamero\/wp-json\/wp\/v2\/categories?post=1346"},{"taxonomy":"post_tag","embeddable":true,"href":"https:\/\/agora.xtec.cat\/escolajuansalamero\/wp-json\/wp\/v2\/tags?post=1346"}],"curies":[{"name":"wp","href":"https:\/\/api.w.org\/{rel}","templated":true}]}}