{"id":1264,"date":"2024-04-08T20:56:02","date_gmt":"2024-04-08T18:56:02","guid":{"rendered":"https:\/\/agora.xtec.cat\/escolajuansalamero\/?p=1264"},"modified":"2024-04-12T11:04:27","modified_gmt":"2024-04-12T09:04:27","slug":"celebrem-el-dia-del-poble-gitano-amb-molt-de-ritme","status":"publish","type":"post","link":"https:\/\/agora.xtec.cat\/escolajuansalamero\/general\/celebrem-el-dia-del-poble-gitano-amb-molt-de-ritme\/","title":{"rendered":"Celebrem el Dia del Poble gitano amb molt de ritme!"},"content":{"rendered":"<p>Avui, dia 8 de mar\u00e7, \u00e9s el <strong>Dia del Poble gitano<\/strong>. I per celebrar-ho, hem comptat amb la visita de l&#8217;Adri Cubells, que ha fet un taller de percussi\u00f3 per a tots els cursos.<\/p>\n<p><a href=\"https:\/\/agora.xtec.cat\/escolajuansalamero\/wp-content\/uploads\/usu2941\/2024\/04\/c2525d1b-a87e-45d8-87a0-e439ab46a2c3.jpg\"><img loading=\"lazy\" decoding=\"async\" class=\" wp-image-1266 alignleft\" src=\"https:\/\/agora.xtec.cat\/escolajuansalamero\/wp-content\/uploads\/usu2941\/2024\/04\/c2525d1b-a87e-45d8-87a0-e439ab46a2c3-300x300.jpg\" alt=\"\" width=\"300\" height=\"300\" srcset=\"https:\/\/agora.xtec.cat\/escolajuansalamero\/wp-content\/uploads\/usu2941\/2024\/04\/c2525d1b-a87e-45d8-87a0-e439ab46a2c3-300x300.jpg 300w, https:\/\/agora.xtec.cat\/escolajuansalamero\/wp-content\/uploads\/usu2941\/2024\/04\/c2525d1b-a87e-45d8-87a0-e439ab46a2c3-1024x1024.jpg 1024w, https:\/\/agora.xtec.cat\/escolajuansalamero\/wp-content\/uploads\/usu2941\/2024\/04\/c2525d1b-a87e-45d8-87a0-e439ab46a2c3-150x150.jpg 150w, https:\/\/agora.xtec.cat\/escolajuansalamero\/wp-content\/uploads\/usu2941\/2024\/04\/c2525d1b-a87e-45d8-87a0-e439ab46a2c3-768x768.jpg 768w, https:\/\/agora.xtec.cat\/escolajuansalamero\/wp-content\/uploads\/usu2941\/2024\/04\/c2525d1b-a87e-45d8-87a0-e439ab46a2c3-1536x1536.jpg 1536w, https:\/\/agora.xtec.cat\/escolajuansalamero\/wp-content\/uploads\/usu2941\/2024\/04\/c2525d1b-a87e-45d8-87a0-e439ab46a2c3.jpg 2048w\" sizes=\"auto, (max-width: 300px) 100vw, 300px\" \/><\/a><\/p>\n<p><a href=\"https:\/\/agora.xtec.cat\/escolajuansalamero\/wp-content\/uploads\/usu2941\/2024\/04\/c95076f7-471e-4081-a75c-ff00a0e35830.jpg\"><img loading=\"lazy\" decoding=\"async\" class=\"size-medium wp-image-1267 alignleft\" src=\"https:\/\/agora.xtec.cat\/escolajuansalamero\/wp-content\/uploads\/usu2941\/2024\/04\/c95076f7-471e-4081-a75c-ff00a0e35830-225x300.jpg\" alt=\"\" width=\"225\" height=\"300\" srcset=\"https:\/\/agora.xtec.cat\/escolajuansalamero\/wp-content\/uploads\/usu2941\/2024\/04\/c95076f7-471e-4081-a75c-ff00a0e35830-225x300.jpg 225w, https:\/\/agora.xtec.cat\/escolajuansalamero\/wp-content\/uploads\/usu2941\/2024\/04\/c95076f7-471e-4081-a75c-ff00a0e35830-768x1024.jpg 768w, https:\/\/agora.xtec.cat\/escolajuansalamero\/wp-content\/uploads\/usu2941\/2024\/04\/c95076f7-471e-4081-a75c-ff00a0e35830-1152x1536.jpg 1152w, https:\/\/agora.xtec.cat\/escolajuansalamero\/wp-content\/uploads\/usu2941\/2024\/04\/c95076f7-471e-4081-a75c-ff00a0e35830.jpg 1200w\" sizes=\"auto, (max-width: 225px) 100vw, 225px\" \/><\/a><a href=\"https:\/\/agora.xtec.cat\/escolajuansalamero\/wp-content\/uploads\/usu2941\/2024\/04\/IMG_9470.jpeg\"><img loading=\"lazy\" decoding=\"async\" class=\"size-medium wp-image-1268 alignleft\" src=\"https:\/\/agora.xtec.cat\/escolajuansalamero\/wp-content\/uploads\/usu2941\/2024\/04\/IMG_9470-225x300.jpeg\" alt=\"\" width=\"225\" height=\"300\" srcset=\"https:\/\/agora.xtec.cat\/escolajuansalamero\/wp-content\/uploads\/usu2941\/2024\/04\/IMG_9470-225x300.jpeg 225w, https:\/\/agora.xtec.cat\/escolajuansalamero\/wp-content\/uploads\/usu2941\/2024\/04\/IMG_9470-768x1024.jpeg 768w, https:\/\/agora.xtec.cat\/escolajuansalamero\/wp-content\/uploads\/usu2941\/2024\/04\/IMG_9470-1152x1536.jpeg 1152w, https:\/\/agora.xtec.cat\/escolajuansalamero\/wp-content\/uploads\/usu2941\/2024\/04\/IMG_9470.jpeg 1536w\" sizes=\"auto, (max-width: 225px) 100vw, 225px\" \/><\/a><\/p>\n<p>&nbsp;<\/p>\n<p>&nbsp;<\/p>\n<p>&nbsp;<\/p>\n<p>&nbsp;<\/p>\n<p>&nbsp;<\/p>\n<p>&nbsp;<\/p>\n<p>&nbsp;<\/p>\n<p>&nbsp;<\/p>\n<p>Ha estat un mat\u00ed on hem gaudit d&#8217;all\u00f2 m\u00e9s i que ens ha servit per aprofundir una mica m\u00e9s sobre la cultura gitana, una cultura molt present a la nostra escola.<\/p>\n<p>&nbsp;<\/p>\n","protected":false},"excerpt":{"rendered":"<p>Avui, dia 8 de mar\u00e7, \u00e9s el Dia del Poble gitano. I per celebrar-ho, hem comptat amb la visita de [&hellip;]<\/p>\n","protected":false},"author":1,"featured_media":1269,"comment_status":"open","ping_status":"closed","sticky":false,"template":"","format":"standard","meta":{"_bbp_topic_count":0,"_bbp_reply_count":0,"_bbp_total_topic_count":0,"_bbp_total_reply_count":0,"_bbp_voice_count":0,"_bbp_anonymous_reply_count":0,"_bbp_topic_count_hidden":0,"_bbp_reply_count_hidden":0,"_bbp_forum_subforum_count":0,"site-sidebar-layout":"default","site-content-layout":"","ast-site-content-layout":"","site-content-style":"default","site-sidebar-style":"default","ast-global-header-display":"","ast-banner-title-visibility":"","ast-main-header-display":"","ast-hfb-above-header-display":"","ast-hfb-below-header-display":"","ast-hfb-mobile-header-display":"","site-post-title":"","ast-breadcrumbs-content":"","ast-featured-img":"","footer-sml-layout":"","theme-transparent-header-meta":"","adv-header-id-meta":"","stick-header-meta":"","header-above-stick-meta":"","header-main-stick-meta":"","header-below-stick-meta":"","astra-migrate-meta-layouts":"default","ast-page-background-enabled":"default","ast-page-background-meta":{"desktop":{"background-color":"var(--ast-global-color-4)","background-image":"","background-repeat":"repeat","background-position":"center center","background-size":"auto","background-attachment":"scroll","background-type":"","background-media":"","overlay-type":"","overlay-color":"","overlay-opacity":"","overlay-gradient":""},"tablet":{"background-color":"","background-image":"","background-repeat":"repeat","background-position":"center center","background-size":"auto","background-attachment":"scroll","background-type":"","background-media":"","overlay-type":"","overlay-color":"","overlay-opacity":"","overlay-gradient":""},"mobile":{"background-color":"","background-image":"","background-repeat":"repeat","background-position":"center center","background-size":"auto","background-attachment":"scroll","background-type":"","background-media":"","overlay-type":"","overlay-color":"","overlay-opacity":"","overlay-gradient":""}},"ast-content-background-meta":{"desktop":{"background-color":"var(--ast-global-color-5)","background-image":"","background-repeat":"repeat","background-position":"center center","background-size":"auto","background-attachment":"scroll","background-type":"","background-media":"","overlay-type":"","overlay-color":"","overlay-opacity":"","overlay-gradient":""},"tablet":{"background-color":"var(--ast-global-color-5)","background-image":"","background-repeat":"repeat","background-position":"center center","background-size":"auto","background-attachment":"scroll","background-type":"","background-media":"","overlay-type":"","overlay-color":"","overlay-opacity":"","overlay-gradient":""},"mobile":{"background-color":"var(--ast-global-color-5)","background-image":"","background-repeat":"repeat","background-position":"center center","background-size":"auto","background-attachment":"scroll","background-type":"","background-media":"","overlay-type":"","overlay-color":"","overlay-opacity":"","overlay-gradient":""}},"footnotes":""},"categories":[1,4],"tags":[],"class_list":["post-1264","post","type-post","status-publish","format-standard","has-post-thumbnail","hentry","category-general","category-portada"],"post_mailing_queue_ids":[],"_links":{"self":[{"href":"https:\/\/agora.xtec.cat\/escolajuansalamero\/wp-json\/wp\/v2\/posts\/1264","targetHints":{"allow":["GET"]}}],"collection":[{"href":"https:\/\/agora.xtec.cat\/escolajuansalamero\/wp-json\/wp\/v2\/posts"}],"about":[{"href":"https:\/\/agora.xtec.cat\/escolajuansalamero\/wp-json\/wp\/v2\/types\/post"}],"author":[{"embeddable":true,"href":"https:\/\/agora.xtec.cat\/escolajuansalamero\/wp-json\/wp\/v2\/users\/1"}],"replies":[{"embeddable":true,"href":"https:\/\/agora.xtec.cat\/escolajuansalamero\/wp-json\/wp\/v2\/comments?post=1264"}],"version-history":[{"count":5,"href":"https:\/\/agora.xtec.cat\/escolajuansalamero\/wp-json\/wp\/v2\/posts\/1264\/revisions"}],"predecessor-version":[{"id":1277,"href":"https:\/\/agora.xtec.cat\/escolajuansalamero\/wp-json\/wp\/v2\/posts\/1264\/revisions\/1277"}],"wp:featuredmedia":[{"embeddable":true,"href":"https:\/\/agora.xtec.cat\/escolajuansalamero\/wp-json\/wp\/v2\/media\/1269"}],"wp:attachment":[{"href":"https:\/\/agora.xtec.cat\/escolajuansalamero\/wp-json\/wp\/v2\/media?parent=1264"}],"wp:term":[{"taxonomy":"category","embeddable":true,"href":"https:\/\/agora.xtec.cat\/escolajuansalamero\/wp-json\/wp\/v2\/categories?post=1264"},{"taxonomy":"post_tag","embeddable":true,"href":"https:\/\/agora.xtec.cat\/escolajuansalamero\/wp-json\/wp\/v2\/tags?post=1264"}],"curies":[{"name":"wp","href":"https:\/\/api.w.org\/{rel}","templated":true}]}}