{"id":7,"count":0,"description":"L\u2019AFA \u00e9s una entitat sense afany de lucre, reconeguda legalment al registre d\u2019associacions i les seves funcions estan regulades per un decret de la Generalitat de Catalunya.\r\n\r\nDes de l\u2019AFA, es pot desenvolupar una plataforma oberta a la participaci\u00f3 i reivindicaci\u00f3 de tots els aspectes referents a l\u2019educaci\u00f3, per tal d\u2019aconseguir, juntament amb els i les mestres, la millor formaci\u00f3 dels nostres fills i filles, basada en els principis propis d\u2019una societat democr\u00e0tica.\r\n\r\nLa tasca de les AFA, organitzadora de serveis complementaris, col\u00b7laboradora i vigilant davant les responsabilitats de les administracions, i reivindicativa pel que fa a la qualitat de l\u2019ensenyament, que esdev\u00e9 cada cop m\u00e9s important en la nostra societat.\r\n\r\n<strong>L\u2019AFA :<\/strong>\r\n<ul>\r\n \t<li>D\u00f3na suport als familiars, mestres i alumnes i tamb\u00e9 als \u00f2rgans de govern del centre en tot all\u00f2 que contribueixi a la millora de la qualitat de l\u2019ensenyament que reben els nois i les noies.<\/li>\r\n \t<li>Promou la participaci\u00f3 dels familiars a la comunitat educativa potenciant la seva implicaci\u00f3 en el funcionament del centre.<\/li>\r\n \t<li>\u00c9s un espai de reflexi\u00f3 que permet a les fam\u00edlies reflexionar i opinar sobre el funcionament quotidi\u00e0 de l\u2019escola i sobre temes educatius d\u2019abast m\u00e9s general.<\/li>\r\n<\/ul>\r\n<h3>Xandall escolar<\/h3>\r\nA trav\u00e9s del Consell de Delegats, s'ha recollit la demanda de l'alumnat de tenir xandall de l'escola i hem estat treballant de forma conjunta amb l'AFA i l'alumnat en el disseny. S'utilitzar\u00e0 a partir del curs 2025\/26 en diferents activitats com: sortides escolars, sessions d'educaci\u00f3 f\u00edsica i psicomotricitat o piscina.\r\n<p style=\"text-align: center;\"><a href=\"https:\/\/agora.xtec.cat\/escolajuansalamero\/wp-content\/uploads\/usu2941\/2025\/07\/IMG-20250520-WA0001.jpg\">\r\n<img class=\"size-thumbnail wp-image-2051 aligncenter\" src=\"https:\/\/agora.xtec.cat\/escolajuansalamero\/wp-content\/uploads\/usu2941\/2025\/07\/IMG-20250520-WA0001-150x150.jpg\" alt=\"Xandall escolar\" width=\"150\" height=\"150\" \/>\r\n<\/a><\/p>\r\nEl cost del xandall ser\u00e0 de 30 \u20ac (jaqueta i pantal\u00f3 llarg), 10 \u20ac (samarreta de m\u00e0niga curta) i 10 \u20ac (pantal\u00f3 curt). Es pot comprar complert per 50 \u20ac.\r\n\r\nLa jaqueta i pantal\u00f3 llarg no es poden agafar per separat, per\u00f2 la samarreta i pantal\u00f3 curt s\u00ed.\r\n\r\nPer fer la comanda haureu d\u2019anar a la seg\u00fcent adre\u00e7a:\r\n\r\n&nbsp;\r\n\r\n<strong><em>BOTIGA BOTELLA ESPORTS<\/em><\/strong>\r\n\r\n&nbsp;\r\n\r\nCarrer Josep MORAGUES, cantonada Carrer de Sant Llu\u00eds, 12 \u2013 08850 (Gav\u00e0)\r\nPodreu fer la comanda aportant una paga i senyal.\r\n\r\nL'alumnat que gaudeix de motxilla escolar el tindr\u00e0 gratu\u00eft (1 xandall complet al curs escolar), i nom\u00e9s caldr\u00e0 encarregar-lo a la botiga i l'escola el pagar\u00e0.\r\n\r\nQualsevol dubte pregunteu a l\u00b4AFA o a la Direcci\u00f3 de l'escola.\r\n<h3>Membres de la junta de l'AFA<\/h3>\r\n<ul>\r\n \t<li>Presidenta: Judith Maraver Mart\u00ednez<\/li>\r\n \t<li>Secretaria: Tamara Cort\u00e9s Fern\u00e1ndez<\/li>\r\n \t<li>Tresorera: Aroa Caldito Moreno<\/li>\r\n<\/ul>\r\nPer a qualsevol consulta o suggeriment:\r\n<strong>afajuansalamero@gmail.com<\/strong>","link":"https:\/\/agora.xtec.cat\/escolajuansalamero\/categoria\/afa\/","name":"AFA","slug":"afa","taxonomy":"category","parent":0,"meta":[],"_links":{"self":[{"href":"https:\/\/agora.xtec.cat\/escolajuansalamero\/wp-json\/wp\/v2\/categories\/7","targetHints":{"allow":["GET"]}}],"collection":[{"href":"https:\/\/agora.xtec.cat\/escolajuansalamero\/wp-json\/wp\/v2\/categories"}],"about":[{"href":"https:\/\/agora.xtec.cat\/escolajuansalamero\/wp-json\/wp\/v2\/taxonomies\/category"}],"wp:post_type":[{"href":"https:\/\/agora.xtec.cat\/escolajuansalamero\/wp-json\/wp\/v2\/posts?categories=7"}],"curies":[{"name":"wp","href":"https:\/\/api.w.org\/{rel}","templated":true}]}}