{"id":8471,"date":"2026-03-10T10:15:53","date_gmt":"2026-03-10T09:15:53","guid":{"rendered":"https:\/\/agora.xtec.cat\/escolajoseppla\/?p=8471"},"modified":"2026-03-10T10:15:54","modified_gmt":"2026-03-10T09:15:54","slug":"projecte-donacio-de-sang-de-5e","status":"publish","type":"post","link":"https:\/\/agora.xtec.cat\/escolajoseppla\/general\/projecte-donacio-de-sang-de-5e\/","title":{"rendered":"Projecte Donaci\u00f3 de Sang de 5\u00e8"},"content":{"rendered":"\n<p>Benvolgudes fam\u00edlies.<\/p>\n\n\n\n<p>L&#8217;alumnat de 5\u00e8 participa en el Projecte de Banc de Sang i Teixits amb l&#8217;objectiu d&#8217;aconseguir que moltes persones donin sang a les persones que ho necessiten. La jornada de donaci\u00f3 nom\u00e9s \u00e9s el punt final de tot el projecte. Darrera hi ha un gran treball d&#8217;estudi, creaci\u00f3 de cartells, difusi\u00f3 a tota la comunitat educativa i un llarg etc\u00e8tera.<\/p>\n\n\n\n<p> La jornada de donaci\u00f3 de sang tindr\u00e0 lloc el dimarts 17 de mar\u00e7, a la biblioteca de l\u2019escola, en horari de 9 a 13 h i de 15 a 19 h. Per poder donar sang cal portar DNI, passaport<br>o carnet de conduir (en format f\u00edsic). Us recomanem menjar abans de la donaci\u00f3 i beure molt de l\u00edquid despr\u00e9s.<br>Recordeu tamb\u00e9 que per donar sang cal tenir entre 18 i 65 anys i pesar 50 quilos o m\u00e9s.<\/p>\n\n\n\n<p>Us hi esperem!!!<\/p>\n\n\n\n<figure class=\"wp-block-image size-full is-resized\"><a href=\"https:\/\/agora.xtec.cat\/escolajoseppla\/wp-content\/uploads\/usu1495\/2026\/03\/Captura-de-pantalla-2026-03-10-093848.png\"><img loading=\"lazy\" decoding=\"async\" width=\"498\" height=\"714\" src=\"https:\/\/agora.xtec.cat\/escolajoseppla\/wp-content\/uploads\/usu1495\/2026\/03\/Captura-de-pantalla-2026-03-10-093848.png\" alt=\"\" class=\"wp-image-8472\" style=\"width:505px;height:auto\" srcset=\"https:\/\/agora.xtec.cat\/escolajoseppla\/wp-content\/uploads\/usu1495\/2026\/03\/Captura-de-pantalla-2026-03-10-093848.png 498w, https:\/\/agora.xtec.cat\/escolajoseppla\/wp-content\/uploads\/usu1495\/2026\/03\/Captura-de-pantalla-2026-03-10-093848-209x300.png 209w\" sizes=\"auto, (max-width: 498px) 100vw, 498px\" \/><\/a><\/figure>\n","protected":false},"excerpt":{"rendered":"<p>Benvolgudes fam\u00edlies. L&#8217;alumnat de 5\u00e8 participa en el Projecte de Banc de Sang i Teixits amb l&#8217;objectiu d&#8217;aconseguir que moltes persones donin sang a les persones que ho necessiten. La jornada de donaci\u00f3 nom\u00e9s \u00e9s el punt final de tot el projecte. Darrera hi ha un gran treball d&#8217;estudi, creaci\u00f3 de cartells, difusi\u00f3 a tota [&hellip;]<\/p>\n","protected":false},"author":3,"featured_media":8472,"comment_status":"open","ping_status":"open","sticky":false,"template":"","format":"standard","meta":{"_bbp_topic_count":0,"_bbp_reply_count":0,"_bbp_total_topic_count":0,"_bbp_total_reply_count":0,"_bbp_voice_count":0,"_bbp_anonymous_reply_count":0,"_bbp_topic_count_hidden":0,"_bbp_reply_count_hidden":0,"_bbp_forum_subforum_count":0,"site-sidebar-layout":"default","site-content-layout":"","ast-site-content-layout":"default","site-content-style":"default","site-sidebar-style":"default","ast-global-header-display":"","ast-banner-title-visibility":"","ast-main-header-display":"","ast-hfb-above-header-display":"","ast-hfb-below-header-display":"","ast-hfb-mobile-header-display":"","site-post-title":"","ast-breadcrumbs-content":"","ast-featured-img":"","footer-sml-layout":"","theme-transparent-header-meta":"","adv-header-id-meta":"","stick-header-meta":"","header-above-stick-meta":"","header-main-stick-meta":"","header-below-stick-meta":"","astra-migrate-meta-layouts":"set","ast-page-background-enabled":"default","ast-page-background-meta":{"desktop":{"background-color":"var(--ast-global-color-4)","background-image":"","background-repeat":"repeat","background-position":"center center","background-size":"auto","background-attachment":"scroll","background-type":"","background-media":"","overlay-type":"","overlay-color":"","overlay-opacity":"","overlay-gradient":""},"tablet":{"background-color":"","background-image":"","background-repeat":"repeat","background-position":"center center","background-size":"auto","background-attachment":"scroll","background-type":"","background-media":"","overlay-type":"","overlay-color":"","overlay-opacity":"","overlay-gradient":""},"mobile":{"background-color":"","background-image":"","background-repeat":"repeat","background-position":"center center","background-size":"auto","background-attachment":"scroll","background-type":"","background-media":"","overlay-type":"","overlay-color":"","overlay-opacity":"","overlay-gradient":""}},"ast-content-background-meta":{"desktop":{"background-color":"var(--ast-global-color-5)","background-image":"","background-repeat":"repeat","background-position":"center center","background-size":"auto","background-attachment":"scroll","background-type":"","background-media":"","overlay-type":"","overlay-color":"","overlay-opacity":"","overlay-gradient":""},"tablet":{"background-color":"var(--ast-global-color-5)","background-image":"","background-repeat":"repeat","background-position":"center center","background-size":"auto","background-attachment":"scroll","background-type":"","background-media":"","overlay-type":"","overlay-color":"","overlay-opacity":"","overlay-gradient":""},"mobile":{"background-color":"var(--ast-global-color-5)","background-image":"","background-repeat":"repeat","background-position":"center center","background-size":"auto","background-attachment":"scroll","background-type":"","background-media":"","overlay-type":"","overlay-color":"","overlay-opacity":"","overlay-gradient":""}},"footnotes":""},"categories":[14,133,1,4],"tags":[132,81,95,82,105,128],"class_list":["post-8471","post","type-post","status-publish","format-standard","has-post-thumbnail","hentry","category-5e","category-cda","category-general","category-portada","tag-cda","tag-escola","tag-general","tag-informacio","tag-jpla","tag-projectes"],"post_mailing_queue_ids":[],"_links":{"self":[{"href":"https:\/\/agora.xtec.cat\/escolajoseppla\/wp-json\/wp\/v2\/posts\/8471","targetHints":{"allow":["GET"]}}],"collection":[{"href":"https:\/\/agora.xtec.cat\/escolajoseppla\/wp-json\/wp\/v2\/posts"}],"about":[{"href":"https:\/\/agora.xtec.cat\/escolajoseppla\/wp-json\/wp\/v2\/types\/post"}],"author":[{"embeddable":true,"href":"https:\/\/agora.xtec.cat\/escolajoseppla\/wp-json\/wp\/v2\/users\/3"}],"replies":[{"embeddable":true,"href":"https:\/\/agora.xtec.cat\/escolajoseppla\/wp-json\/wp\/v2\/comments?post=8471"}],"version-history":[{"count":1,"href":"https:\/\/agora.xtec.cat\/escolajoseppla\/wp-json\/wp\/v2\/posts\/8471\/revisions"}],"predecessor-version":[{"id":8473,"href":"https:\/\/agora.xtec.cat\/escolajoseppla\/wp-json\/wp\/v2\/posts\/8471\/revisions\/8473"}],"wp:featuredmedia":[{"embeddable":true,"href":"https:\/\/agora.xtec.cat\/escolajoseppla\/wp-json\/wp\/v2\/media\/8472"}],"wp:attachment":[{"href":"https:\/\/agora.xtec.cat\/escolajoseppla\/wp-json\/wp\/v2\/media?parent=8471"}],"wp:term":[{"taxonomy":"category","embeddable":true,"href":"https:\/\/agora.xtec.cat\/escolajoseppla\/wp-json\/wp\/v2\/categories?post=8471"},{"taxonomy":"post_tag","embeddable":true,"href":"https:\/\/agora.xtec.cat\/escolajoseppla\/wp-json\/wp\/v2\/tags?post=8471"}],"curies":[{"name":"wp","href":"https:\/\/api.w.org\/{rel}","templated":true}]}}