{"id":8460,"date":"2026-03-06T14:13:25","date_gmt":"2026-03-06T13:13:25","guid":{"rendered":"https:\/\/agora.xtec.cat\/escolajoseppla\/?p=8460"},"modified":"2026-03-06T14:13:27","modified_gmt":"2026-03-06T13:13:27","slug":"2n-va-al-congres-de-ciencia-de-martorell","status":"publish","type":"post","link":"https:\/\/agora.xtec.cat\/escolajoseppla\/general\/2n-va-al-congres-de-ciencia-de-martorell\/","title":{"rendered":"2n va al Congr\u00e9s de Ci\u00e8ncia de Martorell"},"content":{"rendered":"\n<p>Benvolgudes fam\u00edlies.<\/p>\n\n\n\n<p>Avui, quatre alumnes de 2n de Prim\u00e0ria, en representaci\u00f3 de tots els seus companys i companyes de curs, han participat al Congr\u00e9s de Ci\u00e8ncia de Martorell. Davant d&#8217;altres centres educatius, han presentat la seva investigaci\u00f3 titulada: <strong>&#8220;Per qu\u00e8 no creem el nostre planter?&#8221;<\/strong>, un projecte vinculat al nostre Hort Escolar.<\/p>\n\n\n\n<p>L\u2019objectiu principal de la recerca ha estat fomentar la sostenibilitat i l&#8217;autonomia, aprenent a extreure les llavors de l&#8217;enciam per evitar la compra de planter nou. Durant aquest proc\u00e9s d&#8217;aprenentatge, l&#8217;alumnat ha realitzat tasques fonamentals com:<\/p>\n\n\n\n<ul class=\"wp-block-list\">\n<li>Manteniment de l&#8217;espai: Neteja de males herbes i verificaci\u00f3 del sistema de reg autom\u00e0tic.<\/li>\n\n\n\n<li>Experimentaci\u00f3<strong>:<\/strong> Plantaci\u00f3 comparativa d&#8217;enciams i pebrots per valorar la viabilitat de l&#8217;experiment.<\/li>\n\n\n\n<li>Observaci\u00f3 cient\u00edfica: Comprensi\u00f3 del paper clau de factors com la qualitat de la terra, el sol, l&#8217;aire i l&#8217;aigua.<\/li>\n<\/ul>\n\n\n\n<p>Aquesta experi\u00e8ncia ha servit no nom\u00e9s per adquirir coneixements cient\u00edfics, sin\u00f3 tamb\u00e9 per valorar el <strong>sacrifici que suposa el treball al camp<\/strong> i la import\u00e0ncia de respectar els ritmes de la natura. Tot i aix\u00ed, el temps atmosf\u00e8ric ha estat nefast durant aquests dos primers trimestres i per aix\u00f2, ens hem posat un altre cop a plantar per verificar el que hem apr\u00e8s.<\/p>\n\n\n\n<p>Volem felicitar tot l&#8217;alumnat de 2n per la seva implicaci\u00f3 i, especialment, als quatre ponents per la seva magn\u00edfica exposici\u00f3 i els dos tutors de 2n per la feinada extra que aix\u00f2 comporta.<\/p>\n\n\n\n<div class=\"wp-block-getwid-images-slider has-arrows-inside has-dots-inside is-carousel has-slides-gap-none has-images-center has-fitted-images has-fixed-height\"><div class=\"wp-block-getwid-images-slider__wrapper\" data-effect=\"slide\" data-slides-show=\"2\" data-slides-show-laptop=\"1\" data-slides-show-tablet=\"1\" data-slides-show-mobile=\"1\" data-slides-scroll=\"1\" data-autoplay=\"true\" data-pause-hover=\"false\" data-autoplay-speed=\"6000\" data-infinite=\"true\" data-animation-speed=\"800\" data-center-mode=\"true\" data-variable-width=\"false\" data-arrows=\"inside\" data-dots=\"inside\" data-spacing=\"none\"><div class=\"wp-block-getwid-images-slider__item\" style=\"height:600px\"><figure><img loading=\"lazy\" decoding=\"async\" width=\"800\" height=\"1066\" src=\"https:\/\/agora.xtec.cat\/escolajoseppla\/wp-content\/uploads\/usu1495\/2026\/03\/Congres26_-4.jpg\" alt=\"\" data-id=\"8458\" data-link=\"https:\/\/agora.xtec.cat\/escolajoseppla\/congres26_-4\/\" data-original-link=\"https:\/\/agora.xtec.cat\/escolajoseppla\/wp-content\/uploads\/usu1495\/2026\/03\/Congres26_-4.jpg\" class=\"wp-block-getwid-images-slider__image wp-image-8458\" srcset=\"https:\/\/agora.xtec.cat\/escolajoseppla\/wp-content\/uploads\/usu1495\/2026\/03\/Congres26_-4.jpg 800w, https:\/\/agora.xtec.cat\/escolajoseppla\/wp-content\/uploads\/usu1495\/2026\/03\/Congres26_-4-225x300.jpg 225w, https:\/\/agora.xtec.cat\/escolajoseppla\/wp-content\/uploads\/usu1495\/2026\/03\/Congres26_-4-768x1023.jpg 768w\" sizes=\"auto, (max-width: 800px) 100vw, 800px\" \/><\/figure><\/div><div class=\"wp-block-getwid-images-slider__item\" style=\"height:600px\"><figure><img loading=\"lazy\" decoding=\"async\" width=\"800\" height=\"1066\" src=\"https:\/\/agora.xtec.cat\/escolajoseppla\/wp-content\/uploads\/usu1495\/2026\/03\/Congres26_-3.jpg\" alt=\"\" data-id=\"8457\" data-link=\"https:\/\/agora.xtec.cat\/escolajoseppla\/congres26_-3\/\" data-original-link=\"https:\/\/agora.xtec.cat\/escolajoseppla\/wp-content\/uploads\/usu1495\/2026\/03\/Congres26_-3.jpg\" class=\"wp-block-getwid-images-slider__image wp-image-8457\" srcset=\"https:\/\/agora.xtec.cat\/escolajoseppla\/wp-content\/uploads\/usu1495\/2026\/03\/Congres26_-3.jpg 800w, https:\/\/agora.xtec.cat\/escolajoseppla\/wp-content\/uploads\/usu1495\/2026\/03\/Congres26_-3-225x300.jpg 225w, https:\/\/agora.xtec.cat\/escolajoseppla\/wp-content\/uploads\/usu1495\/2026\/03\/Congres26_-3-768x1023.jpg 768w\" sizes=\"auto, (max-width: 800px) 100vw, 800px\" \/><\/figure><\/div><div class=\"wp-block-getwid-images-slider__item\" style=\"height:600px\"><figure><img loading=\"lazy\" decoding=\"async\" width=\"800\" height=\"1066\" src=\"https:\/\/agora.xtec.cat\/escolajoseppla\/wp-content\/uploads\/usu1495\/2026\/03\/Congres26_-1.jpg\" alt=\"\" data-id=\"8455\" data-link=\"https:\/\/agora.xtec.cat\/escolajoseppla\/congres26_-1\/\" data-original-link=\"https:\/\/agora.xtec.cat\/escolajoseppla\/wp-content\/uploads\/usu1495\/2026\/03\/Congres26_-1.jpg\" class=\"wp-block-getwid-images-slider__image wp-image-8455\" srcset=\"https:\/\/agora.xtec.cat\/escolajoseppla\/wp-content\/uploads\/usu1495\/2026\/03\/Congres26_-1.jpg 800w, https:\/\/agora.xtec.cat\/escolajoseppla\/wp-content\/uploads\/usu1495\/2026\/03\/Congres26_-1-225x300.jpg 225w, https:\/\/agora.xtec.cat\/escolajoseppla\/wp-content\/uploads\/usu1495\/2026\/03\/Congres26_-1-768x1023.jpg 768w\" sizes=\"auto, (max-width: 800px) 100vw, 800px\" \/><\/figure><\/div><div class=\"wp-block-getwid-images-slider__item\" style=\"height:600px\"><figure><img loading=\"lazy\" decoding=\"async\" width=\"800\" height=\"1066\" src=\"https:\/\/agora.xtec.cat\/escolajoseppla\/wp-content\/uploads\/usu1495\/2026\/03\/Congres26_-2.jpg\" alt=\"\" data-id=\"8456\" data-link=\"https:\/\/agora.xtec.cat\/escolajoseppla\/congres26_-2\/\" data-original-link=\"https:\/\/agora.xtec.cat\/escolajoseppla\/wp-content\/uploads\/usu1495\/2026\/03\/Congres26_-2.jpg\" class=\"wp-block-getwid-images-slider__image wp-image-8456\" srcset=\"https:\/\/agora.xtec.cat\/escolajoseppla\/wp-content\/uploads\/usu1495\/2026\/03\/Congres26_-2.jpg 800w, https:\/\/agora.xtec.cat\/escolajoseppla\/wp-content\/uploads\/usu1495\/2026\/03\/Congres26_-2-225x300.jpg 225w, https:\/\/agora.xtec.cat\/escolajoseppla\/wp-content\/uploads\/usu1495\/2026\/03\/Congres26_-2-768x1023.jpg 768w\" sizes=\"auto, (max-width: 800px) 100vw, 800px\" \/><\/figure><\/div><div class=\"wp-block-getwid-images-slider__item\" style=\"height:600px\"><figure><img loading=\"lazy\" decoding=\"async\" width=\"800\" height=\"1066\" src=\"https:\/\/agora.xtec.cat\/escolajoseppla\/wp-content\/uploads\/usu1495\/2026\/03\/Congres26_-6.jpg\" alt=\"\" data-id=\"8454\" data-link=\"https:\/\/agora.xtec.cat\/escolajoseppla\/congres26_-6\/\" data-original-link=\"https:\/\/agora.xtec.cat\/escolajoseppla\/wp-content\/uploads\/usu1495\/2026\/03\/Congres26_-6.jpg\" class=\"wp-block-getwid-images-slider__image wp-image-8454\" srcset=\"https:\/\/agora.xtec.cat\/escolajoseppla\/wp-content\/uploads\/usu1495\/2026\/03\/Congres26_-6.jpg 800w, https:\/\/agora.xtec.cat\/escolajoseppla\/wp-content\/uploads\/usu1495\/2026\/03\/Congres26_-6-225x300.jpg 225w, https:\/\/agora.xtec.cat\/escolajoseppla\/wp-content\/uploads\/usu1495\/2026\/03\/Congres26_-6-768x1023.jpg 768w\" sizes=\"auto, (max-width: 800px) 100vw, 800px\" \/><\/figure><\/div><\/div><\/div>\n","protected":false},"excerpt":{"rendered":"<p>Benvolgudes fam\u00edlies. Avui, quatre alumnes de 2n de Prim\u00e0ria, en representaci\u00f3 de tots els seus companys i companyes de curs, han participat al Congr\u00e9s de Ci\u00e8ncia de Martorell. Davant d&#8217;altres centres educatius, han presentat la seva investigaci\u00f3 titulada: &#8220;Per qu\u00e8 no creem el nostre planter?&#8221;, un projecte vinculat al nostre Hort Escolar. L\u2019objectiu principal de [&hellip;]<\/p>\n","protected":false},"author":3,"featured_media":8457,"comment_status":"open","ping_status":"open","sticky":false,"template":"","format":"standard","meta":{"_bbp_topic_count":0,"_bbp_reply_count":0,"_bbp_total_topic_count":0,"_bbp_total_reply_count":0,"_bbp_voice_count":0,"_bbp_anonymous_reply_count":0,"_bbp_topic_count_hidden":0,"_bbp_reply_count_hidden":0,"_bbp_forum_subforum_count":0,"site-sidebar-layout":"default","site-content-layout":"","ast-site-content-layout":"default","site-content-style":"default","site-sidebar-style":"default","ast-global-header-display":"","ast-banner-title-visibility":"","ast-main-header-display":"","ast-hfb-above-header-display":"","ast-hfb-below-header-display":"","ast-hfb-mobile-header-display":"","site-post-title":"","ast-breadcrumbs-content":"","ast-featured-img":"","footer-sml-layout":"","theme-transparent-header-meta":"","adv-header-id-meta":"","stick-header-meta":"","header-above-stick-meta":"","header-main-stick-meta":"","header-below-stick-meta":"","astra-migrate-meta-layouts":"set","ast-page-background-enabled":"default","ast-page-background-meta":{"desktop":{"background-color":"var(--ast-global-color-4)","background-image":"","background-repeat":"repeat","background-position":"center center","background-size":"auto","background-attachment":"scroll","background-type":"","background-media":"","overlay-type":"","overlay-color":"","overlay-opacity":"","overlay-gradient":""},"tablet":{"background-color":"","background-image":"","background-repeat":"repeat","background-position":"center center","background-size":"auto","background-attachment":"scroll","background-type":"","background-media":"","overlay-type":"","overlay-color":"","overlay-opacity":"","overlay-gradient":""},"mobile":{"background-color":"","background-image":"","background-repeat":"repeat","background-position":"center center","background-size":"auto","background-attachment":"scroll","background-type":"","background-media":"","overlay-type":"","overlay-color":"","overlay-opacity":"","overlay-gradient":""}},"ast-content-background-meta":{"desktop":{"background-color":"var(--ast-global-color-5)","background-image":"","background-repeat":"repeat","background-position":"center center","background-size":"auto","background-attachment":"scroll","background-type":"","background-media":"","overlay-type":"","overlay-color":"","overlay-opacity":"","overlay-gradient":""},"tablet":{"background-color":"var(--ast-global-color-5)","background-image":"","background-repeat":"repeat","background-position":"center center","background-size":"auto","background-attachment":"scroll","background-type":"","background-media":"","overlay-type":"","overlay-color":"","overlay-opacity":"","overlay-gradient":""},"mobile":{"background-color":"var(--ast-global-color-5)","background-image":"","background-repeat":"repeat","background-position":"center center","background-size":"auto","background-attachment":"scroll","background-type":"","background-media":"","overlay-type":"","overlay-color":"","overlay-opacity":"","overlay-gradient":""}},"footnotes":""},"categories":[118,133,135,1,4],"tags":[132,81,136,95,105,128],"class_list":["post-8460","post","type-post","status-publish","format-standard","has-post-thumbnail","hentry","category-2n","category-cda","category-escoles-verdes","category-general","category-portada","tag-cda","tag-escola","tag-escoles-verdes","tag-general","tag-jpla","tag-projectes"],"post_mailing_queue_ids":[],"_links":{"self":[{"href":"https:\/\/agora.xtec.cat\/escolajoseppla\/wp-json\/wp\/v2\/posts\/8460","targetHints":{"allow":["GET"]}}],"collection":[{"href":"https:\/\/agora.xtec.cat\/escolajoseppla\/wp-json\/wp\/v2\/posts"}],"about":[{"href":"https:\/\/agora.xtec.cat\/escolajoseppla\/wp-json\/wp\/v2\/types\/post"}],"author":[{"embeddable":true,"href":"https:\/\/agora.xtec.cat\/escolajoseppla\/wp-json\/wp\/v2\/users\/3"}],"replies":[{"embeddable":true,"href":"https:\/\/agora.xtec.cat\/escolajoseppla\/wp-json\/wp\/v2\/comments?post=8460"}],"version-history":[{"count":1,"href":"https:\/\/agora.xtec.cat\/escolajoseppla\/wp-json\/wp\/v2\/posts\/8460\/revisions"}],"predecessor-version":[{"id":8461,"href":"https:\/\/agora.xtec.cat\/escolajoseppla\/wp-json\/wp\/v2\/posts\/8460\/revisions\/8461"}],"wp:featuredmedia":[{"embeddable":true,"href":"https:\/\/agora.xtec.cat\/escolajoseppla\/wp-json\/wp\/v2\/media\/8457"}],"wp:attachment":[{"href":"https:\/\/agora.xtec.cat\/escolajoseppla\/wp-json\/wp\/v2\/media?parent=8460"}],"wp:term":[{"taxonomy":"category","embeddable":true,"href":"https:\/\/agora.xtec.cat\/escolajoseppla\/wp-json\/wp\/v2\/categories?post=8460"},{"taxonomy":"post_tag","embeddable":true,"href":"https:\/\/agora.xtec.cat\/escolajoseppla\/wp-json\/wp\/v2\/tags?post=8460"}],"curies":[{"name":"wp","href":"https:\/\/api.w.org\/{rel}","templated":true}]}}