{"id":3035,"date":"2025-11-27T19:58:46","date_gmt":"2025-11-27T18:58:46","guid":{"rendered":"https:\/\/agora.xtec.cat\/escolajosepfuste\/?p=3035"},"modified":"2025-11-28T12:33:44","modified_gmt":"2025-11-28T11:33:44","slug":"25-de-novembre-a-lescola-donans-un-clic-segur","status":"publish","type":"post","link":"https:\/\/agora.xtec.cat\/escolajosepfuste\/general\/25-de-novembre-a-lescola-donans-un-clic-segur\/","title":{"rendered":"25 de Novembre a l\u2019Escola: \u201cDona\u2019ns un clic segur!\u201d"},"content":{"rendered":"<p><img decoding=\"async\" src=\"https:\/\/drive.google.com\/file\/d\/1kMbPUTw6jvhog702pfmg2aq6o9qb7vkU\/view?usp=sharing\" alt=\"\" \/>\u00a0<a href=\"https:\/\/agora.xtec.cat\/escolajosepfuste\/wp-content\/uploads\/usu1810\/2025\/11\/1000117394-_retall-scaled.jpg\"><img loading=\"lazy\" decoding=\"async\" class=\"size-large wp-image-3037 aligncenter\" src=\"https:\/\/agora.xtec.cat\/escolajosepfuste\/wp-content\/uploads\/usu1810\/2025\/11\/1000117394-_retall-1024x525.jpg\" alt=\"\" width=\"1024\" height=\"525\" srcset=\"https:\/\/agora.xtec.cat\/escolajosepfuste\/wp-content\/uploads\/usu1810\/2025\/11\/1000117394-_retall-1024x525.jpg 1024w, https:\/\/agora.xtec.cat\/escolajosepfuste\/wp-content\/uploads\/usu1810\/2025\/11\/1000117394-_retall-300x154.jpg 300w, https:\/\/agora.xtec.cat\/escolajosepfuste\/wp-content\/uploads\/usu1810\/2025\/11\/1000117394-_retall-768x394.jpg 768w, https:\/\/agora.xtec.cat\/escolajosepfuste\/wp-content\/uploads\/usu1810\/2025\/11\/1000117394-_retall-1536x788.jpg 1536w, https:\/\/agora.xtec.cat\/escolajosepfuste\/wp-content\/uploads\/usu1810\/2025\/11\/1000117394-_retall-2048x1050.jpg 2048w\" sizes=\"auto, (max-width: 1024px) 100vw, 1024px\" \/><\/a><\/p>\n<p>Aquest 25 de novembre, des de l\u2019escola hem treballat el Dia Internacional per a l\u2019Eliminaci\u00f3 de la Viol\u00e8ncia envers les Dones aquest curs posant el focus en la viol\u00e8ncia digital, seguint el manifest dels municipis del Baix Camp.<br \/>\nSota el lema \u201cDona\u2019ns un clic segur!\u201d, tots els cursos han reflexionat sobre la import\u00e0ncia d\u2019utilitzar les tecnologies i les xarxes socials d\u2019una manera respectuosa, segura i emp\u00e0tica. L\u2019objectiu ha estat aprendre a identificar situacions que poden fer mal i promoure actituds positives i responsables a l\u2019entorn digital.<br \/>\nCada nivell ha treballat la tem\u00e0tica amb propostes adaptades a l\u2019edat:<br \/>\n\ud83d\udd39 Educaci\u00f3 Infantil (I3\u2013I5)<br \/>\nA partir del conte Els bons amics, hem parlat de les \u201cparaules que fan b\u00e9\u201d i les \u201cparaules que fan mal\u201d, entenent que a internet tamb\u00e9 cal parlar amb amabilitat.<\/p>\n<p>\ud83d\udd39 Cicle Inicial (1r\u20132n)<br \/>\nHem conversat sobre qu\u00e8 significa ser \u201cbons amics tamb\u00e9 a internet\u201d. Els infants han fet una llista de clics que ajuden i clics que fan mal, com compartir sense perm\u00eds o riure\u2019s d\u2019alg\u00fa.<\/p>\n<p>\ud83d\udd39 Cicle Mitj\u00e0 (3r\u20134t)<br \/>\nA partir d\u2019exemples propers (compartir fotos, insults, pressions est\u00e8tiques&#8230;), hem debatut com ens podem sentir davant d\u2019aquestes situacions i quines actituds ens poden ajudar a gestionar-les.<\/p>\n<p>\ud83d\udd39 Cicle Superior (5\u00e8\u20136\u00e8)<br \/>\nL\u2019alumnat ha analitzat casos reals de ciberassetjament, mems ofensius i la pressi\u00f3 dels \u201clikes\u201d. Finalment, han reflexionat sobre com fer un \u00fas cr\u00edtic, responsable i respectu\u00f3s de les xarxes.<\/p>\n<p>Com a activitat final, hem creat un gran mural col\u00b7lectiu en forma de tablet gegant al passad\u00eds de l\u2019escola. <br \/>\nCada grup hi ha aportat una pe\u00e7a creativa:<\/p>\n<ul style=\"list-style-type: square;\">\n<li>I3\u2013I5: cors decorats amb colors, gomets i purpurina.<\/li>\n<li>1r\u20132n: emojis amb missatges<\/li>\n<li>3r\u20134t: pantalles de m\u00f2bil amb missatges positius i de suport.<\/li>\n<li>5\u00e8\u20136\u00e8: esl\u00f2gans i hashtags de conscienciaci\u00f3<\/li>\n<\/ul>\n<p>El resultat \u00e9s un espai visual que ens recorda que a la xarxa tamb\u00e9 hi ha l\u00edmits i que cada clic pot ser una oportunitat per construir un entorn digital m\u00e9s amable.<\/p>\n<p>\ud83d\udc9c \u201cPer una xarxa lliure de viol\u00e8ncia. Ni un clic de m\u00e9s.\u201d<\/p>\n<p>Amb iniciatives com aquesta, continuem educant en el respecte, la conviv\u00e8ncia i la seguretat digital, treballant plegats per un m\u00f3n \u2013virtual i real\u2013 lliure de viol\u00e8ncies.<\/p>\n<p><a href=\"https:\/\/agora.xtec.cat\/escolajosepfuste\/wp-content\/uploads\/usu1810\/2025\/11\/1000117683_retall-scaled.jpg\"><img loading=\"lazy\" decoding=\"async\" class=\"wp-image-3038 aligncenter\" src=\"https:\/\/agora.xtec.cat\/escolajosepfuste\/wp-content\/uploads\/usu1810\/2025\/11\/1000117683_retall-1024x909.jpg\" alt=\"\" width=\"753\" height=\"668\" srcset=\"https:\/\/agora.xtec.cat\/escolajosepfuste\/wp-content\/uploads\/usu1810\/2025\/11\/1000117683_retall-1024x909.jpg 1024w, https:\/\/agora.xtec.cat\/escolajosepfuste\/wp-content\/uploads\/usu1810\/2025\/11\/1000117683_retall-300x266.jpg 300w, https:\/\/agora.xtec.cat\/escolajosepfuste\/wp-content\/uploads\/usu1810\/2025\/11\/1000117683_retall-768x682.jpg 768w, https:\/\/agora.xtec.cat\/escolajosepfuste\/wp-content\/uploads\/usu1810\/2025\/11\/1000117683_retall-1536x1363.jpg 1536w, https:\/\/agora.xtec.cat\/escolajosepfuste\/wp-content\/uploads\/usu1810\/2025\/11\/1000117683_retall-2048x1818.jpg 2048w\" sizes=\"auto, (max-width: 753px) 100vw, 753px\" \/><\/a><\/p>\n","protected":false},"excerpt":{"rendered":"<p>\u00a0<a href=\"https:\/\/agora.xtec.cat\/escolajosepfuste\/wp-content\/uploads\/usu1810\/2025\/11\/1000117394-_retall-scaled.jpg\"><\/a><br \/>\nAquest 25 de novembre, des de l\u2019escola hem treballat el Dia Internacional per a l\u2019Eliminaci\u00f3 de la Viol\u00e8ncia envers les Dones aquest curs posant el focus en la viol\u00e8ncia digital, seguint el manifest dels municipis del Baix Camp.<br \/>\nSota el lema \u201cDona\u2019ns un clic segur!\u201d,&hellip;  <a href=\"https:\/\/agora.xtec.cat\/escolajosepfuste\/general\/25-de-novembre-a-lescola-donans-un-clic-segur\/\" title=\"Read 25 de Novembre a l\u2019Escola: \u201cDona\u2019ns un clic segur!\u201d\">Llegeix m\u00e9s\u00bb<\/a><\/p>\n","protected":false},"author":1,"featured_media":0,"comment_status":"closed","ping_status":"open","sticky":false,"template":"","format":"standard","meta":{"_bbp_topic_count":0,"_bbp_reply_count":0,"_bbp_total_topic_count":0,"_bbp_total_reply_count":0,"_bbp_voice_count":0,"_bbp_anonymous_reply_count":0,"_bbp_topic_count_hidden":0,"_bbp_reply_count_hidden":0,"_bbp_forum_subforum_count":0,"footnotes":""},"categories":[1,4],"tags":[],"class_list":["post-3035","post","type-post","status-publish","format-standard","hentry","category-general","category-portada"],"post_mailing_queue_ids":[],"_links":{"self":[{"href":"https:\/\/agora.xtec.cat\/escolajosepfuste\/wp-json\/wp\/v2\/posts\/3035","targetHints":{"allow":["GET"]}}],"collection":[{"href":"https:\/\/agora.xtec.cat\/escolajosepfuste\/wp-json\/wp\/v2\/posts"}],"about":[{"href":"https:\/\/agora.xtec.cat\/escolajosepfuste\/wp-json\/wp\/v2\/types\/post"}],"author":[{"embeddable":true,"href":"https:\/\/agora.xtec.cat\/escolajosepfuste\/wp-json\/wp\/v2\/users\/1"}],"replies":[{"embeddable":true,"href":"https:\/\/agora.xtec.cat\/escolajosepfuste\/wp-json\/wp\/v2\/comments?post=3035"}],"version-history":[{"count":5,"href":"https:\/\/agora.xtec.cat\/escolajosepfuste\/wp-json\/wp\/v2\/posts\/3035\/revisions"}],"predecessor-version":[{"id":3043,"href":"https:\/\/agora.xtec.cat\/escolajosepfuste\/wp-json\/wp\/v2\/posts\/3035\/revisions\/3043"}],"wp:attachment":[{"href":"https:\/\/agora.xtec.cat\/escolajosepfuste\/wp-json\/wp\/v2\/media?parent=3035"}],"wp:term":[{"taxonomy":"category","embeddable":true,"href":"https:\/\/agora.xtec.cat\/escolajosepfuste\/wp-json\/wp\/v2\/categories?post=3035"},{"taxonomy":"post_tag","embeddable":true,"href":"https:\/\/agora.xtec.cat\/escolajosepfuste\/wp-json\/wp\/v2\/tags?post=3035"}],"curies":[{"name":"wp","href":"https:\/\/api.w.org\/{rel}","templated":true}]}}