{"id":2967,"date":"2024-11-25T16:57:40","date_gmt":"2024-11-25T15:57:40","guid":{"rendered":"https:\/\/agora.xtec.cat\/escolajosepfuste\/?p=2967"},"modified":"2024-11-25T17:33:36","modified_gmt":"2024-11-25T16:33:36","slug":"25n-volem-alt-tolerancia-zero-vers-les-violencies-masclistes","status":"publish","type":"post","link":"https:\/\/agora.xtec.cat\/escolajosepfuste\/general\/25n-volem-alt-tolerancia-zero-vers-les-violencies-masclistes\/","title":{"rendered":"25N &#8220;Volem alt, toler\u00e0ncia zero vers les viol\u00e8ncies masclistes&#8221;"},"content":{"rendered":"<p>A l&#8217;Escola hem commemorat el 25 N, Dia Internacional per l&#8217;erradicaci\u00f3 de les Viol\u00e8ncies masclistes. El lema d&#8217;enguany \u00e9s &#8220;<strong>Volem Alt, toler\u00e0ncia zero vers les Viol\u00e8ncies Masclistes&#8221;.<\/strong><\/p>\n<p>Des de la Regidora d&#8217;Educaci\u00f3, S\u00edlvia Pomar, hem rebut la proposta comarcal d&#8217;aquest any per treballar aquest tem\u00e0tica amb l&#8217;alumnat: es vol omplir el Baix Camp de papallones, inspirant-nos en la campanya <a href=\"https:\/\/latidomariposas.com\/.\">https:\/\/latidomariposas.com\/.<\/a> Aquesta activitat comarcal, en la que tamb\u00e9 participaran les associacions de dones de la comarca, tamb\u00e9 es far\u00e0 extensiva des de l&#8217;Ajuntament cap a la resta d&#8217;associacions i ve\u00efnat del municipi.<\/p>\n<p>Us convidem a veure les nostres papallones, acompanyats\/es amb els vostres fills i filles, que estan exposades a la tanca de l&#8217;Avinguda Catalunya com a s\u00edmbol d&#8217;esperan\u00e7a i acompanyament\u00a0\u00a0<\/p>\n<p><a href=\"https:\/\/agora.xtec.cat\/escolajosepfuste\/wp-content\/uploads\/usu1810\/2024\/11\/WhatsApp-Image-2024-11-25-at-14.00.52.jpeg\"><img loading=\"lazy\" decoding=\"async\" class=\"alignnone size-large wp-image-2969\" src=\"https:\/\/agora.xtec.cat\/escolajosepfuste\/wp-content\/uploads\/usu1810\/2024\/11\/WhatsApp-Image-2024-11-25-at-14.00.52-1024x768.jpeg\" alt=\"\" width=\"1024\" height=\"768\" srcset=\"https:\/\/agora.xtec.cat\/escolajosepfuste\/wp-content\/uploads\/usu1810\/2024\/11\/WhatsApp-Image-2024-11-25-at-14.00.52-1024x768.jpeg 1024w, https:\/\/agora.xtec.cat\/escolajosepfuste\/wp-content\/uploads\/usu1810\/2024\/11\/WhatsApp-Image-2024-11-25-at-14.00.52-300x225.jpeg 300w, https:\/\/agora.xtec.cat\/escolajosepfuste\/wp-content\/uploads\/usu1810\/2024\/11\/WhatsApp-Image-2024-11-25-at-14.00.52-768x576.jpeg 768w, https:\/\/agora.xtec.cat\/escolajosepfuste\/wp-content\/uploads\/usu1810\/2024\/11\/WhatsApp-Image-2024-11-25-at-14.00.52-1536x1152.jpeg 1536w, https:\/\/agora.xtec.cat\/escolajosepfuste\/wp-content\/uploads\/usu1810\/2024\/11\/WhatsApp-Image-2024-11-25-at-14.00.52-200x150.jpeg 200w, https:\/\/agora.xtec.cat\/escolajosepfuste\/wp-content\/uploads\/usu1810\/2024\/11\/WhatsApp-Image-2024-11-25-at-14.00.52.jpeg 2000w\" sizes=\"auto, (max-width: 1024px) 100vw, 1024px\" \/><\/a> <a href=\"https:\/\/agora.xtec.cat\/escolajosepfuste\/wp-content\/uploads\/usu1810\/2024\/11\/WhatsApp-Image-2024-11-25-at-16.49.49.jpeg\"><img loading=\"lazy\" decoding=\"async\" class=\"alignnone size-large wp-image-2968\" src=\"https:\/\/agora.xtec.cat\/escolajosepfuste\/wp-content\/uploads\/usu1810\/2024\/11\/WhatsApp-Image-2024-11-25-at-16.49.49-1024x768.jpeg\" alt=\"\" width=\"1024\" height=\"768\" srcset=\"https:\/\/agora.xtec.cat\/escolajosepfuste\/wp-content\/uploads\/usu1810\/2024\/11\/WhatsApp-Image-2024-11-25-at-16.49.49-1024x768.jpeg 1024w, https:\/\/agora.xtec.cat\/escolajosepfuste\/wp-content\/uploads\/usu1810\/2024\/11\/WhatsApp-Image-2024-11-25-at-16.49.49-300x225.jpeg 300w, https:\/\/agora.xtec.cat\/escolajosepfuste\/wp-content\/uploads\/usu1810\/2024\/11\/WhatsApp-Image-2024-11-25-at-16.49.49-768x576.jpeg 768w, https:\/\/agora.xtec.cat\/escolajosepfuste\/wp-content\/uploads\/usu1810\/2024\/11\/WhatsApp-Image-2024-11-25-at-16.49.49-1536x1152.jpeg 1536w, https:\/\/agora.xtec.cat\/escolajosepfuste\/wp-content\/uploads\/usu1810\/2024\/11\/WhatsApp-Image-2024-11-25-at-16.49.49-200x150.jpeg 200w, https:\/\/agora.xtec.cat\/escolajosepfuste\/wp-content\/uploads\/usu1810\/2024\/11\/WhatsApp-Image-2024-11-25-at-16.49.49.jpeg 2048w\" sizes=\"auto, (max-width: 1024px) 100vw, 1024px\" \/><\/a><\/p>\n","protected":false},"excerpt":{"rendered":"<p>A l&#8217;Escola hem commemorat el 25 N, Dia Internacional per l&#8217;erradicaci\u00f3 de les Viol\u00e8ncies masclistes. El lema d&#8217;enguany \u00e9s &#8220;Volem Alt, toler\u00e0ncia zero vers les Viol\u00e8ncies Masclistes&#8221;.<br \/>\nDes de la Regidora d&#8217;Educaci\u00f3, S\u00edlvia Pomar, hem rebut la proposta comarcal d&#8217;aquest any per treballar aquest tem\u00e0tica amb&hellip;  <a href=\"https:\/\/agora.xtec.cat\/escolajosepfuste\/general\/25n-volem-alt-tolerancia-zero-vers-les-violencies-masclistes\/\" title=\"Read 25N &#8220;Volem alt, toler\u00e0ncia zero vers les viol\u00e8ncies masclistes&#8221;\">Llegeix m\u00e9s\u00bb<\/a><\/p>\n","protected":false},"author":1,"featured_media":0,"comment_status":"closed","ping_status":"closed","sticky":false,"template":"","format":"standard","meta":{"_bbp_topic_count":0,"_bbp_reply_count":0,"_bbp_total_topic_count":0,"_bbp_total_reply_count":0,"_bbp_voice_count":0,"_bbp_anonymous_reply_count":0,"_bbp_topic_count_hidden":0,"_bbp_reply_count_hidden":0,"_bbp_forum_subforum_count":0,"footnotes":""},"categories":[1,4],"tags":[],"class_list":["post-2967","post","type-post","status-publish","format-standard","hentry","category-general","category-portada"],"post_mailing_queue_ids":[],"_links":{"self":[{"href":"https:\/\/agora.xtec.cat\/escolajosepfuste\/wp-json\/wp\/v2\/posts\/2967","targetHints":{"allow":["GET"]}}],"collection":[{"href":"https:\/\/agora.xtec.cat\/escolajosepfuste\/wp-json\/wp\/v2\/posts"}],"about":[{"href":"https:\/\/agora.xtec.cat\/escolajosepfuste\/wp-json\/wp\/v2\/types\/post"}],"author":[{"embeddable":true,"href":"https:\/\/agora.xtec.cat\/escolajosepfuste\/wp-json\/wp\/v2\/users\/1"}],"replies":[{"embeddable":true,"href":"https:\/\/agora.xtec.cat\/escolajosepfuste\/wp-json\/wp\/v2\/comments?post=2967"}],"version-history":[{"count":2,"href":"https:\/\/agora.xtec.cat\/escolajosepfuste\/wp-json\/wp\/v2\/posts\/2967\/revisions"}],"predecessor-version":[{"id":2971,"href":"https:\/\/agora.xtec.cat\/escolajosepfuste\/wp-json\/wp\/v2\/posts\/2967\/revisions\/2971"}],"wp:attachment":[{"href":"https:\/\/agora.xtec.cat\/escolajosepfuste\/wp-json\/wp\/v2\/media?parent=2967"}],"wp:term":[{"taxonomy":"category","embeddable":true,"href":"https:\/\/agora.xtec.cat\/escolajosepfuste\/wp-json\/wp\/v2\/categories?post=2967"},{"taxonomy":"post_tag","embeddable":true,"href":"https:\/\/agora.xtec.cat\/escolajosepfuste\/wp-json\/wp\/v2\/tags?post=2967"}],"curies":[{"name":"wp","href":"https:\/\/api.w.org\/{rel}","templated":true}]}}