{"id":2759,"date":"2023-10-27T10:36:36","date_gmt":"2023-10-27T08:36:36","guid":{"rendered":"https:\/\/agora.xtec.cat\/escolajosepfuste\/?p=2759"},"modified":"2023-11-23T15:27:07","modified_gmt":"2023-11-23T14:27:07","slug":"transhumancia-a-lermita-de-puigcerver","status":"publish","type":"post","link":"https:\/\/agora.xtec.cat\/escolajosepfuste\/general\/transhumancia-a-lermita-de-puigcerver\/","title":{"rendered":"Transhum\u00e0ncia a l&#8217;Ermita de Puigcerver"},"content":{"rendered":"<p><img loading=\"lazy\" decoding=\"async\" class=\"wp-image-2761 aligncenter\" src=\"https:\/\/agora.xtec.cat\/escolajosepfuste\/wp-content\/uploads\/usu1810\/2023\/10\/cabres-1024x674.jpg\" alt=\"\" width=\"766\" height=\"504\" srcset=\"https:\/\/agora.xtec.cat\/escolajosepfuste\/wp-content\/uploads\/usu1810\/2023\/10\/cabres-1024x674.jpg 1024w, https:\/\/agora.xtec.cat\/escolajosepfuste\/wp-content\/uploads\/usu1810\/2023\/10\/cabres-300x198.jpg 300w, https:\/\/agora.xtec.cat\/escolajosepfuste\/wp-content\/uploads\/usu1810\/2023\/10\/cabres-768x506.jpg 768w, https:\/\/agora.xtec.cat\/escolajosepfuste\/wp-content\/uploads\/usu1810\/2023\/10\/cabres.jpg 1318w\" sizes=\"auto, (max-width: 766px) 100vw, 766px\" \/>L&#8217;alumnat de 3r,4t, 5\u00e8 i 6\u00e8 descobreixen la transhum\u00e0ncia amb el pastor Daniel Giraldo, Casi Rodr\u00edguez d&#8217;Amics de Puigcerver i l&#8217;Associaci\u00f3 Cingle Vermell.<\/p>\n<p><a href=\"https:\/\/www.youtube.com\/watch?v=GTI02Lrm3kk\">https:\/\/www.youtube.com\/watch?v=GTI02Lrm3kk<\/a><\/p>\n","protected":false},"excerpt":{"rendered":"<p>L&#8217;alumnat de 3r,4t, 5\u00e8 i 6\u00e8 descobreixen la transhum\u00e0ncia amb el pastor Daniel Giraldo, Casi Rodr\u00edguez d&#8217;Amics de Puigcerver i l&#8217;Associaci\u00f3 Cingle Vermell.<br \/>\n<a href=\"https:\/\/www.youtube.com\/watch?v=GTI02Lrm3kk\">https:\/\/www.youtube.com\/watch?v=GTI02Lrm3kk<\/a><\/p>\n","protected":false},"author":1,"featured_media":2762,"comment_status":"open","ping_status":"closed","sticky":false,"template":"","format":"standard","meta":{"_bbp_topic_count":0,"_bbp_reply_count":0,"_bbp_total_topic_count":0,"_bbp_total_reply_count":0,"_bbp_voice_count":0,"_bbp_anonymous_reply_count":0,"_bbp_topic_count_hidden":0,"_bbp_reply_count_hidden":0,"_bbp_forum_subforum_count":0,"footnotes":""},"categories":[1,4],"tags":[],"class_list":["post-2759","post","type-post","status-publish","format-standard","has-post-thumbnail","hentry","category-general","category-portada"],"post_mailing_queue_ids":[],"_links":{"self":[{"href":"https:\/\/agora.xtec.cat\/escolajosepfuste\/wp-json\/wp\/v2\/posts\/2759","targetHints":{"allow":["GET"]}}],"collection":[{"href":"https:\/\/agora.xtec.cat\/escolajosepfuste\/wp-json\/wp\/v2\/posts"}],"about":[{"href":"https:\/\/agora.xtec.cat\/escolajosepfuste\/wp-json\/wp\/v2\/types\/post"}],"author":[{"embeddable":true,"href":"https:\/\/agora.xtec.cat\/escolajosepfuste\/wp-json\/wp\/v2\/users\/1"}],"replies":[{"embeddable":true,"href":"https:\/\/agora.xtec.cat\/escolajosepfuste\/wp-json\/wp\/v2\/comments?post=2759"}],"version-history":[{"count":3,"href":"https:\/\/agora.xtec.cat\/escolajosepfuste\/wp-json\/wp\/v2\/posts\/2759\/revisions"}],"predecessor-version":[{"id":2796,"href":"https:\/\/agora.xtec.cat\/escolajosepfuste\/wp-json\/wp\/v2\/posts\/2759\/revisions\/2796"}],"wp:featuredmedia":[{"embeddable":true,"href":"https:\/\/agora.xtec.cat\/escolajosepfuste\/wp-json\/wp\/v2\/media\/2762"}],"wp:attachment":[{"href":"https:\/\/agora.xtec.cat\/escolajosepfuste\/wp-json\/wp\/v2\/media?parent=2759"}],"wp:term":[{"taxonomy":"category","embeddable":true,"href":"https:\/\/agora.xtec.cat\/escolajosepfuste\/wp-json\/wp\/v2\/categories?post=2759"},{"taxonomy":"post_tag","embeddable":true,"href":"https:\/\/agora.xtec.cat\/escolajosepfuste\/wp-json\/wp\/v2\/tags?post=2759"}],"curies":[{"name":"wp","href":"https:\/\/api.w.org\/{rel}","templated":true}]}}