{"id":2707,"date":"2023-06-29T12:52:59","date_gmt":"2023-06-29T10:52:59","guid":{"rendered":"https:\/\/agora.xtec.cat\/escolajosepfuste\/?p=2707"},"modified":"2023-06-29T13:04:21","modified_gmt":"2023-06-29T11:04:21","slug":"projecte-masroig-solidari","status":"publish","type":"post","link":"https:\/\/agora.xtec.cat\/escolajosepfuste\/portada\/projecte-masroig-solidari\/","title":{"rendered":"Projecte Masroig Solidari"},"content":{"rendered":"<p>Aqu\u00ed trobareu l&#8217;enlla\u00e7 on l&#8217;alumnat us explica el treball realitzat a l&#8217;escola sobre c\u00e0ncer infantil emmarcat en el Projecte Masroig Solidari<\/p>\n<p><img loading=\"lazy\" decoding=\"async\" class=\"size-full wp-image-2710 aligncenter\" src=\"https:\/\/agora.xtec.cat\/escolajosepfuste\/wp-content\/uploads\/usu1810\/2023\/06\/baixa.png\" alt=\"\" width=\"242\" height=\"208\" \/><\/p>\n<p style=\"text-align: center;\"><a href=\"https:\/\/drive.google.com\/file\/d\/1YRnbL_eJcBWviufmQzDiPrNPi-zVLSrh\/view?usp=sharing\">Enlla\u00e7 v\u00eddeo Projecte Masroig solidari\u00a0<\/a><\/p>\n","protected":false},"excerpt":{"rendered":"<p>Aqu\u00ed trobareu l&#8217;enlla\u00e7 on l&#8217;alumnat us explica el treball realitzat a l&#8217;escola sobre c\u00e0ncer infantil emmarcat en el Projecte Masroig Solidari<\/p>\n<p><a href=\"https:\/\/drive.google.com\/file\/d\/1YRnbL_eJcBWviufmQzDiPrNPi-zVLSrh\/view?usp=sharing\">Enlla\u00e7 v\u00eddeo Projecte Masroig solidari\u00a0<\/a><\/p>\n","protected":false},"author":1,"featured_media":0,"comment_status":"closed","ping_status":"closed","sticky":false,"template":"","format":"standard","meta":{"_bbp_topic_count":0,"_bbp_reply_count":0,"_bbp_total_topic_count":0,"_bbp_total_reply_count":0,"_bbp_voice_count":0,"_bbp_anonymous_reply_count":0,"_bbp_topic_count_hidden":0,"_bbp_reply_count_hidden":0,"_bbp_forum_subforum_count":0,"footnotes":""},"categories":[4],"tags":[],"class_list":["post-2707","post","type-post","status-publish","format-standard","hentry","category-portada"],"post_mailing_queue_ids":[],"_links":{"self":[{"href":"https:\/\/agora.xtec.cat\/escolajosepfuste\/wp-json\/wp\/v2\/posts\/2707","targetHints":{"allow":["GET"]}}],"collection":[{"href":"https:\/\/agora.xtec.cat\/escolajosepfuste\/wp-json\/wp\/v2\/posts"}],"about":[{"href":"https:\/\/agora.xtec.cat\/escolajosepfuste\/wp-json\/wp\/v2\/types\/post"}],"author":[{"embeddable":true,"href":"https:\/\/agora.xtec.cat\/escolajosepfuste\/wp-json\/wp\/v2\/users\/1"}],"replies":[{"embeddable":true,"href":"https:\/\/agora.xtec.cat\/escolajosepfuste\/wp-json\/wp\/v2\/comments?post=2707"}],"version-history":[{"count":3,"href":"https:\/\/agora.xtec.cat\/escolajosepfuste\/wp-json\/wp\/v2\/posts\/2707\/revisions"}],"predecessor-version":[{"id":2712,"href":"https:\/\/agora.xtec.cat\/escolajosepfuste\/wp-json\/wp\/v2\/posts\/2707\/revisions\/2712"}],"wp:attachment":[{"href":"https:\/\/agora.xtec.cat\/escolajosepfuste\/wp-json\/wp\/v2\/media?parent=2707"}],"wp:term":[{"taxonomy":"category","embeddable":true,"href":"https:\/\/agora.xtec.cat\/escolajosepfuste\/wp-json\/wp\/v2\/categories?post=2707"},{"taxonomy":"post_tag","embeddable":true,"href":"https:\/\/agora.xtec.cat\/escolajosepfuste\/wp-json\/wp\/v2\/tags?post=2707"}],"curies":[{"name":"wp","href":"https:\/\/api.w.org\/{rel}","templated":true}]}}