{"id":2638,"date":"2022-12-07T08:00:03","date_gmt":"2022-12-07T07:00:03","guid":{"rendered":"https:\/\/agora.xtec.cat\/escolajosepfuste\/?p=2638"},"modified":"2022-12-05T11:15:35","modified_gmt":"2022-12-05T10:15:35","slug":"nadal-2022","status":"publish","type":"post","link":"https:\/\/agora.xtec.cat\/escolajosepfuste\/portada\/nadal-2022\/","title":{"rendered":"Nadal 2022"},"content":{"rendered":"<p style=\"font-weight: 400;\">Benvolgudes fam\u00edlies,<\/p>\n<p><a href=\"https:\/\/drive.google.com\/uc?id=179lNmgjrQceEcdnaOGjoQwItXYyFw3Zq\" target=\"_blank\" rel=\"noopener\"><img loading=\"lazy\" decoding=\"async\" class=\"alignright\" src=\"https:\/\/drive.google.com\/uc?id=179lNmgjrQceEcdnaOGjoQwItXYyFw3Zq\" alt=\"\" width=\"306\" height=\"428\" \/><\/a><\/p>\n<p style=\"font-weight: 400;\">Us informem de les activitats de Nadal que realitzarem aquests dies:<\/p>\n<ul>\n<li><b><strong>Dilluns 12 de desembre: <\/strong><\/b>Arribada del Ti\u00f3 a l\u2019escola.<\/li>\n<li><strong>\u00a0<\/strong><b style=\"font-family: inherit; font-size: 1em;\"><strong>Dimecr<\/strong><\/b><b style=\"font-family: inherit; font-size: 1em;\"><strong>es 14 de desembre<\/strong><\/b><b style=\"font-family: inherit; font-size: 1em;\">:\u00a0<\/b><span style=\"font-family: inherit; font-size: 1em;\">Cantada de nadales pels avis del Casal- alumnes de 2n.<\/span><\/li>\n<li><strong>Dimecres 14 de desembre- Tarda 16h<\/strong>: Berenar solidari Marat\u00f3 2022- Coca amb xocolata (donatiu 1\u20ac). Pati de l&#8217;escola-\u00a0\u00a0Activitat conjunta AMPA i Escola.<\/li>\n<li><b><strong>Divendres 16 de desembre:\u00a0<\/strong><\/b>Representaci\u00f3 dels Pastorets a c\u00e0rrec dels alumnes de 3r, al gimn\u00e0s (tarda).<\/li>\n<li><b><strong>Dilluns 19 de desembre:<\/strong><\/b>\u00a0Recollida de les Cartes dels Reis pels Patges (a la tarda-gimn\u00e0s).<\/li>\n<li><b><strong>Dimarts 20 de desembre:<\/strong><\/b>\u00a0Concert de Nadal al Pavell\u00f3 14.45h-\u00a0<u>Obert a les fam\u00edlies.<\/u><\/li>\n<li><b><strong>Dimecres 21 de desembre:\u00a0<\/strong><\/b>Farem cagar el Ti\u00f3 (tots els alumnes)- Col\u00b7laboraci\u00f3 AMPA.\u00a0<\/li>\n<\/ul>\n<p style=\"font-weight: 400;\">Us informem que el\u00a0<strong>dimecres 21 de desembre es realitzar\u00e0 jornada intensiva<\/strong>\u00a0per a tots (de 9h a 13h).\u00a0<\/p>\n<p style=\"font-weight: 400;\">El servei de menjador ser\u00e0 de 13h a les 15h.<\/p>\n<p style=\"font-weight: 400;\">La recollida dels alumnes d\u2019infantil\u00a0i prim\u00e0ria que fan \u00fas del menjador es far\u00e0 pel carrer Puigcerver.<\/p>\n<p>&nbsp;<\/p>\n<p style=\"font-weight: 400;\">Les classes del\u00a0<strong>segon trimestre<\/strong>\u00a0s\u2019iniciaran el\u00a0<strong>dilluns 9 de gener de 2023.<\/strong><\/p>\n<p><span style=\"font-family: inherit; font-size: 1em;\">BON\u00a0 NADAL!<\/span><\/p>\n<p style=\"font-weight: 400;\"><strong>L\u2019Equip de Mestres.<\/strong><\/p>\n","protected":false},"excerpt":{"rendered":"<p>Benvolgudes fam\u00edlies,<br \/>\n<a href=\"https:\/\/drive.google.com\/uc?id=179lNmgjrQceEcdnaOGjoQwItXYyFw3Zq\" target=\"_blank\" rel=\"noopener\"><\/a><br \/>\nUs informem de les activitats de Nadal que realitzarem aquests dies:<\/p>\n<ul>\n<li>Dilluns 12 de desembre: Arribada del Ti\u00f3 a l\u2019escola.<\/li>\n<li>\u00a0Dimecres 14 de desembre:\u00a0Cantada de nadales pels avis del Casal- alumnes de 2n.<\/li>\n<li>Dimecres 14 de desembre- Tarda 16h: Berenar solidari Marat\u00f3 2022- Coca&hellip;  <a href=\"https:\/\/agora.xtec.cat\/escolajosepfuste\/portada\/nadal-2022\/\" title=\"Read Nadal 2022\">Llegeix m\u00e9s\u00bb<\/a><br \/>\n","protected":false},"author":1,"featured_media":0,"comment_status":"closed","ping_status":"closed","sticky":false,"template":"","format":"standard","meta":{"_bbp_topic_count":0,"_bbp_reply_count":0,"_bbp_total_topic_count":0,"_bbp_total_reply_count":0,"_bbp_voice_count":0,"_bbp_anonymous_reply_count":0,"_bbp_topic_count_hidden":0,"_bbp_reply_count_hidden":0,"_bbp_forum_subforum_count":0,"footnotes":""},"categories":[4],"tags":[],"class_list":["post-2638","post","type-post","status-publish","format-standard","hentry","category-portada"],"post_mailing_queue_ids":[],"_links":{"self":[{"href":"https:\/\/agora.xtec.cat\/escolajosepfuste\/wp-json\/wp\/v2\/posts\/2638","targetHints":{"allow":["GET"]}}],"collection":[{"href":"https:\/\/agora.xtec.cat\/escolajosepfuste\/wp-json\/wp\/v2\/posts"}],"about":[{"href":"https:\/\/agora.xtec.cat\/escolajosepfuste\/wp-json\/wp\/v2\/types\/post"}],"author":[{"embeddable":true,"href":"https:\/\/agora.xtec.cat\/escolajosepfuste\/wp-json\/wp\/v2\/users\/1"}],"replies":[{"embeddable":true,"href":"https:\/\/agora.xtec.cat\/escolajosepfuste\/wp-json\/wp\/v2\/comments?post=2638"}],"version-history":[{"count":2,"href":"https:\/\/agora.xtec.cat\/escolajosepfuste\/wp-json\/wp\/v2\/posts\/2638\/revisions"}],"predecessor-version":[{"id":2642,"href":"https:\/\/agora.xtec.cat\/escolajosepfuste\/wp-json\/wp\/v2\/posts\/2638\/revisions\/2642"}],"wp:attachment":[{"href":"https:\/\/agora.xtec.cat\/escolajosepfuste\/wp-json\/wp\/v2\/media?parent=2638"}],"wp:term":[{"taxonomy":"category","embeddable":true,"href":"https:\/\/agora.xtec.cat\/escolajosepfuste\/wp-json\/wp\/v2\/categories?post=2638"},{"taxonomy":"post_tag","embeddable":true,"href":"https:\/\/agora.xtec.cat\/escolajosepfuste\/wp-json\/wp\/v2\/tags?post=2638"}],"curies":[{"name":"wp","href":"https:\/\/api.w.org\/{rel}","templated":true}]}}