{"id":2636,"date":"2022-12-05T10:16:22","date_gmt":"2022-12-05T09:16:22","guid":{"rendered":"https:\/\/agora.xtec.cat\/escolajosepfuste\/?p=2636"},"modified":"2022-12-21T11:26:22","modified_gmt":"2022-12-21T10:26:22","slug":"la-marato-2022","status":"publish","type":"post","link":"https:\/\/agora.xtec.cat\/escolajosepfuste\/portada\/la-marato-2022\/","title":{"rendered":"La Marat\u00f3 2022"},"content":{"rendered":"<p>Activitat &#8220;<strong>Contes que omplen el cor<\/strong>&#8221; tindr\u00e0 lloc el dilluns 12 de desembre a les 17.30h a la Biblioteca del poble.<\/p>\n<p>La recaptaci\u00f3 ser\u00e0 destinada \u00edntegrament a la Marat\u00f3 de TV3 2022 dedicada enguany a la Salut Cardiovascular.<\/p>\n<p>Us animen a participar-hi!<\/p>\n<p><a href=\"https:\/\/lh3.googleusercontent.com\/hsl9yoUdKgYFB_Gsoh5ALypSuVUmMm8uFV5CxdgL19PDHRNcZeljoomkMUgi3tvfTYFy-yj2sPV8U4biyVIVCeRnVfUMRGPJd741vhZJbfYmG-N-2YxP0Pgj8IQh8bk2us31XTvFcqgJMvQYyyyRdKSJW1cv4WNNJ2mBEpz1SyRQddI0KXMGgLrpUbGgN5NqjBi7ksaz2sBdfU595wR5_rPh9OWTjN4O6Quet-uz3xEB0OxsNCvUXIm8RjrjZmLOM_OGxqHX4vEAeKc0vwF6gY3IlvOd-h49tnDBr3hODFTvjYcFE3VWuk0OAEDTX4btmoY_TY239366aeG1MGY3LjsmyrEmJTaNKOmHFuxQjMcWYeoLKj_r75YZCO4viLD57bvbPHCadjHTx5qII041nNhrIP-zsz5GkA5EfImWHS02HdvQT5xq6o02fB-WJ90yQ8NajUvCyWu48XLrH1MoUTa_fxgLQloQ82Ipd69zSxmFqbsrWfL8rlBnU0fw2LbWyaFtaACQxjxHl7QcFcxGiW5_YxY3LMWQUHlrtSwBP-xh6rj1iVX_kA3dw9y_cEltG9PVXzXPwUA06HPhjFJbikG4FQkJojTYnMQGzgJAJtvVXl3ljUVTWpReYsafydvl_eCdeS-9ZKygYL6wWqjlWkxSEr7yn-YiklkZkJQMJUIXXu3VhahjsB8-LQ1sTyExVkgfttCcHbU8T9uyaO3EE2fYuRNZE7sSVTdG_dARxi_xujCWGPLpBl7MwmT_YZrkWbsebM0D9etPPekFXjOi8562VC9ZSIxP0l_zXz-Y0yES2aptEzM-q4TshVCYra5jSpl_UYU005g6CTLF6K4GFMCPduum3gl5pdSmXIOjry_e2j517whLP1PKbGKX0CSBMlo_NaYWgVckqyXfLUj-147Jl7R5TDO6ZXhIlqwXBcs_KBvSsGw45-VqgcRZ_PehLVM9DO85dI2p79TvQg=w623-h880-no?authuser=1\"><img loading=\"lazy\" decoding=\"async\" class=\"alignleft size-large\" src=\"https:\/\/lh3.googleusercontent.com\/hsl9yoUdKgYFB_Gsoh5ALypSuVUmMm8uFV5CxdgL19PDHRNcZeljoomkMUgi3tvfTYFy-yj2sPV8U4biyVIVCeRnVfUMRGPJd741vhZJbfYmG-N-2YxP0Pgj8IQh8bk2us31XTvFcqgJMvQYyyyRdKSJW1cv4WNNJ2mBEpz1SyRQddI0KXMGgLrpUbGgN5NqjBi7ksaz2sBdfU595wR5_rPh9OWTjN4O6Quet-uz3xEB0OxsNCvUXIm8RjrjZmLOM_OGxqHX4vEAeKc0vwF6gY3IlvOd-h49tnDBr3hODFTvjYcFE3VWuk0OAEDTX4btmoY_TY239366aeG1MGY3LjsmyrEmJTaNKOmHFuxQjMcWYeoLKj_r75YZCO4viLD57bvbPHCadjHTx5qII041nNhrIP-zsz5GkA5EfImWHS02HdvQT5xq6o02fB-WJ90yQ8NajUvCyWu48XLrH1MoUTa_fxgLQloQ82Ipd69zSxmFqbsrWfL8rlBnU0fw2LbWyaFtaACQxjxHl7QcFcxGiW5_YxY3LMWQUHlrtSwBP-xh6rj1iVX_kA3dw9y_cEltG9PVXzXPwUA06HPhjFJbikG4FQkJojTYnMQGzgJAJtvVXl3ljUVTWpReYsafydvl_eCdeS-9ZKygYL6wWqjlWkxSEr7yn-YiklkZkJQMJUIXXu3VhahjsB8-LQ1sTyExVkgfttCcHbU8T9uyaO3EE2fYuRNZE7sSVTdG_dARxi_xujCWGPLpBl7MwmT_YZrkWbsebM0D9etPPekFXjOi8562VC9ZSIxP0l_zXz-Y0yES2aptEzM-q4TshVCYra5jSpl_UYU005g6CTLF6K4GFMCPduum3gl5pdSmXIOjry_e2j517whLP1PKbGKX0CSBMlo_NaYWgVckqyXfLUj-147Jl7R5TDO6ZXhIlqwXBcs_KBvSsGw45-VqgcRZ_PehLVM9DO85dI2p79TvQg=w623-h880-no?authuser=1\" width=\"622\" height=\"880\" \/><\/a><\/p>\n<p>&nbsp;<\/p>\n","protected":false},"excerpt":{"rendered":"<p>Activitat &#8220;Contes que omplen el cor&#8221; tindr\u00e0 lloc el dilluns 12 de desembre a les 17.30h a la Biblioteca del poble.<br \/>\nLa recaptaci\u00f3 ser\u00e0 destinada \u00edntegrament a la Marat\u00f3 de TV3 2022 dedicada enguany a la Salut Cardiovascular.<br \/>\nUs animen a participar-hi!<br \/>\n<a href=\"https:\/\/lh3.googleusercontent.com\/hsl9yoUdKgYFB_Gsoh5ALypSuVUmMm8uFV5CxdgL19PDHRNcZeljoomkMUgi3tvfTYFy-yj2sPV8U4biyVIVCeRnVfUMRGPJd741vhZJbfYmG-N-2YxP0Pgj8IQh8bk2us31XTvFcqgJMvQYyyyRdKSJW1cv4WNNJ2mBEpz1SyRQddI0KXMGgLrpUbGgN5NqjBi7ksaz2sBdfU595wR5_rPh9OWTjN4O6Quet-uz3xEB0OxsNCvUXIm8RjrjZmLOM_OGxqHX4vEAeKc0vwF6gY3IlvOd-h49tnDBr3hODFTvjYcFE3VWuk0OAEDTX4btmoY_TY239366aeG1MGY3LjsmyrEmJTaNKOmHFuxQjMcWYeoLKj_r75YZCO4viLD57bvbPHCadjHTx5qII041nNhrIP-zsz5GkA5EfImWHS02HdvQT5xq6o02fB-WJ90yQ8NajUvCyWu48XLrH1MoUTa_fxgLQloQ82Ipd69zSxmFqbsrWfL8rlBnU0fw2LbWyaFtaACQxjxHl7QcFcxGiW5_YxY3LMWQUHlrtSwBP-xh6rj1iVX_kA3dw9y_cEltG9PVXzXPwUA06HPhjFJbikG4FQkJojTYnMQGzgJAJtvVXl3ljUVTWpReYsafydvl_eCdeS-9ZKygYL6wWqjlWkxSEr7yn-YiklkZkJQMJUIXXu3VhahjsB8-LQ1sTyExVkgfttCcHbU8T9uyaO3EE2fYuRNZE7sSVTdG_dARxi_xujCWGPLpBl7MwmT_YZrkWbsebM0D9etPPekFXjOi8562VC9ZSIxP0l_zXz-Y0yES2aptEzM-q4TshVCYra5jSpl_UYU005g6CTLF6K4GFMCPduum3gl5pdSmXIOjry_e2j517whLP1PKbGKX0CSBMlo_NaYWgVckqyXfLUj-147Jl7R5TDO6ZXhIlqwXBcs_KBvSsGw45-VqgcRZ_PehLVM9DO85dI2p79TvQg=w623-h880-no?authuser=1\"><\/a><br \/>\n&nbsp;<\/p>\n","protected":false},"author":1,"featured_media":0,"comment_status":"closed","ping_status":"closed","sticky":false,"template":"","format":"standard","meta":{"_bbp_topic_count":0,"_bbp_reply_count":0,"_bbp_total_topic_count":0,"_bbp_total_reply_count":0,"_bbp_voice_count":0,"_bbp_anonymous_reply_count":0,"_bbp_topic_count_hidden":0,"_bbp_reply_count_hidden":0,"_bbp_forum_subforum_count":0,"footnotes":""},"categories":[4],"tags":[],"class_list":["post-2636","post","type-post","status-publish","format-standard","hentry","category-portada"],"post_mailing_queue_ids":[],"_links":{"self":[{"href":"https:\/\/agora.xtec.cat\/escolajosepfuste\/wp-json\/wp\/v2\/posts\/2636","targetHints":{"allow":["GET"]}}],"collection":[{"href":"https:\/\/agora.xtec.cat\/escolajosepfuste\/wp-json\/wp\/v2\/posts"}],"about":[{"href":"https:\/\/agora.xtec.cat\/escolajosepfuste\/wp-json\/wp\/v2\/types\/post"}],"author":[{"embeddable":true,"href":"https:\/\/agora.xtec.cat\/escolajosepfuste\/wp-json\/wp\/v2\/users\/1"}],"replies":[{"embeddable":true,"href":"https:\/\/agora.xtec.cat\/escolajosepfuste\/wp-json\/wp\/v2\/comments?post=2636"}],"version-history":[{"count":3,"href":"https:\/\/agora.xtec.cat\/escolajosepfuste\/wp-json\/wp\/v2\/posts\/2636\/revisions"}],"predecessor-version":[{"id":2648,"href":"https:\/\/agora.xtec.cat\/escolajosepfuste\/wp-json\/wp\/v2\/posts\/2636\/revisions\/2648"}],"wp:attachment":[{"href":"https:\/\/agora.xtec.cat\/escolajosepfuste\/wp-json\/wp\/v2\/media?parent=2636"}],"wp:term":[{"taxonomy":"category","embeddable":true,"href":"https:\/\/agora.xtec.cat\/escolajosepfuste\/wp-json\/wp\/v2\/categories?post=2636"},{"taxonomy":"post_tag","embeddable":true,"href":"https:\/\/agora.xtec.cat\/escolajosepfuste\/wp-json\/wp\/v2\/tags?post=2636"}],"curies":[{"name":"wp","href":"https:\/\/api.w.org\/{rel}","templated":true}]}}