{"id":2626,"date":"2022-11-14T12:01:38","date_gmt":"2022-11-14T11:01:38","guid":{"rendered":"https:\/\/agora.xtec.cat\/escolajosepfuste\/?p=2626"},"modified":"2022-11-14T12:43:50","modified_gmt":"2022-11-14T11:43:50","slug":"santa-cecilia","status":"publish","type":"post","link":"https:\/\/agora.xtec.cat\/escolajosepfuste\/portada\/santa-cecilia\/","title":{"rendered":"Santa Cec\u00edlia"},"content":{"rendered":"<p>Benvolgudes fam\u00edlies,<\/p>\n<p>adjunt us fem arribar el cartell de <strong>Santa Cec\u00edlia 2022<\/strong>, <strong>patrona de la m\u00fasica<\/strong>.<\/p>\n<p>Aquest any gira entorn del <strong>ball<\/strong>:<\/p>\n<p>&#8211; <strong>Divendres 18 de novembre<\/strong>: exhibici\u00f3 de balls de sal\u00f3 a c\u00e0rrec de la <span style=\"text-decoration: underline;\">Mia Portillo<\/span>, alumna de 3r, i Carlos Pe\u00f1a<\/p>\n<p>&#8211; <strong>Dimarts 22 de novembre:<\/strong> Coreografia a c\u00e0rrec de <span style=\"text-decoration: underline;\">Gemma Espada<\/span>, directora de l&#8217;Escola de Dansa d&#8217;Alforja (Celebraci\u00f3 15 anys de direcci\u00f3)<\/p>\n<p>Salut i m\u00fasica!! \ud83c\udfb6<\/p>\n<p><img loading=\"lazy\" decoding=\"async\" class=\"\" src=\"https:\/\/drive.google.com\/uc?id=1oPpDtlwuE7SH2x47IYt663YSNlgArM3p\" alt=\"\" width=\"573\" height=\"803\" \/><\/p>\n","protected":false},"excerpt":{"rendered":"<p>Benvolgudes fam\u00edlies,<br \/>\nadjunt us fem arribar el cartell de Santa Cec\u00edlia 2022, patrona de la m\u00fasica.<br \/>\nAquest any gira entorn del ball:<br \/>\n&#8211; Divendres 18 de novembre: exhibici\u00f3 de balls de sal\u00f3 a c\u00e0rrec de la Mia Portillo, alumna de 3r, i Carlos Pe\u00f1a<br \/>\n&#8211; Dimarts 22 de novembre:&hellip;  <a href=\"https:\/\/agora.xtec.cat\/escolajosepfuste\/portada\/santa-cecilia\/\" title=\"Read Santa Cec\u00edlia\">Llegeix m\u00e9s\u00bb<\/a><\/p>\n","protected":false},"author":1,"featured_media":0,"comment_status":"closed","ping_status":"closed","sticky":false,"template":"","format":"standard","meta":{"_bbp_topic_count":0,"_bbp_reply_count":0,"_bbp_total_topic_count":0,"_bbp_total_reply_count":0,"_bbp_voice_count":0,"_bbp_anonymous_reply_count":0,"_bbp_topic_count_hidden":0,"_bbp_reply_count_hidden":0,"_bbp_forum_subforum_count":0,"footnotes":""},"categories":[4],"tags":[],"class_list":["post-2626","post","type-post","status-publish","format-standard","hentry","category-portada"],"post_mailing_queue_ids":[],"_links":{"self":[{"href":"https:\/\/agora.xtec.cat\/escolajosepfuste\/wp-json\/wp\/v2\/posts\/2626","targetHints":{"allow":["GET"]}}],"collection":[{"href":"https:\/\/agora.xtec.cat\/escolajosepfuste\/wp-json\/wp\/v2\/posts"}],"about":[{"href":"https:\/\/agora.xtec.cat\/escolajosepfuste\/wp-json\/wp\/v2\/types\/post"}],"author":[{"embeddable":true,"href":"https:\/\/agora.xtec.cat\/escolajosepfuste\/wp-json\/wp\/v2\/users\/1"}],"replies":[{"embeddable":true,"href":"https:\/\/agora.xtec.cat\/escolajosepfuste\/wp-json\/wp\/v2\/comments?post=2626"}],"version-history":[{"count":3,"href":"https:\/\/agora.xtec.cat\/escolajosepfuste\/wp-json\/wp\/v2\/posts\/2626\/revisions"}],"predecessor-version":[{"id":2630,"href":"https:\/\/agora.xtec.cat\/escolajosepfuste\/wp-json\/wp\/v2\/posts\/2626\/revisions\/2630"}],"wp:attachment":[{"href":"https:\/\/agora.xtec.cat\/escolajosepfuste\/wp-json\/wp\/v2\/media?parent=2626"}],"wp:term":[{"taxonomy":"category","embeddable":true,"href":"https:\/\/agora.xtec.cat\/escolajosepfuste\/wp-json\/wp\/v2\/categories?post=2626"},{"taxonomy":"post_tag","embeddable":true,"href":"https:\/\/agora.xtec.cat\/escolajosepfuste\/wp-json\/wp\/v2\/tags?post=2626"}],"curies":[{"name":"wp","href":"https:\/\/api.w.org\/{rel}","templated":true}]}}