{"id":75,"count":1,"description":"<p>L'AMPA del nostre centre:<\/p>\r\n<p style=\"text-align: justify;\">Organitza activitats extraescolars.<br \/>\r\n<br \/>\r\nGestiona l'Acollida Matinal (de 7:30h a 9:00h del mat\u00ed) i l'Acollida del Migdia (de 12:30h a 13:30h).<br \/>\r\nGestiona el Menjador.<br \/>\r\nCol\u00b7labora en les festes de la Castanyada, Nadal, la Mona i Final de curs.<br \/>\r\nD\u00f3na suport a l'escola.<\/p>\r\n<p style=\"text-align: justify;\">Ofereix el servei d'acollida gratu\u00efta pels socis, en les reunions generals i de tutoria, com tamb\u00e9 en confer\u00e8ncies i xerrades destinades a fam\u00edlies.<\/p>\r\n<p>Per a m\u00e9s informaci\u00f3 els podeu trobar al facebook: AMPA Josep Fust\u00e9<\/p>\r\n<p>I per correu electr\u00f2nic: josepfusterampa@gmail.com<\/p>","link":"https:\/\/agora.xtec.cat\/escolajosepfuste\/categoria\/ampa\/","name":"AMPA","slug":"ampa","taxonomy":"category","parent":0,"meta":[],"_links":{"self":[{"href":"https:\/\/agora.xtec.cat\/escolajosepfuste\/wp-json\/wp\/v2\/categories\/75","targetHints":{"allow":["GET"]}}],"collection":[{"href":"https:\/\/agora.xtec.cat\/escolajosepfuste\/wp-json\/wp\/v2\/categories"}],"about":[{"href":"https:\/\/agora.xtec.cat\/escolajosepfuste\/wp-json\/wp\/v2\/taxonomies\/category"}],"wp:post_type":[{"href":"https:\/\/agora.xtec.cat\/escolajosepfuste\/wp-json\/wp\/v2\/posts?categories=75"}],"curies":[{"name":"wp","href":"https:\/\/api.w.org\/{rel}","templated":true}]}}