{"id":9133,"date":"2019-05-27T15:35:12","date_gmt":"2019-05-27T13:35:12","guid":{"rendered":"http:\/\/escolasalarich.net\/?p=9133"},"modified":"2021-08-04T18:14:30","modified_gmt":"2021-08-04T16:14:30","slug":"projecte-0-6-pistoia","status":"publish","type":"post","link":"https:\/\/agora.xtec.cat\/escolajoaquimsalarich\/educacio-infantil\/projecte-0-6-pistoia\/","title":{"rendered":"PROJECTE 0-6: PISTOIA"},"content":{"rendered":"<p>Les mestres d\u2019infantil de l\u2019escola han participat en el projecte \u201cCoher\u00e8ncia i continu\u00eftat educativa en l\u2019etapa de 0 a 6 anys\u201d al llarg dels \u00faltims cinc anys. Aquest s\u2019ha basat en la formaci\u00f3 de professionals per aconseguir canvis reals a dins els centres, fugint de projectes puntuals i vetllant per la continu\u00eftat de les transformacions promogudes.<\/p>\n<p>&nbsp;<\/p>\n<p>Les reflexions entorn als espais i les aules, l\u2019autonomia, les capacitats dels infants, la gesti\u00f3 del temps i l\u2019organitzaci\u00f3 de l\u2019escola han estat els pilars en qu\u00e8 s\u2019ha estructurat aquest projecte de transformaci\u00f3.<\/p>\n<p>&nbsp;<\/p>\n<p>El passat mes d\u2019abril, durant tres dies, dues representants del nostre equip d\u2019infantil van participar en un viatge formatiu que es va fer a Pistoia (It\u00e0lia) visitant escoles bressol, escoles d\u2019infantil i \u201carea bambini\u201d de l\u2019Ajuntament de la ciutat, juntament amb altres mestres de centres educatius de Vic, professorat de la UVic i t\u00e8cnics de l\u2019Ajuntament de Vic. L\u2019objectiu era fer una immersi\u00f3 a l\u2019enfocament educatiu de les escoles infantils de Pistoia per a poder reflexionar sobre la nostra pr\u00f2pia pr\u00e0ctica educativa i poder fer transformacions necess\u00e0ries en els nostres centres. En aquesta l\u00ednia, des de l\u2019escola Salarich ho hem viscut com una oportunitat per a assumir nous reptes sempre necessaris des del punt de vista educatiu.<\/p>\n<p>Com a tancament de projecte, el passat dijous 23 de maig, l\u2019escola ha acollit la visita institucional de representants dels serveis educatius de Pistoia, representants de la UVic i de l\u2019Ajuntament. En aquesta visita hem tingut l\u2019oportunitat de mostrar el nostre projecte d\u2019educaci\u00f3 infantil vinculat al Projecte \u00a00-6.<\/p>\n<p><a href=\"https:\/\/agora.xtec.cat\/escolajoaquimsalarich\/wp-content\/uploads\/usu2205\/2019\/05\/IMG-20190523-WA0009-1024x768-1.jpg\"><img loading=\"lazy\" decoding=\"async\" class=\"alignnone size-large wp-image-12942\" src=\"https:\/\/agora.xtec.cat\/escolajoaquimsalarich\/wp-content\/uploads\/usu2205\/2019\/05\/IMG-20190523-WA0009-1024x768-1.jpg\" alt=\"\" width=\"1024\" height=\"768\" srcset=\"https:\/\/agora.xtec.cat\/escolajoaquimsalarich\/wp-content\/uploads\/usu2205\/2019\/05\/IMG-20190523-WA0009-1024x768-1.jpg 1024w, https:\/\/agora.xtec.cat\/escolajoaquimsalarich\/wp-content\/uploads\/usu2205\/2019\/05\/IMG-20190523-WA0009-1024x768-1-300x225.jpg 300w, https:\/\/agora.xtec.cat\/escolajoaquimsalarich\/wp-content\/uploads\/usu2205\/2019\/05\/IMG-20190523-WA0009-1024x768-1-768x576.jpg 768w, https:\/\/agora.xtec.cat\/escolajoaquimsalarich\/wp-content\/uploads\/usu2205\/2019\/05\/IMG-20190523-WA0009-1024x768-1-200x150.jpg 200w\" sizes=\"auto, (max-width: 1024px) 100vw, 1024px\" \/><\/a> <a href=\"https:\/\/agora.xtec.cat\/escolajoaquimsalarich\/wp-content\/uploads\/usu2205\/2019\/05\/IMG_20190307_154209-1024x988-1.jpg\"><img loading=\"lazy\" decoding=\"async\" class=\"alignnone size-large wp-image-12943\" src=\"https:\/\/agora.xtec.cat\/escolajoaquimsalarich\/wp-content\/uploads\/usu2205\/2019\/05\/IMG_20190307_154209-1024x988-1.jpg\" alt=\"\" width=\"1024\" height=\"988\" srcset=\"https:\/\/agora.xtec.cat\/escolajoaquimsalarich\/wp-content\/uploads\/usu2205\/2019\/05\/IMG_20190307_154209-1024x988-1.jpg 1024w, https:\/\/agora.xtec.cat\/escolajoaquimsalarich\/wp-content\/uploads\/usu2205\/2019\/05\/IMG_20190307_154209-1024x988-1-300x289.jpg 300w, https:\/\/agora.xtec.cat\/escolajoaquimsalarich\/wp-content\/uploads\/usu2205\/2019\/05\/IMG_20190307_154209-1024x988-1-768x741.jpg 768w\" sizes=\"auto, (max-width: 1024px) 100vw, 1024px\" \/><\/a> <a href=\"https:\/\/agora.xtec.cat\/escolajoaquimsalarich\/wp-content\/uploads\/usu2205\/2019\/05\/IMG_20190117_160357-1024x768-1.jpg\"><img loading=\"lazy\" decoding=\"async\" class=\"alignnone size-large wp-image-12944\" src=\"https:\/\/agora.xtec.cat\/escolajoaquimsalarich\/wp-content\/uploads\/usu2205\/2019\/05\/IMG_20190117_160357-1024x768-1.jpg\" alt=\"\" width=\"1024\" height=\"768\" srcset=\"https:\/\/agora.xtec.cat\/escolajoaquimsalarich\/wp-content\/uploads\/usu2205\/2019\/05\/IMG_20190117_160357-1024x768-1.jpg 1024w, https:\/\/agora.xtec.cat\/escolajoaquimsalarich\/wp-content\/uploads\/usu2205\/2019\/05\/IMG_20190117_160357-1024x768-1-300x225.jpg 300w, https:\/\/agora.xtec.cat\/escolajoaquimsalarich\/wp-content\/uploads\/usu2205\/2019\/05\/IMG_20190117_160357-1024x768-1-768x576.jpg 768w, https:\/\/agora.xtec.cat\/escolajoaquimsalarich\/wp-content\/uploads\/usu2205\/2019\/05\/IMG_20190117_160357-1024x768-1-200x150.jpg 200w\" sizes=\"auto, (max-width: 1024px) 100vw, 1024px\" \/><\/a> <a href=\"https:\/\/agora.xtec.cat\/escolajoaquimsalarich\/wp-content\/uploads\/usu2205\/2019\/05\/IMG_6478-768x1024-1.jpg\"><img loading=\"lazy\" decoding=\"async\" class=\"alignnone size-large wp-image-12945\" src=\"https:\/\/agora.xtec.cat\/escolajoaquimsalarich\/wp-content\/uploads\/usu2205\/2019\/05\/IMG_6478-768x1024-1.jpg\" alt=\"\" width=\"768\" height=\"1024\" srcset=\"https:\/\/agora.xtec.cat\/escolajoaquimsalarich\/wp-content\/uploads\/usu2205\/2019\/05\/IMG_6478-768x1024-1.jpg 768w, https:\/\/agora.xtec.cat\/escolajoaquimsalarich\/wp-content\/uploads\/usu2205\/2019\/05\/IMG_6478-768x1024-1-225x300.jpg 225w\" sizes=\"auto, (max-width: 768px) 100vw, 768px\" \/><\/a> <a href=\"https:\/\/agora.xtec.cat\/escolajoaquimsalarich\/wp-content\/uploads\/usu2205\/2019\/05\/20190416_114237-1024x768-1.jpg\"><img loading=\"lazy\" decoding=\"async\" class=\"alignnone size-large wp-image-12946\" src=\"https:\/\/agora.xtec.cat\/escolajoaquimsalarich\/wp-content\/uploads\/usu2205\/2019\/05\/20190416_114237-1024x768-1.jpg\" alt=\"\" width=\"1024\" height=\"768\" srcset=\"https:\/\/agora.xtec.cat\/escolajoaquimsalarich\/wp-content\/uploads\/usu2205\/2019\/05\/20190416_114237-1024x768-1.jpg 1024w, https:\/\/agora.xtec.cat\/escolajoaquimsalarich\/wp-content\/uploads\/usu2205\/2019\/05\/20190416_114237-1024x768-1-300x225.jpg 300w, https:\/\/agora.xtec.cat\/escolajoaquimsalarich\/wp-content\/uploads\/usu2205\/2019\/05\/20190416_114237-1024x768-1-768x576.jpg 768w, https:\/\/agora.xtec.cat\/escolajoaquimsalarich\/wp-content\/uploads\/usu2205\/2019\/05\/20190416_114237-1024x768-1-200x150.jpg 200w\" sizes=\"auto, (max-width: 1024px) 100vw, 1024px\" \/><\/a><\/p>\n","protected":false},"excerpt":{"rendered":"<p>Les mestres d\u2019infantil de l\u2019escola han participat en el projecte \u201cCoher\u00e8ncia i continu\u00eftat educativa en l\u2019etapa de 0 a 6 anys\u201d al llarg dels \u00faltims cinc anys. Aquest s\u2019ha basat en la formaci\u00f3 de professionals per aconseguir canvis reals a dins els centres, fugint de projectes puntuals i vetllant per la continu\u00eftat de les transformacions [&hellip;]<\/p>\n","protected":false},"author":1,"featured_media":12941,"comment_status":"open","ping_status":"closed","sticky":false,"template":"","format":"standard","meta":{"_bbp_topic_count":0,"_bbp_reply_count":0,"_bbp_total_topic_count":0,"_bbp_total_reply_count":0,"_bbp_voice_count":0,"_bbp_anonymous_reply_count":0,"_bbp_topic_count_hidden":0,"_bbp_reply_count_hidden":0,"_bbp_forum_subforum_count":0,"site-sidebar-layout":"default","site-content-layout":"","ast-site-content-layout":"","site-content-style":"default","site-sidebar-style":"default","ast-global-header-display":"","ast-banner-title-visibility":"","ast-main-header-display":"","ast-hfb-above-header-display":"","ast-hfb-below-header-display":"","ast-hfb-mobile-header-display":"","site-post-title":"","ast-breadcrumbs-content":"","ast-featured-img":"","footer-sml-layout":"","theme-transparent-header-meta":"","adv-header-id-meta":"","stick-header-meta":"","header-above-stick-meta":"","header-main-stick-meta":"","header-below-stick-meta":"","astra-migrate-meta-layouts":"default","ast-page-background-enabled":"default","ast-page-background-meta":{"desktop":{"background-color":"var(--ast-global-color-4)","background-image":"","background-repeat":"repeat","background-position":"center center","background-size":"auto","background-attachment":"scroll","background-type":"","background-media":"","overlay-type":"","overlay-color":"","overlay-opacity":"","overlay-gradient":""},"tablet":{"background-color":"","background-image":"","background-repeat":"repeat","background-position":"center center","background-size":"auto","background-attachment":"scroll","background-type":"","background-media":"","overlay-type":"","overlay-color":"","overlay-opacity":"","overlay-gradient":""},"mobile":{"background-color":"","background-image":"","background-repeat":"repeat","background-position":"center center","background-size":"auto","background-attachment":"scroll","background-type":"","background-media":"","overlay-type":"","overlay-color":"","overlay-opacity":"","overlay-gradient":""}},"ast-content-background-meta":{"desktop":{"background-color":"var(--ast-global-color-5)","background-image":"","background-repeat":"repeat","background-position":"center center","background-size":"auto","background-attachment":"scroll","background-type":"","background-media":"","overlay-type":"","overlay-color":"","overlay-opacity":"","overlay-gradient":""},"tablet":{"background-color":"var(--ast-global-color-5)","background-image":"","background-repeat":"repeat","background-position":"center center","background-size":"auto","background-attachment":"scroll","background-type":"","background-media":"","overlay-type":"","overlay-color":"","overlay-opacity":"","overlay-gradient":""},"mobile":{"background-color":"var(--ast-global-color-5)","background-image":"","background-repeat":"repeat","background-position":"center center","background-size":"auto","background-attachment":"scroll","background-type":"","background-media":"","overlay-type":"","overlay-color":"","overlay-opacity":"","overlay-gradient":""}},"footnotes":""},"categories":[65,72],"tags":[],"class_list":["post-9133","post","type-post","status-publish","format-standard","has-post-thumbnail","hentry","category-educacio-infantil","category-noticies"],"post_mailing_queue_ids":[],"_links":{"self":[{"href":"https:\/\/agora.xtec.cat\/escolajoaquimsalarich\/wp-json\/wp\/v2\/posts\/9133","targetHints":{"allow":["GET"]}}],"collection":[{"href":"https:\/\/agora.xtec.cat\/escolajoaquimsalarich\/wp-json\/wp\/v2\/posts"}],"about":[{"href":"https:\/\/agora.xtec.cat\/escolajoaquimsalarich\/wp-json\/wp\/v2\/types\/post"}],"author":[{"embeddable":true,"href":"https:\/\/agora.xtec.cat\/escolajoaquimsalarich\/wp-json\/wp\/v2\/users\/1"}],"replies":[{"embeddable":true,"href":"https:\/\/agora.xtec.cat\/escolajoaquimsalarich\/wp-json\/wp\/v2\/comments?post=9133"}],"version-history":[{"count":1,"href":"https:\/\/agora.xtec.cat\/escolajoaquimsalarich\/wp-json\/wp\/v2\/posts\/9133\/revisions"}],"predecessor-version":[{"id":12947,"href":"https:\/\/agora.xtec.cat\/escolajoaquimsalarich\/wp-json\/wp\/v2\/posts\/9133\/revisions\/12947"}],"wp:featuredmedia":[{"embeddable":true,"href":"https:\/\/agora.xtec.cat\/escolajoaquimsalarich\/wp-json\/wp\/v2\/media\/12941"}],"wp:attachment":[{"href":"https:\/\/agora.xtec.cat\/escolajoaquimsalarich\/wp-json\/wp\/v2\/media?parent=9133"}],"wp:term":[{"taxonomy":"category","embeddable":true,"href":"https:\/\/agora.xtec.cat\/escolajoaquimsalarich\/wp-json\/wp\/v2\/categories?post=9133"},{"taxonomy":"post_tag","embeddable":true,"href":"https:\/\/agora.xtec.cat\/escolajoaquimsalarich\/wp-json\/wp\/v2\/tags?post=9133"}],"curies":[{"name":"wp","href":"https:\/\/api.w.org\/{rel}","templated":true}]}}