{"id":8430,"date":"2018-10-22T17:56:05","date_gmt":"2018-10-22T15:56:05","guid":{"rendered":"http:\/\/escolasalarich.net\/?p=8430"},"modified":"2021-08-04T18:50:24","modified_gmt":"2021-08-04T16:50:24","slug":"delegats-de-primaria-2","status":"publish","type":"post","link":"https:\/\/agora.xtec.cat\/escolajoaquimsalarich\/cicle-inicial\/delegats-de-primaria-2\/","title":{"rendered":"Delegats de Prim\u00e0ria"},"content":{"rendered":"<div dir=\"auto\">El dijous 18 d&#8217;octubre es va fer la primera reuni\u00f3 de la Cap d&#8217;Estudis amb els delegats dels diferents cursos de Prim\u00e0ria.<\/div>\n<div dir=\"auto\">Tots ells han estat escollits de manera democr\u00e0tica pels seus companys i companyes de classe.<\/div>\n<div dir=\"auto\">Ordre del dia:<\/div>\n<ul>\n<li dir=\"auto\">Presentaci\u00f3 dels delegats dels diferents cursos.<\/li>\n<li dir=\"auto\">Rep\u00e0s de les funcions dels delegats.<\/li>\n<li dir=\"auto\">Decoraci\u00f3 de l&#8217;entrada de l&#8217;escola<\/li>\n<li dir=\"auto\">Carril Bici<\/li>\n<\/ul>\n<div dir=\"auto\">Els representats de cada curs s\u00f3n:<\/div>\n<div dir=\"auto\"><\/div>\n<div dir=\"auto\">1rA: Ignacio Perez i Nissrin Oujagaoui<br \/>\n1rB: Ros Nofraries i Marc Sanz<br \/>\n1rC: Ma\u00efa Al Rahmoun i Reda Alilouch<br \/>\n2nA: Kenedy Kessie i Gina Rodriguez<br \/>\n2nB: Aiden Vaz i Paula Fernandez<br \/>\n3rA: David Martinez i Marc Puigdomenech<br \/>\n3rB: Bruna Iruzubieta i Lina Gatbache<br \/>\n4tA: Unai Bonilla i David Molina<br \/>\n4tB: Arnau Mart\u00edn i Quar Bagu\u00e9<br \/>\n5\u00e8A: Jan Carrillo i DeriK Akumah<br \/>\n5\u00e8B: Bouzaina Majjout i T\u00e0nia Vergara<br \/>\n6\u00e8A: Ismael El Mahmoudi i Emma Parareda<br \/>\n6\u00e8B: Ismael Asria i Randeep Kaur<\/div>\n<div dir=\"auto\"><a href=\"https:\/\/agora.xtec.cat\/escolajoaquimsalarich\/wp-content\/uploads\/usu2205\/2018\/10\/IMG_20181018_112349-150x150-1.jpg\"><img loading=\"lazy\" decoding=\"async\" class=\"alignnone size-full wp-image-13235\" src=\"https:\/\/agora.xtec.cat\/escolajoaquimsalarich\/wp-content\/uploads\/usu2205\/2018\/10\/IMG_20181018_112349-150x150-1.jpg\" alt=\"\" width=\"150\" height=\"150\" \/><\/a> <a href=\"https:\/\/agora.xtec.cat\/escolajoaquimsalarich\/wp-content\/uploads\/usu2205\/2018\/10\/IMG_20181018_112345-150x150-1.jpg\"><img loading=\"lazy\" decoding=\"async\" class=\"alignnone size-large wp-image-13236\" src=\"https:\/\/agora.xtec.cat\/escolajoaquimsalarich\/wp-content\/uploads\/usu2205\/2018\/10\/IMG_20181018_112345-150x150-1.jpg\" alt=\"\" width=\"150\" height=\"150\" \/><\/a><\/div>\n<div dir=\"auto\">\n<p>&nbsp;<\/p>\n<p>&nbsp;<\/p>\n<\/div>\n","protected":false},"excerpt":{"rendered":"<p>El dijous 18 d&#8217;octubre es va fer la primera reuni\u00f3 de la Cap d&#8217;Estudis amb els delegats dels diferents cursos de Prim\u00e0ria. Tots ells han estat escollits de manera democr\u00e0tica pels seus companys i companyes de classe. Ordre del dia: Presentaci\u00f3 dels delegats dels diferents cursos. Rep\u00e0s de les funcions dels delegats. Decoraci\u00f3 de l&#8217;entrada [&hellip;]<\/p>\n","protected":false},"author":1,"featured_media":13233,"comment_status":"open","ping_status":"closed","sticky":false,"template":"","format":"standard","meta":{"_bbp_topic_count":0,"_bbp_reply_count":0,"_bbp_total_topic_count":0,"_bbp_total_reply_count":0,"_bbp_voice_count":0,"_bbp_anonymous_reply_count":0,"_bbp_topic_count_hidden":0,"_bbp_reply_count_hidden":0,"_bbp_forum_subforum_count":0,"site-sidebar-layout":"default","site-content-layout":"","ast-site-content-layout":"","site-content-style":"default","site-sidebar-style":"default","ast-global-header-display":"","ast-banner-title-visibility":"","ast-main-header-display":"","ast-hfb-above-header-display":"","ast-hfb-below-header-display":"","ast-hfb-mobile-header-display":"","site-post-title":"","ast-breadcrumbs-content":"","ast-featured-img":"","footer-sml-layout":"","theme-transparent-header-meta":"","adv-header-id-meta":"","stick-header-meta":"","header-above-stick-meta":"","header-main-stick-meta":"","header-below-stick-meta":"","astra-migrate-meta-layouts":"default","ast-page-background-enabled":"default","ast-page-background-meta":{"desktop":{"background-color":"var(--ast-global-color-4)","background-image":"","background-repeat":"repeat","background-position":"center center","background-size":"auto","background-attachment":"scroll","background-type":"","background-media":"","overlay-type":"","overlay-color":"","overlay-opacity":"","overlay-gradient":""},"tablet":{"background-color":"","background-image":"","background-repeat":"repeat","background-position":"center center","background-size":"auto","background-attachment":"scroll","background-type":"","background-media":"","overlay-type":"","overlay-color":"","overlay-opacity":"","overlay-gradient":""},"mobile":{"background-color":"","background-image":"","background-repeat":"repeat","background-position":"center center","background-size":"auto","background-attachment":"scroll","background-type":"","background-media":"","overlay-type":"","overlay-color":"","overlay-opacity":"","overlay-gradient":""}},"ast-content-background-meta":{"desktop":{"background-color":"var(--ast-global-color-5)","background-image":"","background-repeat":"repeat","background-position":"center center","background-size":"auto","background-attachment":"scroll","background-type":"","background-media":"","overlay-type":"","overlay-color":"","overlay-opacity":"","overlay-gradient":""},"tablet":{"background-color":"var(--ast-global-color-5)","background-image":"","background-repeat":"repeat","background-position":"center center","background-size":"auto","background-attachment":"scroll","background-type":"","background-media":"","overlay-type":"","overlay-color":"","overlay-opacity":"","overlay-gradient":""},"mobile":{"background-color":"var(--ast-global-color-5)","background-image":"","background-repeat":"repeat","background-position":"center center","background-size":"auto","background-attachment":"scroll","background-type":"","background-media":"","overlay-type":"","overlay-color":"","overlay-opacity":"","overlay-gradient":""}},"footnotes":""},"categories":[62,63,64,72],"tags":[],"class_list":["post-8430","post","type-post","status-publish","format-standard","has-post-thumbnail","hentry","category-cicle-inicial","category-cicle-mitja","category-cicle-superior","category-noticies"],"post_mailing_queue_ids":[],"_links":{"self":[{"href":"https:\/\/agora.xtec.cat\/escolajoaquimsalarich\/wp-json\/wp\/v2\/posts\/8430","targetHints":{"allow":["GET"]}}],"collection":[{"href":"https:\/\/agora.xtec.cat\/escolajoaquimsalarich\/wp-json\/wp\/v2\/posts"}],"about":[{"href":"https:\/\/agora.xtec.cat\/escolajoaquimsalarich\/wp-json\/wp\/v2\/types\/post"}],"author":[{"embeddable":true,"href":"https:\/\/agora.xtec.cat\/escolajoaquimsalarich\/wp-json\/wp\/v2\/users\/1"}],"replies":[{"embeddable":true,"href":"https:\/\/agora.xtec.cat\/escolajoaquimsalarich\/wp-json\/wp\/v2\/comments?post=8430"}],"version-history":[{"count":2,"href":"https:\/\/agora.xtec.cat\/escolajoaquimsalarich\/wp-json\/wp\/v2\/posts\/8430\/revisions"}],"predecessor-version":[{"id":13237,"href":"https:\/\/agora.xtec.cat\/escolajoaquimsalarich\/wp-json\/wp\/v2\/posts\/8430\/revisions\/13237"}],"wp:featuredmedia":[{"embeddable":true,"href":"https:\/\/agora.xtec.cat\/escolajoaquimsalarich\/wp-json\/wp\/v2\/media\/13233"}],"wp:attachment":[{"href":"https:\/\/agora.xtec.cat\/escolajoaquimsalarich\/wp-json\/wp\/v2\/media?parent=8430"}],"wp:term":[{"taxonomy":"category","embeddable":true,"href":"https:\/\/agora.xtec.cat\/escolajoaquimsalarich\/wp-json\/wp\/v2\/categories?post=8430"},{"taxonomy":"post_tag","embeddable":true,"href":"https:\/\/agora.xtec.cat\/escolajoaquimsalarich\/wp-json\/wp\/v2\/tags?post=8430"}],"curies":[{"name":"wp","href":"https:\/\/api.w.org\/{rel}","templated":true}]}}