{"id":16084,"date":"2026-03-13T09:50:33","date_gmt":"2026-03-13T08:50:33","guid":{"rendered":"https:\/\/agora.xtec.cat\/escolajoaquimsalarich\/?p=16084"},"modified":"2026-03-13T09:51:00","modified_gmt":"2026-03-13T08:51:00","slug":"fem-pinya-4a-edicio","status":"publish","type":"post","link":"https:\/\/agora.xtec.cat\/escolajoaquimsalarich\/general\/fem-pinya-4a-edicio\/","title":{"rendered":"FEM PINYA 4a EDICI\u00d3"},"content":{"rendered":"<div><img loading=\"lazy\" decoding=\"async\" class=\"alignnone size-large wp-image-16083\" src=\"https:\/\/agora.xtec.cat\/escolajoaquimsalarich\/wp-content\/uploads\/usu2205\/2026\/03\/WhatsApp-Image-2026-03-12-at-15.10.05-724x1024.jpeg\" alt=\"\" width=\"724\" height=\"1024\" srcset=\"https:\/\/agora.xtec.cat\/escolajoaquimsalarich\/wp-content\/uploads\/usu2205\/2026\/03\/WhatsApp-Image-2026-03-12-at-15.10.05-724x1024.jpeg 724w, https:\/\/agora.xtec.cat\/escolajoaquimsalarich\/wp-content\/uploads\/usu2205\/2026\/03\/WhatsApp-Image-2026-03-12-at-15.10.05-212x300.jpeg 212w, https:\/\/agora.xtec.cat\/escolajoaquimsalarich\/wp-content\/uploads\/usu2205\/2026\/03\/WhatsApp-Image-2026-03-12-at-15.10.05-768x1086.jpeg 768w, https:\/\/agora.xtec.cat\/escolajoaquimsalarich\/wp-content\/uploads\/usu2205\/2026\/03\/WhatsApp-Image-2026-03-12-at-15.10.05-1086x1536.jpeg 1086w, https:\/\/agora.xtec.cat\/escolajoaquimsalarich\/wp-content\/uploads\/usu2205\/2026\/03\/WhatsApp-Image-2026-03-12-at-15.10.05.jpeg 1131w\" sizes=\"auto, (max-width: 724px) 100vw, 724px\" \/><\/div>\n<div><i>Des de l\u2019Ajuntament de Vic us volem convidar a participar en una nova edici\u00f3 del taller\u00a0<\/i><b><i><span class=\"il\">FEM<\/span>\u00a0PINYA per fills pre-adolescents i adolescents<\/i><\/b><i>, un espai pensat per compartir, reflexionar i adquirir eines que ajudin a millorar les estrat\u00e8gies personals, emocionals i educatives en la crian\u00e7a.<\/i><\/div>\n<div><\/div>\n<div><i>Aquest taller est\u00e0 adre\u00e7at a fam\u00edlies amb fills i filles que cursen\u00a0<\/i><b><i>5\u00e8 i 6\u00e8 de prim\u00e0ria o 1r i 2n d\u2019ESO<\/i><\/b><i>.<\/i><\/div>\n<div><\/div>\n<div><i><img decoding=\"async\" class=\"an1\" draggable=\"false\" src=\"https:\/\/fonts.gstatic.com\/s\/e\/notoemoji\/17.0\/1f4c5\/32.png\" alt=\"\ud83d\udcc5\" data-emoji=\"\ud83d\udcc5\" aria-label=\"\ud83d\udcc5\" \/>\u00a0<\/i><b><i>Dates:<\/i><\/b><i>\u00a0del 20 d\u2019abril al 18 de maig (5 sessions)<br \/>\n<img decoding=\"async\" class=\"an1\" draggable=\"false\" src=\"https:\/\/fonts.gstatic.com\/s\/e\/notoemoji\/17.0\/1f555\/32.png\" alt=\"\ud83d\udd55\" data-emoji=\"\ud83d\udd55\" aria-label=\"\ud83d\udd55\" \/>\u00a0<\/i><b><i>Horari:<\/i><\/b><i>\u00a0de 18.00 h a 19.30 h<br \/>\n<img decoding=\"async\" class=\"an1\" draggable=\"false\" src=\"https:\/\/fonts.gstatic.com\/s\/e\/notoemoji\/17.0\/1f4cd\/32.png\" alt=\"\ud83d\udccd\" data-emoji=\"\ud83d\udccd\" aria-label=\"\ud83d\udccd\" \/>\u00a0<\/i><b><i>Lloc:<\/i><\/b><i>\u00a0Centre C\u00edvic Joan Triad\u00fa (c. Arquebisbe Alemany 5, Vic)<\/i><\/div>\n<div><\/div>\n<div><i>La participaci\u00f3 \u00e9s\u00a0<\/i><b><i>gratu\u00efta<\/i><\/b><i>, per\u00f2 les\u00a0<\/i><b><i>places s\u00f3n limitades<\/i><\/b><i>.<\/i><\/div>\n<div><\/div>\n<div><i><img decoding=\"async\" class=\"an1\" draggable=\"false\" src=\"https:\/\/fonts.gstatic.com\/s\/e\/notoemoji\/17.0\/270d_fe0f\/32.png\" alt=\"\u270d\ufe0f\" data-emoji=\"\u270d\ufe0f\" aria-label=\"\u270d\ufe0f\" \/>\u00a0<\/i><b><i>Inscripci\u00f3 pr\u00e8via:<\/i><\/b><i>\u00a0podeu contactar per WhatsApp al\u00a0<\/i><b><i>660 779 690<\/i><\/b><i>.<\/i><\/div>\n<div><\/div>\n<div><i>Esperem que sigui del vostre inter\u00e8s i que hi pugueu participar!<\/i><\/div>\n","protected":false},"excerpt":{"rendered":"<p>Des de l\u2019Ajuntament de Vic us volem convidar a participar en una nova edici\u00f3 del taller\u00a0FEM\u00a0PINYA per fills pre-adolescents i adolescents, un espai pensat per compartir, reflexionar i adquirir eines que ajudin a millorar les estrat\u00e8gies personals, emocionals i educatives en la crian\u00e7a. Aquest taller est\u00e0 adre\u00e7at a fam\u00edlies amb fills i filles que cursen\u00a05\u00e8 [&hellip;]<\/p>\n","protected":false},"author":1,"featured_media":16083,"comment_status":"open","ping_status":"open","sticky":false,"template":"","format":"standard","meta":{"_bbp_topic_count":0,"_bbp_reply_count":0,"_bbp_total_topic_count":0,"_bbp_total_reply_count":0,"_bbp_voice_count":0,"_bbp_anonymous_reply_count":0,"_bbp_topic_count_hidden":0,"_bbp_reply_count_hidden":0,"_bbp_forum_subforum_count":0,"site-sidebar-layout":"default","site-content-layout":"","ast-site-content-layout":"default","site-content-style":"default","site-sidebar-style":"default","ast-global-header-display":"","ast-banner-title-visibility":"","ast-main-header-display":"","ast-hfb-above-header-display":"","ast-hfb-below-header-display":"","ast-hfb-mobile-header-display":"","site-post-title":"","ast-breadcrumbs-content":"","ast-featured-img":"","footer-sml-layout":"","theme-transparent-header-meta":"default","adv-header-id-meta":"","stick-header-meta":"","header-above-stick-meta":"","header-main-stick-meta":"","header-below-stick-meta":"","astra-migrate-meta-layouts":"set","ast-page-background-enabled":"default","ast-page-background-meta":{"desktop":{"background-color":"var(--ast-global-color-4)","background-image":"","background-repeat":"repeat","background-position":"center center","background-size":"auto","background-attachment":"scroll","background-type":"","background-media":"","overlay-type":"","overlay-color":"","overlay-opacity":"","overlay-gradient":""},"tablet":{"background-color":"","background-image":"","background-repeat":"repeat","background-position":"center center","background-size":"auto","background-attachment":"scroll","background-type":"","background-media":"","overlay-type":"","overlay-color":"","overlay-opacity":"","overlay-gradient":""},"mobile":{"background-color":"","background-image":"","background-repeat":"repeat","background-position":"center center","background-size":"auto","background-attachment":"scroll","background-type":"","background-media":"","overlay-type":"","overlay-color":"","overlay-opacity":"","overlay-gradient":""}},"ast-content-background-meta":{"desktop":{"background-color":"var(--ast-global-color-5)","background-image":"","background-repeat":"repeat","background-position":"center center","background-size":"auto","background-attachment":"scroll","background-type":"","background-media":"","overlay-type":"","overlay-color":"","overlay-opacity":"","overlay-gradient":""},"tablet":{"background-color":"var(--ast-global-color-5)","background-image":"","background-repeat":"repeat","background-position":"center center","background-size":"auto","background-attachment":"scroll","background-type":"","background-media":"","overlay-type":"","overlay-color":"","overlay-opacity":"","overlay-gradient":""},"mobile":{"background-color":"var(--ast-global-color-5)","background-image":"","background-repeat":"repeat","background-position":"center center","background-size":"auto","background-attachment":"scroll","background-type":"","background-media":"","overlay-type":"","overlay-color":"","overlay-opacity":"","overlay-gradient":""}},"footnotes":""},"categories":[115,1],"tags":[],"class_list":["post-16084","post","type-post","status-publish","format-standard","has-post-thumbnail","hentry","category-canal-de-difusio","category-general"],"post_mailing_queue_ids":[],"_links":{"self":[{"href":"https:\/\/agora.xtec.cat\/escolajoaquimsalarich\/wp-json\/wp\/v2\/posts\/16084","targetHints":{"allow":["GET"]}}],"collection":[{"href":"https:\/\/agora.xtec.cat\/escolajoaquimsalarich\/wp-json\/wp\/v2\/posts"}],"about":[{"href":"https:\/\/agora.xtec.cat\/escolajoaquimsalarich\/wp-json\/wp\/v2\/types\/post"}],"author":[{"embeddable":true,"href":"https:\/\/agora.xtec.cat\/escolajoaquimsalarich\/wp-json\/wp\/v2\/users\/1"}],"replies":[{"embeddable":true,"href":"https:\/\/agora.xtec.cat\/escolajoaquimsalarich\/wp-json\/wp\/v2\/comments?post=16084"}],"version-history":[{"count":1,"href":"https:\/\/agora.xtec.cat\/escolajoaquimsalarich\/wp-json\/wp\/v2\/posts\/16084\/revisions"}],"predecessor-version":[{"id":16085,"href":"https:\/\/agora.xtec.cat\/escolajoaquimsalarich\/wp-json\/wp\/v2\/posts\/16084\/revisions\/16085"}],"wp:featuredmedia":[{"embeddable":true,"href":"https:\/\/agora.xtec.cat\/escolajoaquimsalarich\/wp-json\/wp\/v2\/media\/16083"}],"wp:attachment":[{"href":"https:\/\/agora.xtec.cat\/escolajoaquimsalarich\/wp-json\/wp\/v2\/media?parent=16084"}],"wp:term":[{"taxonomy":"category","embeddable":true,"href":"https:\/\/agora.xtec.cat\/escolajoaquimsalarich\/wp-json\/wp\/v2\/categories?post=16084"},{"taxonomy":"post_tag","embeddable":true,"href":"https:\/\/agora.xtec.cat\/escolajoaquimsalarich\/wp-json\/wp\/v2\/tags?post=16084"}],"curies":[{"name":"wp","href":"https:\/\/api.w.org\/{rel}","templated":true}]}}