{"id":14825,"date":"2024-02-26T11:35:40","date_gmt":"2024-02-26T10:35:40","guid":{"rendered":"https:\/\/agora.xtec.cat\/escolajoaquimsalarich\/?p=14825"},"modified":"2024-09-20T10:04:32","modified_gmt":"2024-09-20T08:04:32","slug":"preinscripcio-24-25","status":"publish","type":"post","link":"https:\/\/agora.xtec.cat\/escolajoaquimsalarich\/noticies\/preinscripcio-24-25\/","title":{"rendered":"PREINSCRIPCI\u00d3 24-25"},"content":{"rendered":"<p>Benvolgudes fam\u00edlies,<\/p>\n<p>Avui surten publicades les llistes seg\u00fcents:<\/p>\n<ul>\n<li>Llistes d\u2019assignaci\u00f3<\/li>\n<li>Llistes de preinscrits amb indicaci\u00f3 d\u2019assignaci\u00f3<\/li>\n<li>Llistes d\u2019espera.<\/li>\n<\/ul>\n<p>Les trobareu a continuaci\u00f3:<\/p>\n<p><img loading=\"lazy\" decoding=\"async\" class=\"alignnone size-large wp-image-15007\" src=\"https:\/\/agora.xtec.cat\/escolajoaquimsalarich\/wp-content\/uploads\/usu2205\/2024\/02\/INFORME_ASSIGNADES_INFORME_ASSIGNADES_page-0001-791x1024.jpg\" alt=\"\" width=\"791\" height=\"1024\" srcset=\"https:\/\/agora.xtec.cat\/escolajoaquimsalarich\/wp-content\/uploads\/usu2205\/2024\/02\/INFORME_ASSIGNADES_INFORME_ASSIGNADES_page-0001-791x1024.jpg 791w, https:\/\/agora.xtec.cat\/escolajoaquimsalarich\/wp-content\/uploads\/usu2205\/2024\/02\/INFORME_ASSIGNADES_INFORME_ASSIGNADES_page-0001-232x300.jpg 232w, https:\/\/agora.xtec.cat\/escolajoaquimsalarich\/wp-content\/uploads\/usu2205\/2024\/02\/INFORME_ASSIGNADES_INFORME_ASSIGNADES_page-0001-768x994.jpg 768w, https:\/\/agora.xtec.cat\/escolajoaquimsalarich\/wp-content\/uploads\/usu2205\/2024\/02\/INFORME_ASSIGNADES_INFORME_ASSIGNADES_page-0001-1187x1536.jpg 1187w, https:\/\/agora.xtec.cat\/escolajoaquimsalarich\/wp-content\/uploads\/usu2205\/2024\/02\/INFORME_ASSIGNADES_INFORME_ASSIGNADES_page-0001.jpg 1275w\" sizes=\"auto, (max-width: 791px) 100vw, 791px\" \/><\/p>\n<p><img loading=\"lazy\" decoding=\"async\" class=\"alignnone size-large wp-image-15008\" src=\"https:\/\/agora.xtec.cat\/escolajoaquimsalarich\/wp-content\/uploads\/usu2205\/2024\/02\/INFORME_ASSIGNADES_INFORME_ASSIGNADES_page-0002-1024x799.jpg\" alt=\"\" width=\"1024\" height=\"799\" srcset=\"https:\/\/agora.xtec.cat\/escolajoaquimsalarich\/wp-content\/uploads\/usu2205\/2024\/02\/INFORME_ASSIGNADES_INFORME_ASSIGNADES_page-0002-1024x799.jpg 1024w, https:\/\/agora.xtec.cat\/escolajoaquimsalarich\/wp-content\/uploads\/usu2205\/2024\/02\/INFORME_ASSIGNADES_INFORME_ASSIGNADES_page-0002-300x234.jpg 300w, https:\/\/agora.xtec.cat\/escolajoaquimsalarich\/wp-content\/uploads\/usu2205\/2024\/02\/INFORME_ASSIGNADES_INFORME_ASSIGNADES_page-0002-768x599.jpg 768w, https:\/\/agora.xtec.cat\/escolajoaquimsalarich\/wp-content\/uploads\/usu2205\/2024\/02\/INFORME_ASSIGNADES_INFORME_ASSIGNADES_page-0002.jpg 1275w\" sizes=\"auto, (max-width: 1024px) 100vw, 1024px\" \/><\/p>\n<p><img loading=\"lazy\" decoding=\"async\" class=\"alignnone size-large wp-image-15009\" src=\"https:\/\/agora.xtec.cat\/escolajoaquimsalarich\/wp-content\/uploads\/usu2205\/2024\/02\/INFORME_PREINSCRITES_OME_INFORME_PREINSCRITES_OME_page-0001-854x1024.jpg\" alt=\"\" width=\"854\" height=\"1024\" srcset=\"https:\/\/agora.xtec.cat\/escolajoaquimsalarich\/wp-content\/uploads\/usu2205\/2024\/02\/INFORME_PREINSCRITES_OME_INFORME_PREINSCRITES_OME_page-0001-854x1024.jpg 854w, https:\/\/agora.xtec.cat\/escolajoaquimsalarich\/wp-content\/uploads\/usu2205\/2024\/02\/INFORME_PREINSCRITES_OME_INFORME_PREINSCRITES_OME_page-0001-250x300.jpg 250w, https:\/\/agora.xtec.cat\/escolajoaquimsalarich\/wp-content\/uploads\/usu2205\/2024\/02\/INFORME_PREINSCRITES_OME_INFORME_PREINSCRITES_OME_page-0001-768x920.jpg 768w, https:\/\/agora.xtec.cat\/escolajoaquimsalarich\/wp-content\/uploads\/usu2205\/2024\/02\/INFORME_PREINSCRITES_OME_INFORME_PREINSCRITES_OME_page-0001.jpg 1275w\" sizes=\"auto, (max-width: 854px) 100vw, 854px\" \/><\/p>\n<p><img loading=\"lazy\" decoding=\"async\" class=\"alignnone size-large wp-image-15010\" src=\"https:\/\/agora.xtec.cat\/escolajoaquimsalarich\/wp-content\/uploads\/usu2205\/2024\/02\/INFORME_PREINSCRITES_OME_INFORME_PREINSCRITES_OME_page-0002-941x1024.jpg\" alt=\"\" width=\"941\" height=\"1024\" srcset=\"https:\/\/agora.xtec.cat\/escolajoaquimsalarich\/wp-content\/uploads\/usu2205\/2024\/02\/INFORME_PREINSCRITES_OME_INFORME_PREINSCRITES_OME_page-0002-941x1024.jpg 941w, https:\/\/agora.xtec.cat\/escolajoaquimsalarich\/wp-content\/uploads\/usu2205\/2024\/02\/INFORME_PREINSCRITES_OME_INFORME_PREINSCRITES_OME_page-0002-276x300.jpg 276w, https:\/\/agora.xtec.cat\/escolajoaquimsalarich\/wp-content\/uploads\/usu2205\/2024\/02\/INFORME_PREINSCRITES_OME_INFORME_PREINSCRITES_OME_page-0002-768x836.jpg 768w, https:\/\/agora.xtec.cat\/escolajoaquimsalarich\/wp-content\/uploads\/usu2205\/2024\/02\/INFORME_PREINSCRITES_OME_INFORME_PREINSCRITES_OME_page-0002.jpg 1275w\" sizes=\"auto, (max-width: 941px) 100vw, 941px\" \/><\/p>\n<p><img loading=\"lazy\" decoding=\"async\" class=\"alignnone size-large wp-image-15011\" src=\"https:\/\/agora.xtec.cat\/escolajoaquimsalarich\/wp-content\/uploads\/usu2205\/2024\/02\/INFORME_PREINSCRITES_OME_INFORME_PREINSCRITES_OME_page-0003-1024x207.jpg\" alt=\"\" width=\"1024\" height=\"207\" srcset=\"https:\/\/agora.xtec.cat\/escolajoaquimsalarich\/wp-content\/uploads\/usu2205\/2024\/02\/INFORME_PREINSCRITES_OME_INFORME_PREINSCRITES_OME_page-0003-1024x207.jpg 1024w, https:\/\/agora.xtec.cat\/escolajoaquimsalarich\/wp-content\/uploads\/usu2205\/2024\/02\/INFORME_PREINSCRITES_OME_INFORME_PREINSCRITES_OME_page-0003-300x61.jpg 300w, https:\/\/agora.xtec.cat\/escolajoaquimsalarich\/wp-content\/uploads\/usu2205\/2024\/02\/INFORME_PREINSCRITES_OME_INFORME_PREINSCRITES_OME_page-0003-768x155.jpg 768w, https:\/\/agora.xtec.cat\/escolajoaquimsalarich\/wp-content\/uploads\/usu2205\/2024\/02\/INFORME_PREINSCRITES_OME_INFORME_PREINSCRITES_OME_page-0003.jpg 1275w\" sizes=\"auto, (max-width: 1024px) 100vw, 1024px\" \/><\/p>\n<p><img loading=\"lazy\" decoding=\"async\" class=\"alignnone size-large wp-image-15013\" src=\"https:\/\/agora.xtec.cat\/escolajoaquimsalarich\/wp-content\/uploads\/usu2205\/2024\/02\/INFORME_LLISTA_ESPERA_OME_LLISTA_ESPERA_page-0001-791x1024.jpg\" alt=\"\" width=\"791\" height=\"1024\" srcset=\"https:\/\/agora.xtec.cat\/escolajoaquimsalarich\/wp-content\/uploads\/usu2205\/2024\/02\/INFORME_LLISTA_ESPERA_OME_LLISTA_ESPERA_page-0001-791x1024.jpg 791w, https:\/\/agora.xtec.cat\/escolajoaquimsalarich\/wp-content\/uploads\/usu2205\/2024\/02\/INFORME_LLISTA_ESPERA_OME_LLISTA_ESPERA_page-0001-232x300.jpg 232w, https:\/\/agora.xtec.cat\/escolajoaquimsalarich\/wp-content\/uploads\/usu2205\/2024\/02\/INFORME_LLISTA_ESPERA_OME_LLISTA_ESPERA_page-0001-768x994.jpg 768w, https:\/\/agora.xtec.cat\/escolajoaquimsalarich\/wp-content\/uploads\/usu2205\/2024\/02\/INFORME_LLISTA_ESPERA_OME_LLISTA_ESPERA_page-0001-1187x1536.jpg 1187w, https:\/\/agora.xtec.cat\/escolajoaquimsalarich\/wp-content\/uploads\/usu2205\/2024\/02\/INFORME_LLISTA_ESPERA_OME_LLISTA_ESPERA_page-0001.jpg 1275w\" sizes=\"auto, (max-width: 791px) 100vw, 791px\" \/><\/p>\n<p>Benvolgudes fam\u00edlies,<\/p>\n<p>Avui surt publicada l\u2019oferta definitiva de places.<\/p>\n<p><img loading=\"lazy\" decoding=\"async\" class=\"alignnone size-large wp-image-15005\" src=\"https:\/\/agora.xtec.cat\/escolajoaquimsalarich\/wp-content\/uploads\/usu2205\/2024\/02\/INFORME_OFERTA_OME_FINAL_page-0001-1024x694.jpg\" alt=\"\" width=\"1024\" height=\"694\" srcset=\"https:\/\/agora.xtec.cat\/escolajoaquimsalarich\/wp-content\/uploads\/usu2205\/2024\/02\/INFORME_OFERTA_OME_FINAL_page-0001-1024x694.jpg 1024w, https:\/\/agora.xtec.cat\/escolajoaquimsalarich\/wp-content\/uploads\/usu2205\/2024\/02\/INFORME_OFERTA_OME_FINAL_page-0001-300x203.jpg 300w, https:\/\/agora.xtec.cat\/escolajoaquimsalarich\/wp-content\/uploads\/usu2205\/2024\/02\/INFORME_OFERTA_OME_FINAL_page-0001-768x521.jpg 768w, https:\/\/agora.xtec.cat\/escolajoaquimsalarich\/wp-content\/uploads\/usu2205\/2024\/02\/INFORME_OFERTA_OME_FINAL_page-0001.jpg 1201w\" sizes=\"auto, (max-width: 1024px) 100vw, 1024px\" \/><\/p>\n<p>&nbsp;<\/p>\n<p style=\"background: white; margin: 0cm 0cm 15.0pt 0cm;\"><span style=\"font-family: 'Arial',sans-serif; color: #444444;\">Benvolgudes fam\u00edlies,<\/span><\/p>\n<p style=\"background: white; box-sizing: border-box; text-rendering: optimizelegibility; font-variant-ligatures: normal; font-variant-caps: normal; orphans: 2; text-align: start; widows: 2; -webkit-text-stroke-width: 0px; text-decoration-thickness: initial; text-decoration-style: initial; text-decoration-color: initial; word-spacing: 0px; margin: 0cm 0cm 15.0pt 0cm;\"><span style=\"font-family: 'Arial',sans-serif; color: #444444;\">Avui surt publicada la llista ordenada definitiva. Despr\u00e9s del sorteig, celebrat el passat dia 30 abril\u00a0 on el n\u00famero de desempat va resultar ser el 81801, s\u2019elabora la llista ordenada de sol\u00b7licituds per a l\u2019assignaci\u00f3 de places.<\/span><\/p>\n<p style=\"background: white; margin: 0cm 0cm 15.0pt 0cm;\"><span style=\"font-family: 'Arial',sans-serif; color: #444444;\">Aquesta llista ja no est\u00e0 ordenada per ordre alfab\u00e8tic, sin\u00f3 que recull l\u2019ordre en qu\u00e8 s\u2019assignaran les places. <\/span><\/p>\n<p style=\"background: white; margin: 0cm 0cm 15.0pt 0cm;\"><span style=\"font-family: 'Arial',sans-serif; color: #444444;\">Les fam\u00edlies poden, amb aquesta llista, fer-se una idea sobre si obtindran pla\u00e7a en el centre de primera petici\u00f3. Caldr\u00e0 esperar per\u00f2, a la llista d\u2019admesos per tenir-ne la seguretat o obtenir l\u2019assignaci\u00f3 en un centre diferent del primer. Us adjuntem els llistats:<\/span><\/p>\n<p><img loading=\"lazy\" decoding=\"async\" class=\"alignnone size-large wp-image-15001\" src=\"https:\/\/agora.xtec.cat\/escolajoaquimsalarich\/wp-content\/uploads\/usu2205\/2024\/05\/INFORME_BAREM_DEFINITIU_BAREM_page-0001-791x1024.jpg\" alt=\"\" width=\"791\" height=\"1024\" srcset=\"https:\/\/agora.xtec.cat\/escolajoaquimsalarich\/wp-content\/uploads\/usu2205\/2024\/05\/INFORME_BAREM_DEFINITIU_BAREM_page-0001-791x1024.jpg 791w, https:\/\/agora.xtec.cat\/escolajoaquimsalarich\/wp-content\/uploads\/usu2205\/2024\/05\/INFORME_BAREM_DEFINITIU_BAREM_page-0001-232x300.jpg 232w, https:\/\/agora.xtec.cat\/escolajoaquimsalarich\/wp-content\/uploads\/usu2205\/2024\/05\/INFORME_BAREM_DEFINITIU_BAREM_page-0001-768x994.jpg 768w, https:\/\/agora.xtec.cat\/escolajoaquimsalarich\/wp-content\/uploads\/usu2205\/2024\/05\/INFORME_BAREM_DEFINITIU_BAREM_page-0001-1187x1536.jpg 1187w, https:\/\/agora.xtec.cat\/escolajoaquimsalarich\/wp-content\/uploads\/usu2205\/2024\/05\/INFORME_BAREM_DEFINITIU_BAREM_page-0001.jpg 1275w\" sizes=\"auto, (max-width: 791px) 100vw, 791px\" \/><\/p>\n<p><img loading=\"lazy\" decoding=\"async\" class=\"alignnone size-large wp-image-15002\" src=\"https:\/\/agora.xtec.cat\/escolajoaquimsalarich\/wp-content\/uploads\/usu2205\/2024\/05\/INFORME_BAREM_DEFINITIU_BAREM_page-0002-791x1024.jpg\" alt=\"\" width=\"791\" height=\"1024\" srcset=\"https:\/\/agora.xtec.cat\/escolajoaquimsalarich\/wp-content\/uploads\/usu2205\/2024\/05\/INFORME_BAREM_DEFINITIU_BAREM_page-0002-791x1024.jpg 791w, https:\/\/agora.xtec.cat\/escolajoaquimsalarich\/wp-content\/uploads\/usu2205\/2024\/05\/INFORME_BAREM_DEFINITIU_BAREM_page-0002-232x300.jpg 232w, https:\/\/agora.xtec.cat\/escolajoaquimsalarich\/wp-content\/uploads\/usu2205\/2024\/05\/INFORME_BAREM_DEFINITIU_BAREM_page-0002-768x994.jpg 768w, https:\/\/agora.xtec.cat\/escolajoaquimsalarich\/wp-content\/uploads\/usu2205\/2024\/05\/INFORME_BAREM_DEFINITIU_BAREM_page-0002-1187x1536.jpg 1187w, https:\/\/agora.xtec.cat\/escolajoaquimsalarich\/wp-content\/uploads\/usu2205\/2024\/05\/INFORME_BAREM_DEFINITIU_BAREM_page-0002.jpg 1275w\" sizes=\"auto, (max-width: 791px) 100vw, 791px\" \/><\/p>\n<p><img loading=\"lazy\" decoding=\"async\" class=\"alignnone size-large wp-image-15003\" src=\"https:\/\/agora.xtec.cat\/escolajoaquimsalarich\/wp-content\/uploads\/usu2205\/2024\/05\/INFORME_BAREM_DEFINITIU_BAREM_page-0003-1024x451.jpg\" alt=\"\" width=\"1024\" height=\"451\" srcset=\"https:\/\/agora.xtec.cat\/escolajoaquimsalarich\/wp-content\/uploads\/usu2205\/2024\/05\/INFORME_BAREM_DEFINITIU_BAREM_page-0003-1024x451.jpg 1024w, https:\/\/agora.xtec.cat\/escolajoaquimsalarich\/wp-content\/uploads\/usu2205\/2024\/05\/INFORME_BAREM_DEFINITIU_BAREM_page-0003-300x132.jpg 300w, https:\/\/agora.xtec.cat\/escolajoaquimsalarich\/wp-content\/uploads\/usu2205\/2024\/05\/INFORME_BAREM_DEFINITIU_BAREM_page-0003-768x338.jpg 768w, https:\/\/agora.xtec.cat\/escolajoaquimsalarich\/wp-content\/uploads\/usu2205\/2024\/05\/INFORME_BAREM_DEFINITIU_BAREM_page-0003.jpg 1275w\" sizes=\"auto, (max-width: 1024px) 100vw, 1024px\" \/><\/p>\n<p>Benvolgudes fam\u00edlies,<\/p>\n<p>Avui surt publicada la llista amb el barem definitiu un cop resoltes les reclamacions. En aquesta llista tamb\u00e9 se us ha adjudicat un n\u00famero pel desempat del sorteig que es celebrar\u00e0 el dia 30 d&#8217;abril.<\/p>\n<p><img loading=\"lazy\" decoding=\"async\" class=\"alignnone size-large wp-image-14998\" src=\"https:\/\/agora.xtec.cat\/escolajoaquimsalarich\/wp-content\/uploads\/usu2205\/2024\/04\/INFORME_BAREM_RESOLTES_BAREM_page-0001-959x1024.jpg\" alt=\"\" width=\"959\" height=\"1024\" srcset=\"https:\/\/agora.xtec.cat\/escolajoaquimsalarich\/wp-content\/uploads\/usu2205\/2024\/04\/INFORME_BAREM_RESOLTES_BAREM_page-0001-959x1024.jpg 959w, https:\/\/agora.xtec.cat\/escolajoaquimsalarich\/wp-content\/uploads\/usu2205\/2024\/04\/INFORME_BAREM_RESOLTES_BAREM_page-0001-281x300.jpg 281w, https:\/\/agora.xtec.cat\/escolajoaquimsalarich\/wp-content\/uploads\/usu2205\/2024\/04\/INFORME_BAREM_RESOLTES_BAREM_page-0001-768x820.jpg 768w, https:\/\/agora.xtec.cat\/escolajoaquimsalarich\/wp-content\/uploads\/usu2205\/2024\/04\/INFORME_BAREM_RESOLTES_BAREM_page-0001.jpg 1275w\" sizes=\"auto, (max-width: 959px) 100vw, 959px\" \/><\/p>\n<p><img loading=\"lazy\" decoding=\"async\" class=\"alignnone size-large wp-image-14999\" src=\"https:\/\/agora.xtec.cat\/escolajoaquimsalarich\/wp-content\/uploads\/usu2205\/2024\/04\/INFORME_BAREM_RESOLTES_BAREM_page-0002-1024x816.jpg\" alt=\"\" width=\"1024\" height=\"816\" srcset=\"https:\/\/agora.xtec.cat\/escolajoaquimsalarich\/wp-content\/uploads\/usu2205\/2024\/04\/INFORME_BAREM_RESOLTES_BAREM_page-0002-1024x816.jpg 1024w, https:\/\/agora.xtec.cat\/escolajoaquimsalarich\/wp-content\/uploads\/usu2205\/2024\/04\/INFORME_BAREM_RESOLTES_BAREM_page-0002-300x239.jpg 300w, https:\/\/agora.xtec.cat\/escolajoaquimsalarich\/wp-content\/uploads\/usu2205\/2024\/04\/INFORME_BAREM_RESOLTES_BAREM_page-0002-768x612.jpg 768w, https:\/\/agora.xtec.cat\/escolajoaquimsalarich\/wp-content\/uploads\/usu2205\/2024\/04\/INFORME_BAREM_RESOLTES_BAREM_page-0002.jpg 1275w\" sizes=\"auto, (max-width: 1024px) 100vw, 1024px\" \/><\/p>\n<p>&nbsp;<\/p>\n<p style=\"background: white; margin: 0cm 0cm 15.0pt 0cm;\"><span style=\"font-family: 'Arial',sans-serif; color: #444444;\">Benvolgudes fam\u00edlies,<\/span><\/p>\n<p style=\"background: white; margin: 0cm 0cm 15.0pt 0cm;\"><span style=\"font-family: 'Arial',sans-serif; color: #444444;\">Avui surt publicada la llista amb el barem provisional, haur\u00edeu de comprovar que sortiu a la llista i teniu la puntuaci\u00f3 correcta. T<\/span><span style=\"color: #444444; font-family: Arial, sans-serif; font-size: 1em;\">amb\u00e9 s\u2019inicia el per\u00edode de reclamaci\u00f3 a la llista amb la puntuaci\u00f3 provisional i finalitza el 22 d\u2019abril.<\/span><\/p>\n<p style=\"background: white; box-sizing: border-box; text-rendering: optimizelegibility; font-variant-ligatures: normal; font-variant-caps: normal; orphans: 2; text-align: start; widows: 2; -webkit-text-stroke-width: 0px; text-decoration-thickness: initial; text-decoration-style: initial; text-decoration-color: initial; word-spacing: 0px; margin: 0cm 0cm 15.0pt 0cm;\"><span style=\"font-family: 'Arial',sans-serif; color: #444444;\">Si no esteu d\u2019acord amb la puntuaci\u00f3 provisional, o detecteu alguna errada o anomalia, podeu presentar una\u00a0<strong style=\"box-sizing: border-box; line-height: inherit;\"><span style=\"font-family: 'Arial',sans-serif;\">reclamaci\u00f3<\/span><\/strong>.<\/span><\/p>\n<p style=\"background: white; box-sizing: border-box; text-rendering: optimizelegibility; font-variant-ligatures: normal; font-variant-caps: normal; orphans: 2; text-align: start; widows: 2; -webkit-text-stroke-width: 0px; text-decoration-thickness: initial; text-decoration-style: initial; text-decoration-color: initial; word-spacing: 0px; margin: 0cm 0cm 15.0pt 0cm;\"><span style=\"font-family: 'Arial',sans-serif; color: #444444;\">Enlla\u00e7 a la reclamaci\u00f3 per Educaci\u00f3 Infantil (preinscripcions per I3, I4 i I5):\u00a0<a style=\"box-sizing: border-box; line-height: inherit;\" href=\"https:\/\/preinscripcio.gencat.cat\/ca\/estudis\/infantil-3-6\/preinscriute\/seguiment-sollicitud\/llista-sollicituds-puntuacio\/\" target=\"_blank\" rel=\"noopener\"><span style=\"color: #087eb6;\">Reclamaci\u00f3 a la llist<\/span><span style=\"color: #087eb6; text-decoration: none; text-underline: none;\">a provisional per Ed. Infantil<\/span><\/a><\/span><\/p>\n<p style=\"background: white; box-sizing: border-box; text-rendering: optimizelegibility; font-variant-ligatures: normal; font-variant-caps: normal; orphans: 2; text-align: start; widows: 2; -webkit-text-stroke-width: 0px; text-decoration-thickness: initial; text-decoration-style: initial; text-decoration-color: initial; word-spacing: 0px; margin: 0cm 0cm 15.0pt 0cm;\"><span style=\"font-family: 'Arial',sans-serif; color: #444444;\">Enlla\u00e7 a la reclamaci\u00f3 per Educaci\u00f3 Prim\u00e0ria: (preinscripcions per 1r, 2n, 3r, 4t, 5\u00e8 i 6\u00e8):\u00a0<a style=\"box-sizing: border-box; line-height: inherit;\" href=\"https:\/\/preinscripcio.gencat.cat\/ca\/estudis\/primaria\/preinscriute\/seguiment-sollicitud\/llista-sollicituds-puntuacio\/\" target=\"_blank\" rel=\"noopener\"><span style=\"color: #087eb6; text-decoration: none; text-underline: none;\">Reclamaci\u00f3 a la llista provisional per Ed. Prim\u00e0ria<\/span><\/a><\/span><\/p>\n<p style=\"background: white; box-sizing: border-box; text-rendering: optimizelegibility; font-variant-ligatures: normal; font-variant-caps: normal; orphans: 2; text-align: start; widows: 2; -webkit-text-stroke-width: 0px; text-decoration-thickness: initial; text-decoration-style: initial; text-decoration-color: initial; word-spacing: 0px; margin: 0cm 0cm 15.0pt 0cm;\"><span style=\"font-family: 'Arial',sans-serif; color: #444444;\">Si no podeu accedir a la consulta individual o no trobeu el model de reclamaci\u00f3 a la llista amb la puntuaci\u00f3 provisional podeu adre\u00e7ar-vos al centre demanat en primer lloc o a l\u2019oficina municipal d\u2019escolaritzaci\u00f3 per demanar informaci\u00f3 i ajuda per presentar-la en paper.<\/span><\/p>\n<p style=\"background: white; box-sizing: border-box; text-rendering: optimizelegibility; font-variant-ligatures: normal; font-variant-caps: normal; orphans: 2; text-align: start; widows: 2; -webkit-text-stroke-width: 0px; text-decoration-thickness: initial; text-decoration-style: initial; text-decoration-color: initial; word-spacing: 0px; margin: 0cm 0cm 15.0pt 0cm;\"><span style=\"font-family: 'Arial',sans-serif; color: #444444;\">A continuaci\u00f3 us adjuntem l\u2019enlla\u00e7 al model de reclamaci\u00f3:\u00a0<a style=\"box-sizing: border-box; line-height: inherit;\" href=\"https:\/\/agora.xtec.cat\/escolajoaquimsalarich\/wp-content\/uploads\/usu2205\/2023\/02\/A948.pdf\" target=\"_blank\" rel=\"noopener\"><span style=\"color: #087eb6; text-decoration: none; text-underline: none;\">Model reclamaci\u00f3 en paper<\/span><\/a><\/span><\/p>\n<p>&nbsp;<\/p>\n<p><img loading=\"lazy\" decoding=\"async\" class=\"alignnone size-large wp-image-14971\" src=\"https:\/\/agora.xtec.cat\/escolajoaquimsalarich\/wp-content\/uploads\/usu2205\/2024\/04\/INFORME_BAREM_PROVISIONAL_BAREM_page-0001-863x1024.jpg\" alt=\"\" width=\"863\" height=\"1024\" srcset=\"https:\/\/agora.xtec.cat\/escolajoaquimsalarich\/wp-content\/uploads\/usu2205\/2024\/04\/INFORME_BAREM_PROVISIONAL_BAREM_page-0001-863x1024.jpg 863w, https:\/\/agora.xtec.cat\/escolajoaquimsalarich\/wp-content\/uploads\/usu2205\/2024\/04\/INFORME_BAREM_PROVISIONAL_BAREM_page-0001-253x300.jpg 253w, https:\/\/agora.xtec.cat\/escolajoaquimsalarich\/wp-content\/uploads\/usu2205\/2024\/04\/INFORME_BAREM_PROVISIONAL_BAREM_page-0001-768x911.jpg 768w, https:\/\/agora.xtec.cat\/escolajoaquimsalarich\/wp-content\/uploads\/usu2205\/2024\/04\/INFORME_BAREM_PROVISIONAL_BAREM_page-0001.jpg 1275w\" sizes=\"auto, (max-width: 863px) 100vw, 863px\" \/><\/p>\n<p><img loading=\"lazy\" decoding=\"async\" class=\"alignnone size-large wp-image-14972\" src=\"https:\/\/agora.xtec.cat\/escolajoaquimsalarich\/wp-content\/uploads\/usu2205\/2024\/04\/INFORME_BAREM_PROVISIONAL_BAREM_page-0002-958x1024.jpg\" alt=\"\" width=\"958\" height=\"1024\" srcset=\"https:\/\/agora.xtec.cat\/escolajoaquimsalarich\/wp-content\/uploads\/usu2205\/2024\/04\/INFORME_BAREM_PROVISIONAL_BAREM_page-0002-958x1024.jpg 958w, https:\/\/agora.xtec.cat\/escolajoaquimsalarich\/wp-content\/uploads\/usu2205\/2024\/04\/INFORME_BAREM_PROVISIONAL_BAREM_page-0002-281x300.jpg 281w, https:\/\/agora.xtec.cat\/escolajoaquimsalarich\/wp-content\/uploads\/usu2205\/2024\/04\/INFORME_BAREM_PROVISIONAL_BAREM_page-0002-768x821.jpg 768w, https:\/\/agora.xtec.cat\/escolajoaquimsalarich\/wp-content\/uploads\/usu2205\/2024\/04\/INFORME_BAREM_PROVISIONAL_BAREM_page-0002.jpg 1275w\" sizes=\"auto, (max-width: 958px) 100vw, 958px\" \/><\/p>\n<p><img loading=\"lazy\" decoding=\"async\" class=\"alignnone size-large wp-image-14973\" src=\"https:\/\/agora.xtec.cat\/escolajoaquimsalarich\/wp-content\/uploads\/usu2205\/2024\/04\/INFORME_BAREM_PROVISIONAL_BAREM_page-0003-1024x410.jpg\" alt=\"\" width=\"1024\" height=\"410\" srcset=\"https:\/\/agora.xtec.cat\/escolajoaquimsalarich\/wp-content\/uploads\/usu2205\/2024\/04\/INFORME_BAREM_PROVISIONAL_BAREM_page-0003-1024x410.jpg 1024w, https:\/\/agora.xtec.cat\/escolajoaquimsalarich\/wp-content\/uploads\/usu2205\/2024\/04\/INFORME_BAREM_PROVISIONAL_BAREM_page-0003-300x120.jpg 300w, https:\/\/agora.xtec.cat\/escolajoaquimsalarich\/wp-content\/uploads\/usu2205\/2024\/04\/INFORME_BAREM_PROVISIONAL_BAREM_page-0003-768x307.jpg 768w, https:\/\/agora.xtec.cat\/escolajoaquimsalarich\/wp-content\/uploads\/usu2205\/2024\/04\/INFORME_BAREM_PROVISIONAL_BAREM_page-0003.jpg 1275w\" sizes=\"auto, (max-width: 1024px) 100vw, 1024px\" \/><\/p>\n<p>Benvolgudes fam\u00edlies,<\/p>\n<p>Avui surt publicada la Oferta Inicial.<\/p>\n<p><img loading=\"lazy\" decoding=\"async\" class=\"alignnone size-large wp-image-14888\" src=\"https:\/\/agora.xtec.cat\/escolajoaquimsalarich\/wp-content\/uploads\/usu2205\/2024\/03\/INFORME_OFERTA_OME_INFORME_OFERTA-1024x696.jpg\" alt=\"\" width=\"1024\" height=\"696\" srcset=\"https:\/\/agora.xtec.cat\/escolajoaquimsalarich\/wp-content\/uploads\/usu2205\/2024\/03\/INFORME_OFERTA_OME_INFORME_OFERTA-1024x696.jpg 1024w, https:\/\/agora.xtec.cat\/escolajoaquimsalarich\/wp-content\/uploads\/usu2205\/2024\/03\/INFORME_OFERTA_OME_INFORME_OFERTA-300x204.jpg 300w, https:\/\/agora.xtec.cat\/escolajoaquimsalarich\/wp-content\/uploads\/usu2205\/2024\/03\/INFORME_OFERTA_OME_INFORME_OFERTA-768x522.jpg 768w, https:\/\/agora.xtec.cat\/escolajoaquimsalarich\/wp-content\/uploads\/usu2205\/2024\/03\/INFORME_OFERTA_OME_INFORME_OFERTA.jpg 1275w\" sizes=\"auto, (max-width: 1024px) 100vw, 1024px\" \/><\/p>\n<p>&nbsp;<\/p>\n<p>Us recordem que, en cas de tenir un fill\/a per matricular a I3, 1r d\u2019ESO o voler sol\u00b7licitar un canvi de centre, el proc\u00e9s de preinscripci\u00f3 pel curs 2024-2025 ser\u00e0 del 6 al 20 de mar\u00e7, ambd\u00f3s inclosos.<\/p>\n<p>Us enllacem una guia on explica com realitzar el proc\u00e9s de preinscripci\u00f3.<\/p>\n<p><iframe loading=\"lazy\" src=\"https:\/\/drive.google.com\/file\/d\/1Bv83g8OCY19v8EKI4iK6klI_eh_FomRa\/preview\" width=\"640\" height=\"480\"><\/iframe><\/p>\n<p>&nbsp;<\/p>\n<p>Trobareu aquesta i m\u00e9s informaci\u00f3 (criteris per a l\u2019adjudicaci\u00f3 de places, v\u00eddeos explicatius, sol\u00b7licitud de preinscripci\u00f3\u2026) a la web del Departament clicant\u00a0<a href=\"https:\/\/preinscripcio.gencat.cat\/ca\/inici\" target=\"_blank\" rel=\"noopener\">aqu\u00ed<\/a>.<\/p>\n<p>A continuaci\u00f3 us adjuntem el calendari del proc\u00e9s. Anirem actualitzant l\u2019entrada a mesura que vagi avan\u00e7ant el proc\u00e9s.<strong>\u00a0<\/strong><\/p>\n<table style=\"width: 88.3465%;\" width=\"94%\">\n<tbody>\n<tr>\n<td style=\"width: 68.3594%;\" width=\"374\"><b>Fases de la preinscripci\u00f3\u200b<\/b><\/td>\n<td style=\"width: 25.2736%;\" width=\"170\"><strong>Dates<\/strong><\/td>\n<\/tr>\n<tr>\n<td style=\"width: 68.3594%;\" width=\"374\"><strong>Presentaci\u00f3 i\/o modificaci\u00f3 de sol\u00b7licituds 2n cicle d\u2019educaci\u00f3 infantil i prim\u00e0ria<\/strong><\/td>\n<td style=\"width: 25.2736%;\" width=\"170\"><strong>Del 6 al 20 de mar\u00e7<\/strong><\/td>\n<\/tr>\n<tr>\n<td style=\"width: 68.3594%;\" width=\"374\">Presentaci\u00f3 de documentaci\u00f3<\/td>\n<td style=\"width: 25.2736%;\" width=\"170\">21 i 22 de mar\u00e7<\/td>\n<\/tr>\n<tr>\n<td style=\"width: 68.3594%;\" width=\"374\"><strong>Publicaci\u00f3 de la llista de sol\u00b7licituds amb la puntuaci\u00f3 provisional<\/strong><\/td>\n<td style=\"width: 25.2736%;\" width=\"170\"><strong>17 d\u2019abril<\/strong><\/td>\n<\/tr>\n<tr>\n<td style=\"width: 68.3594%;\" width=\"374\">Presentaci\u00f3 de reclamacions per\u00a0a la llista amb la puntuaci\u00f3 provisional<\/td>\n<td style=\"width: 25.2736%;\" width=\"170\">Del 17 al 22 d\u2019abril<\/td>\n<\/tr>\n<tr>\n<td style=\"width: 68.3594%;\" width=\"374\"><strong>Publicaci\u00f3 de la llista amb la puntuaci\u00f3, un cop\u00a0resoltes les reclamacions<\/strong><\/td>\n<td style=\"width: 25.2736%;\" width=\"170\"><strong>25 d&#8217;abril<\/strong><\/td>\n<\/tr>\n<tr>\n<td style=\"width: 68.3594%;\" width=\"374\"><strong>Sorteig<\/strong><\/td>\n<td style=\"width: 25.2736%;\" width=\"170\"><strong>30 d&#8217;abril<\/strong><\/td>\n<\/tr>\n<tr>\n<td style=\"width: 68.3594%;\" width=\"374\">Publicaci\u00f3 de la llista ordenada<\/td>\n<td style=\"width: 25.2736%;\" width=\"170\">2 de maig<\/td>\n<\/tr>\n<tr>\n<td style=\"width: 68.3594%;\" width=\"374\">Ampliaci\u00f3 de peticions \u2013per a\u00a0aquells que necessiten assignaci\u00f3 d\u2019ofici i no s\u2019han assignat per petici\u00f3 original- (fam\u00edlies)<\/td>\n<td style=\"width: 25.2736%;\" width=\"170\">14 i 15 de maig alumnat amb NEE i del 29 al 31 de maig per l&#8217;alumnat ordinari<\/td>\n<\/tr>\n<tr>\n<td style=\"width: 68.3594%;\" width=\"374\">Publicaci\u00f3 de l\u2019oferta final<\/td>\n<td style=\"width: 25.2736%;\" width=\"170\">7 de juny<\/td>\n<\/tr>\n<tr>\n<td style=\"width: 68.3594%;\" width=\"374\"><strong>Publicaci\u00f3 de la llista d\u2019admesos i la llista d\u2019espera<\/strong><\/td>\n<td style=\"width: 25.2736%;\" width=\"170\"><strong>10 de juny<\/strong><\/td>\n<\/tr>\n<tr>\n<td style=\"width: 68.3594%;\" width=\"374\">\u200b\u200b<strong>Per\u00edode de matriculaci\u00f3\u00a0<\/strong><\/td>\n<td style=\"width: 25.2736%;\" width=\"170\"><strong>Del 18 al 26 de juny<\/strong><\/td>\n<\/tr>\n<tr>\n<td style=\"width: 68.3594%;\" width=\"374\">Llistes d\u2019alumnes matriculats procedents de preinscripci\u00f3 i nova admissi\u00f3<\/td>\n<td style=\"width: 25.2736%;\" width=\"170\">30 de setembre<\/td>\n<\/tr>\n<\/tbody>\n<\/table>\n","protected":false},"excerpt":{"rendered":"<p>Benvolgudes fam\u00edlies, Avui surten publicades les llistes seg\u00fcents: Llistes d\u2019assignaci\u00f3 Llistes de preinscrits amb indicaci\u00f3 d\u2019assignaci\u00f3 Llistes d\u2019espera. Les trobareu a continuaci\u00f3: Benvolgudes fam\u00edlies, Avui surt publicada l\u2019oferta definitiva de places. &nbsp; Benvolgudes fam\u00edlies, Avui surt publicada la llista ordenada definitiva. Despr\u00e9s del sorteig, celebrat el passat dia 30 abril\u00a0 on el n\u00famero de desempat [&hellip;]<\/p>\n","protected":false},"author":1,"featured_media":14826,"comment_status":"closed","ping_status":"closed","sticky":false,"template":"","format":"standard","meta":{"_bbp_topic_count":0,"_bbp_reply_count":0,"_bbp_total_topic_count":0,"_bbp_total_reply_count":0,"_bbp_voice_count":0,"_bbp_anonymous_reply_count":0,"_bbp_topic_count_hidden":0,"_bbp_reply_count_hidden":0,"_bbp_forum_subforum_count":0,"site-sidebar-layout":"default","site-content-layout":"","ast-site-content-layout":"","site-content-style":"default","site-sidebar-style":"default","ast-global-header-display":"","ast-banner-title-visibility":"","ast-main-header-display":"","ast-hfb-above-header-display":"","ast-hfb-below-header-display":"","ast-hfb-mobile-header-display":"","site-post-title":"","ast-breadcrumbs-content":"","ast-featured-img":"","footer-sml-layout":"","theme-transparent-header-meta":"","adv-header-id-meta":"","stick-header-meta":"","header-above-stick-meta":"","header-main-stick-meta":"","header-below-stick-meta":"","astra-migrate-meta-layouts":"default","ast-page-background-enabled":"default","ast-page-background-meta":{"desktop":{"background-color":"var(--ast-global-color-4)","background-image":"","background-repeat":"repeat","background-position":"center center","background-size":"auto","background-attachment":"scroll","background-type":"","background-media":"","overlay-type":"","overlay-color":"","overlay-opacity":"","overlay-gradient":""},"tablet":{"background-color":"","background-image":"","background-repeat":"repeat","background-position":"center center","background-size":"auto","background-attachment":"scroll","background-type":"","background-media":"","overlay-type":"","overlay-color":"","overlay-opacity":"","overlay-gradient":""},"mobile":{"background-color":"","background-image":"","background-repeat":"repeat","background-position":"center center","background-size":"auto","background-attachment":"scroll","background-type":"","background-media":"","overlay-type":"","overlay-color":"","overlay-opacity":"","overlay-gradient":""}},"ast-content-background-meta":{"desktop":{"background-color":"var(--ast-global-color-5)","background-image":"","background-repeat":"repeat","background-position":"center center","background-size":"auto","background-attachment":"scroll","background-type":"","background-media":"","overlay-type":"","overlay-color":"","overlay-opacity":"","overlay-gradient":""},"tablet":{"background-color":"var(--ast-global-color-5)","background-image":"","background-repeat":"repeat","background-position":"center center","background-size":"auto","background-attachment":"scroll","background-type":"","background-media":"","overlay-type":"","overlay-color":"","overlay-opacity":"","overlay-gradient":""},"mobile":{"background-color":"var(--ast-global-color-5)","background-image":"","background-repeat":"repeat","background-position":"center center","background-size":"auto","background-attachment":"scroll","background-type":"","background-media":"","overlay-type":"","overlay-color":"","overlay-opacity":"","overlay-gradient":""}},"footnotes":""},"categories":[72],"tags":[],"class_list":["post-14825","post","type-post","status-publish","format-standard","has-post-thumbnail","hentry","category-noticies"],"post_mailing_queue_ids":[],"_links":{"self":[{"href":"https:\/\/agora.xtec.cat\/escolajoaquimsalarich\/wp-json\/wp\/v2\/posts\/14825","targetHints":{"allow":["GET"]}}],"collection":[{"href":"https:\/\/agora.xtec.cat\/escolajoaquimsalarich\/wp-json\/wp\/v2\/posts"}],"about":[{"href":"https:\/\/agora.xtec.cat\/escolajoaquimsalarich\/wp-json\/wp\/v2\/types\/post"}],"author":[{"embeddable":true,"href":"https:\/\/agora.xtec.cat\/escolajoaquimsalarich\/wp-json\/wp\/v2\/users\/1"}],"replies":[{"embeddable":true,"href":"https:\/\/agora.xtec.cat\/escolajoaquimsalarich\/wp-json\/wp\/v2\/comments?post=14825"}],"version-history":[{"count":6,"href":"https:\/\/agora.xtec.cat\/escolajoaquimsalarich\/wp-json\/wp\/v2\/posts\/14825\/revisions"}],"predecessor-version":[{"id":15012,"href":"https:\/\/agora.xtec.cat\/escolajoaquimsalarich\/wp-json\/wp\/v2\/posts\/14825\/revisions\/15012"}],"wp:featuredmedia":[{"embeddable":true,"href":"https:\/\/agora.xtec.cat\/escolajoaquimsalarich\/wp-json\/wp\/v2\/media\/14826"}],"wp:attachment":[{"href":"https:\/\/agora.xtec.cat\/escolajoaquimsalarich\/wp-json\/wp\/v2\/media?parent=14825"}],"wp:term":[{"taxonomy":"category","embeddable":true,"href":"https:\/\/agora.xtec.cat\/escolajoaquimsalarich\/wp-json\/wp\/v2\/categories?post=14825"},{"taxonomy":"post_tag","embeddable":true,"href":"https:\/\/agora.xtec.cat\/escolajoaquimsalarich\/wp-json\/wp\/v2\/tags?post=14825"}],"curies":[{"name":"wp","href":"https:\/\/api.w.org\/{rel}","templated":true}]}}