{"id":14282,"date":"2023-02-10T19:36:17","date_gmt":"2023-02-10T18:36:17","guid":{"rendered":"https:\/\/agora.xtec.cat\/escolajoaquimsalarich\/?p=14282"},"modified":"2023-02-10T19:39:11","modified_gmt":"2023-02-10T18:39:11","slug":"estada-a-finlandia","status":"publish","type":"post","link":"https:\/\/agora.xtec.cat\/escolajoaquimsalarich\/noticies\/estada-a-finlandia\/","title":{"rendered":"ESTADA A FINL\u00c0NDIA"},"content":{"rendered":"<p style=\"text-align: left;\">Les mestres Gemma Ti\u00f3 i Anna Soler han fet una estada de tres dies a Finl\u00e0ndia, dins del marc del programa Mentoratge i identitat Docent (MID) que promou la Facultat d&#8217;Educaci\u00f3, Traducci\u00f3, Esport i Psicologia (FETEP), amb el suport de l&#8217;ajuntament de Vic.<\/p>\n<p style=\"text-align: left;\">L&#8217;objectiu d&#8217;aquestes primeres beques a la mobilitat per a mestres ha estat poder con\u00e8ixer la realitat educativa d&#8217;altres pa\u00efsos i poder importar millores cap al nostre, aprofitant l&#8217;estructura de projectes internacionals de la facultat.<\/p>\n<p>&nbsp;<\/p>\n<p>&nbsp;<\/p>\n<p><img loading=\"lazy\" decoding=\"async\" class=\"alignnone size-large wp-image-14305\" src=\"https:\/\/agora.xtec.cat\/escolajoaquimsalarich\/wp-content\/uploads\/usu2205\/2023\/02\/IMG-20230210-WA0028-1-1024x1024.jpg\" alt=\"\" width=\"1024\" height=\"1024\" srcset=\"https:\/\/agora.xtec.cat\/escolajoaquimsalarich\/wp-content\/uploads\/usu2205\/2023\/02\/IMG-20230210-WA0028-1-1024x1024.jpg 1024w, https:\/\/agora.xtec.cat\/escolajoaquimsalarich\/wp-content\/uploads\/usu2205\/2023\/02\/IMG-20230210-WA0028-1-300x300.jpg 300w, https:\/\/agora.xtec.cat\/escolajoaquimsalarich\/wp-content\/uploads\/usu2205\/2023\/02\/IMG-20230210-WA0028-1-150x150.jpg 150w, https:\/\/agora.xtec.cat\/escolajoaquimsalarich\/wp-content\/uploads\/usu2205\/2023\/02\/IMG-20230210-WA0028-1-768x768.jpg 768w, https:\/\/agora.xtec.cat\/escolajoaquimsalarich\/wp-content\/uploads\/usu2205\/2023\/02\/IMG-20230210-WA0028-1-1536x1536.jpg 1536w, https:\/\/agora.xtec.cat\/escolajoaquimsalarich\/wp-content\/uploads\/usu2205\/2023\/02\/IMG-20230210-WA0028-1.jpg 2048w\" sizes=\"auto, (max-width: 1024px) 100vw, 1024px\" \/><img loading=\"lazy\" decoding=\"async\" class=\"alignnone size-large wp-image-14304\" src=\"https:\/\/agora.xtec.cat\/escolajoaquimsalarich\/wp-content\/uploads\/usu2205\/2023\/02\/IMG-20230210-WA0027-1-1024x1024.jpg\" alt=\"\" width=\"1024\" height=\"1024\" srcset=\"https:\/\/agora.xtec.cat\/escolajoaquimsalarich\/wp-content\/uploads\/usu2205\/2023\/02\/IMG-20230210-WA0027-1-1024x1024.jpg 1024w, https:\/\/agora.xtec.cat\/escolajoaquimsalarich\/wp-content\/uploads\/usu2205\/2023\/02\/IMG-20230210-WA0027-1-300x300.jpg 300w, https:\/\/agora.xtec.cat\/escolajoaquimsalarich\/wp-content\/uploads\/usu2205\/2023\/02\/IMG-20230210-WA0027-1-150x150.jpg 150w, https:\/\/agora.xtec.cat\/escolajoaquimsalarich\/wp-content\/uploads\/usu2205\/2023\/02\/IMG-20230210-WA0027-1-768x768.jpg 768w, https:\/\/agora.xtec.cat\/escolajoaquimsalarich\/wp-content\/uploads\/usu2205\/2023\/02\/IMG-20230210-WA0027-1-1536x1536.jpg 1536w, https:\/\/agora.xtec.cat\/escolajoaquimsalarich\/wp-content\/uploads\/usu2205\/2023\/02\/IMG-20230210-WA0027-1.jpg 2048w\" sizes=\"auto, (max-width: 1024px) 100vw, 1024px\" \/><img loading=\"lazy\" decoding=\"async\" class=\"alignnone size-large wp-image-14303\" src=\"https:\/\/agora.xtec.cat\/escolajoaquimsalarich\/wp-content\/uploads\/usu2205\/2023\/02\/IMG-20230210-WA0026-1-1024x1024.jpg\" alt=\"\" width=\"1024\" height=\"1024\" srcset=\"https:\/\/agora.xtec.cat\/escolajoaquimsalarich\/wp-content\/uploads\/usu2205\/2023\/02\/IMG-20230210-WA0026-1-1024x1024.jpg 1024w, https:\/\/agora.xtec.cat\/escolajoaquimsalarich\/wp-content\/uploads\/usu2205\/2023\/02\/IMG-20230210-WA0026-1-300x300.jpg 300w, https:\/\/agora.xtec.cat\/escolajoaquimsalarich\/wp-content\/uploads\/usu2205\/2023\/02\/IMG-20230210-WA0026-1-150x150.jpg 150w, https:\/\/agora.xtec.cat\/escolajoaquimsalarich\/wp-content\/uploads\/usu2205\/2023\/02\/IMG-20230210-WA0026-1-768x768.jpg 768w, https:\/\/agora.xtec.cat\/escolajoaquimsalarich\/wp-content\/uploads\/usu2205\/2023\/02\/IMG-20230210-WA0026-1-1536x1536.jpg 1536w, https:\/\/agora.xtec.cat\/escolajoaquimsalarich\/wp-content\/uploads\/usu2205\/2023\/02\/IMG-20230210-WA0026-1.jpg 2048w\" sizes=\"auto, (max-width: 1024px) 100vw, 1024px\" \/><img loading=\"lazy\" decoding=\"async\" class=\"alignnone size-large wp-image-14302\" src=\"https:\/\/agora.xtec.cat\/escolajoaquimsalarich\/wp-content\/uploads\/usu2205\/2023\/02\/IMG-20230210-WA0025-1-1024x1024.jpg\" alt=\"\" width=\"1024\" height=\"1024\" srcset=\"https:\/\/agora.xtec.cat\/escolajoaquimsalarich\/wp-content\/uploads\/usu2205\/2023\/02\/IMG-20230210-WA0025-1-1024x1024.jpg 1024w, https:\/\/agora.xtec.cat\/escolajoaquimsalarich\/wp-content\/uploads\/usu2205\/2023\/02\/IMG-20230210-WA0025-1-300x300.jpg 300w, https:\/\/agora.xtec.cat\/escolajoaquimsalarich\/wp-content\/uploads\/usu2205\/2023\/02\/IMG-20230210-WA0025-1-150x150.jpg 150w, https:\/\/agora.xtec.cat\/escolajoaquimsalarich\/wp-content\/uploads\/usu2205\/2023\/02\/IMG-20230210-WA0025-1-768x768.jpg 768w, https:\/\/agora.xtec.cat\/escolajoaquimsalarich\/wp-content\/uploads\/usu2205\/2023\/02\/IMG-20230210-WA0025-1-1536x1536.jpg 1536w, https:\/\/agora.xtec.cat\/escolajoaquimsalarich\/wp-content\/uploads\/usu2205\/2023\/02\/IMG-20230210-WA0025-1.jpg 1920w\" sizes=\"auto, (max-width: 1024px) 100vw, 1024px\" \/><img loading=\"lazy\" decoding=\"async\" class=\"alignnone size-large wp-image-14301\" src=\"https:\/\/agora.xtec.cat\/escolajoaquimsalarich\/wp-content\/uploads\/usu2205\/2023\/02\/IMG-20230210-WA0024-1-1024x1024.jpg\" alt=\"\" width=\"1024\" height=\"1024\" srcset=\"https:\/\/agora.xtec.cat\/escolajoaquimsalarich\/wp-content\/uploads\/usu2205\/2023\/02\/IMG-20230210-WA0024-1-1024x1024.jpg 1024w, https:\/\/agora.xtec.cat\/escolajoaquimsalarich\/wp-content\/uploads\/usu2205\/2023\/02\/IMG-20230210-WA0024-1-300x300.jpg 300w, https:\/\/agora.xtec.cat\/escolajoaquimsalarich\/wp-content\/uploads\/usu2205\/2023\/02\/IMG-20230210-WA0024-1-150x150.jpg 150w, https:\/\/agora.xtec.cat\/escolajoaquimsalarich\/wp-content\/uploads\/usu2205\/2023\/02\/IMG-20230210-WA0024-1-768x768.jpg 768w, https:\/\/agora.xtec.cat\/escolajoaquimsalarich\/wp-content\/uploads\/usu2205\/2023\/02\/IMG-20230210-WA0024-1-1536x1536.jpg 1536w, https:\/\/agora.xtec.cat\/escolajoaquimsalarich\/wp-content\/uploads\/usu2205\/2023\/02\/IMG-20230210-WA0024-1.jpg 2048w\" sizes=\"auto, (max-width: 1024px) 100vw, 1024px\" \/><img loading=\"lazy\" decoding=\"async\" class=\"alignnone size-large wp-image-14300\" src=\"https:\/\/agora.xtec.cat\/escolajoaquimsalarich\/wp-content\/uploads\/usu2205\/2023\/02\/IMG-20230210-WA0023-1-1024x1024.jpg\" alt=\"\" width=\"1024\" height=\"1024\" srcset=\"https:\/\/agora.xtec.cat\/escolajoaquimsalarich\/wp-content\/uploads\/usu2205\/2023\/02\/IMG-20230210-WA0023-1-1024x1024.jpg 1024w, https:\/\/agora.xtec.cat\/escolajoaquimsalarich\/wp-content\/uploads\/usu2205\/2023\/02\/IMG-20230210-WA0023-1-300x300.jpg 300w, https:\/\/agora.xtec.cat\/escolajoaquimsalarich\/wp-content\/uploads\/usu2205\/2023\/02\/IMG-20230210-WA0023-1-150x150.jpg 150w, https:\/\/agora.xtec.cat\/escolajoaquimsalarich\/wp-content\/uploads\/usu2205\/2023\/02\/IMG-20230210-WA0023-1-768x768.jpg 768w, https:\/\/agora.xtec.cat\/escolajoaquimsalarich\/wp-content\/uploads\/usu2205\/2023\/02\/IMG-20230210-WA0023-1-1536x1536.jpg 1536w, https:\/\/agora.xtec.cat\/escolajoaquimsalarich\/wp-content\/uploads\/usu2205\/2023\/02\/IMG-20230210-WA0023-1.jpg 2048w\" sizes=\"auto, (max-width: 1024px) 100vw, 1024px\" \/><img loading=\"lazy\" decoding=\"async\" class=\"alignnone size-large wp-image-14299\" src=\"https:\/\/agora.xtec.cat\/escolajoaquimsalarich\/wp-content\/uploads\/usu2205\/2023\/02\/IMG-20230210-WA0022-1-1024x1024.jpg\" alt=\"\" width=\"1024\" height=\"1024\" srcset=\"https:\/\/agora.xtec.cat\/escolajoaquimsalarich\/wp-content\/uploads\/usu2205\/2023\/02\/IMG-20230210-WA0022-1-1024x1024.jpg 1024w, https:\/\/agora.xtec.cat\/escolajoaquimsalarich\/wp-content\/uploads\/usu2205\/2023\/02\/IMG-20230210-WA0022-1-300x300.jpg 300w, https:\/\/agora.xtec.cat\/escolajoaquimsalarich\/wp-content\/uploads\/usu2205\/2023\/02\/IMG-20230210-WA0022-1-150x150.jpg 150w, https:\/\/agora.xtec.cat\/escolajoaquimsalarich\/wp-content\/uploads\/usu2205\/2023\/02\/IMG-20230210-WA0022-1-768x768.jpg 768w, https:\/\/agora.xtec.cat\/escolajoaquimsalarich\/wp-content\/uploads\/usu2205\/2023\/02\/IMG-20230210-WA0022-1.jpg 1440w\" sizes=\"auto, (max-width: 1024px) 100vw, 1024px\" \/><img loading=\"lazy\" decoding=\"async\" class=\"alignnone size-large wp-image-14298\" src=\"https:\/\/agora.xtec.cat\/escolajoaquimsalarich\/wp-content\/uploads\/usu2205\/2023\/02\/IMG-20230210-WA0021-1-1024x1024.jpg\" alt=\"\" width=\"1024\" height=\"1024\" srcset=\"https:\/\/agora.xtec.cat\/escolajoaquimsalarich\/wp-content\/uploads\/usu2205\/2023\/02\/IMG-20230210-WA0021-1-1024x1024.jpg 1024w, https:\/\/agora.xtec.cat\/escolajoaquimsalarich\/wp-content\/uploads\/usu2205\/2023\/02\/IMG-20230210-WA0021-1-300x300.jpg 300w, https:\/\/agora.xtec.cat\/escolajoaquimsalarich\/wp-content\/uploads\/usu2205\/2023\/02\/IMG-20230210-WA0021-1-150x150.jpg 150w, https:\/\/agora.xtec.cat\/escolajoaquimsalarich\/wp-content\/uploads\/usu2205\/2023\/02\/IMG-20230210-WA0021-1-768x768.jpg 768w, https:\/\/agora.xtec.cat\/escolajoaquimsalarich\/wp-content\/uploads\/usu2205\/2023\/02\/IMG-20230210-WA0021-1.jpg 1440w\" sizes=\"auto, (max-width: 1024px) 100vw, 1024px\" \/><img loading=\"lazy\" decoding=\"async\" class=\"alignnone size-large wp-image-14297\" src=\"https:\/\/agora.xtec.cat\/escolajoaquimsalarich\/wp-content\/uploads\/usu2205\/2023\/02\/IMG-20230210-WA0020-1-1024x1024.jpg\" alt=\"\" width=\"1024\" height=\"1024\" srcset=\"https:\/\/agora.xtec.cat\/escolajoaquimsalarich\/wp-content\/uploads\/usu2205\/2023\/02\/IMG-20230210-WA0020-1-1024x1024.jpg 1024w, https:\/\/agora.xtec.cat\/escolajoaquimsalarich\/wp-content\/uploads\/usu2205\/2023\/02\/IMG-20230210-WA0020-1-300x300.jpg 300w, https:\/\/agora.xtec.cat\/escolajoaquimsalarich\/wp-content\/uploads\/usu2205\/2023\/02\/IMG-20230210-WA0020-1-150x150.jpg 150w, https:\/\/agora.xtec.cat\/escolajoaquimsalarich\/wp-content\/uploads\/usu2205\/2023\/02\/IMG-20230210-WA0020-1-768x768.jpg 768w, https:\/\/agora.xtec.cat\/escolajoaquimsalarich\/wp-content\/uploads\/usu2205\/2023\/02\/IMG-20230210-WA0020-1.jpg 1440w\" sizes=\"auto, (max-width: 1024px) 100vw, 1024px\" \/><img loading=\"lazy\" decoding=\"async\" class=\"alignnone size-large wp-image-14296\" src=\"https:\/\/agora.xtec.cat\/escolajoaquimsalarich\/wp-content\/uploads\/usu2205\/2023\/02\/IMG-20230210-WA0019-1-1024x1024.jpg\" alt=\"\" width=\"1024\" height=\"1024\" srcset=\"https:\/\/agora.xtec.cat\/escolajoaquimsalarich\/wp-content\/uploads\/usu2205\/2023\/02\/IMG-20230210-WA0019-1-1024x1024.jpg 1024w, https:\/\/agora.xtec.cat\/escolajoaquimsalarich\/wp-content\/uploads\/usu2205\/2023\/02\/IMG-20230210-WA0019-1-300x300.jpg 300w, https:\/\/agora.xtec.cat\/escolajoaquimsalarich\/wp-content\/uploads\/usu2205\/2023\/02\/IMG-20230210-WA0019-1-150x150.jpg 150w, https:\/\/agora.xtec.cat\/escolajoaquimsalarich\/wp-content\/uploads\/usu2205\/2023\/02\/IMG-20230210-WA0019-1-768x768.jpg 768w, https:\/\/agora.xtec.cat\/escolajoaquimsalarich\/wp-content\/uploads\/usu2205\/2023\/02\/IMG-20230210-WA0019-1.jpg 1440w\" sizes=\"auto, (max-width: 1024px) 100vw, 1024px\" \/><\/p>\n","protected":false},"excerpt":{"rendered":"<p>Les mestres Gemma Ti\u00f3 i Anna Soler han fet una estada de tres dies a Finl\u00e0ndia, dins del marc del programa Mentoratge i identitat Docent (MID) que promou la Facultat d&#8217;Educaci\u00f3, Traducci\u00f3, Esport i Psicologia (FETEP), amb el suport de l&#8217;ajuntament de Vic. L&#8217;objectiu d&#8217;aquestes primeres beques a la mobilitat per a mestres ha estat [&hellip;]<\/p>\n","protected":false},"author":1,"featured_media":14301,"comment_status":"open","ping_status":"closed","sticky":false,"template":"","format":"standard","meta":{"_bbp_topic_count":0,"_bbp_reply_count":0,"_bbp_total_topic_count":0,"_bbp_total_reply_count":0,"_bbp_voice_count":0,"_bbp_anonymous_reply_count":0,"_bbp_topic_count_hidden":0,"_bbp_reply_count_hidden":0,"_bbp_forum_subforum_count":0,"site-sidebar-layout":"default","site-content-layout":"","ast-site-content-layout":"","site-content-style":"default","site-sidebar-style":"default","ast-global-header-display":"","ast-banner-title-visibility":"","ast-main-header-display":"","ast-hfb-above-header-display":"","ast-hfb-below-header-display":"","ast-hfb-mobile-header-display":"","site-post-title":"","ast-breadcrumbs-content":"","ast-featured-img":"","footer-sml-layout":"","theme-transparent-header-meta":"","adv-header-id-meta":"","stick-header-meta":"","header-above-stick-meta":"","header-main-stick-meta":"","header-below-stick-meta":"","astra-migrate-meta-layouts":"default","ast-page-background-enabled":"default","ast-page-background-meta":{"desktop":{"background-color":"var(--ast-global-color-4)","background-image":"","background-repeat":"repeat","background-position":"center center","background-size":"auto","background-attachment":"scroll","background-type":"","background-media":"","overlay-type":"","overlay-color":"","overlay-opacity":"","overlay-gradient":""},"tablet":{"background-color":"","background-image":"","background-repeat":"repeat","background-position":"center center","background-size":"auto","background-attachment":"scroll","background-type":"","background-media":"","overlay-type":"","overlay-color":"","overlay-opacity":"","overlay-gradient":""},"mobile":{"background-color":"","background-image":"","background-repeat":"repeat","background-position":"center center","background-size":"auto","background-attachment":"scroll","background-type":"","background-media":"","overlay-type":"","overlay-color":"","overlay-opacity":"","overlay-gradient":""}},"ast-content-background-meta":{"desktop":{"background-color":"var(--ast-global-color-5)","background-image":"","background-repeat":"repeat","background-position":"center center","background-size":"auto","background-attachment":"scroll","background-type":"","background-media":"","overlay-type":"","overlay-color":"","overlay-opacity":"","overlay-gradient":""},"tablet":{"background-color":"var(--ast-global-color-5)","background-image":"","background-repeat":"repeat","background-position":"center center","background-size":"auto","background-attachment":"scroll","background-type":"","background-media":"","overlay-type":"","overlay-color":"","overlay-opacity":"","overlay-gradient":""},"mobile":{"background-color":"var(--ast-global-color-5)","background-image":"","background-repeat":"repeat","background-position":"center center","background-size":"auto","background-attachment":"scroll","background-type":"","background-media":"","overlay-type":"","overlay-color":"","overlay-opacity":"","overlay-gradient":""}},"footnotes":""},"categories":[72],"tags":[],"class_list":["post-14282","post","type-post","status-publish","format-standard","has-post-thumbnail","hentry","category-noticies"],"post_mailing_queue_ids":[],"_links":{"self":[{"href":"https:\/\/agora.xtec.cat\/escolajoaquimsalarich\/wp-json\/wp\/v2\/posts\/14282","targetHints":{"allow":["GET"]}}],"collection":[{"href":"https:\/\/agora.xtec.cat\/escolajoaquimsalarich\/wp-json\/wp\/v2\/posts"}],"about":[{"href":"https:\/\/agora.xtec.cat\/escolajoaquimsalarich\/wp-json\/wp\/v2\/types\/post"}],"author":[{"embeddable":true,"href":"https:\/\/agora.xtec.cat\/escolajoaquimsalarich\/wp-json\/wp\/v2\/users\/1"}],"replies":[{"embeddable":true,"href":"https:\/\/agora.xtec.cat\/escolajoaquimsalarich\/wp-json\/wp\/v2\/comments?post=14282"}],"version-history":[{"count":3,"href":"https:\/\/agora.xtec.cat\/escolajoaquimsalarich\/wp-json\/wp\/v2\/posts\/14282\/revisions"}],"predecessor-version":[{"id":14308,"href":"https:\/\/agora.xtec.cat\/escolajoaquimsalarich\/wp-json\/wp\/v2\/posts\/14282\/revisions\/14308"}],"wp:featuredmedia":[{"embeddable":true,"href":"https:\/\/agora.xtec.cat\/escolajoaquimsalarich\/wp-json\/wp\/v2\/media\/14301"}],"wp:attachment":[{"href":"https:\/\/agora.xtec.cat\/escolajoaquimsalarich\/wp-json\/wp\/v2\/media?parent=14282"}],"wp:term":[{"taxonomy":"category","embeddable":true,"href":"https:\/\/agora.xtec.cat\/escolajoaquimsalarich\/wp-json\/wp\/v2\/categories?post=14282"},{"taxonomy":"post_tag","embeddable":true,"href":"https:\/\/agora.xtec.cat\/escolajoaquimsalarich\/wp-json\/wp\/v2\/tags?post=14282"}],"curies":[{"name":"wp","href":"https:\/\/api.w.org\/{rel}","templated":true}]}}