{"id":14214,"date":"2023-01-27T13:28:56","date_gmt":"2023-01-27T12:28:56","guid":{"rendered":"https:\/\/agora.xtec.cat\/escolajoaquimsalarich\/?p=14214"},"modified":"2023-01-27T16:38:51","modified_gmt":"2023-01-27T15:38:51","slug":"ciencia-i-escola","status":"publish","type":"post","link":"https:\/\/agora.xtec.cat\/escolajoaquimsalarich\/educacio-infantil\/ciencia-i-escola\/","title":{"rendered":"CI\u00c8NCIA I ESCOLA"},"content":{"rendered":"<p>Aquesta setmana, coincidint amb la setmana de la ci\u00e8ncia, us presentem algunes propostes que desenvolupen els infants d&#8217;Educaci\u00f3 infantil i a l&#8217;ambient cient\u00edfic.<\/p>\n<p><img loading=\"lazy\" decoding=\"async\" class=\"alignnone size-large wp-image-14215\" src=\"https:\/\/agora.xtec.cat\/escolajoaquimsalarich\/wp-content\/uploads\/usu2205\/2023\/01\/CIENCIA-I-ESCOLA-1-1024x1024.jpg\" alt=\"\" width=\"1024\" height=\"1024\" srcset=\"https:\/\/agora.xtec.cat\/escolajoaquimsalarich\/wp-content\/uploads\/usu2205\/2023\/01\/CIENCIA-I-ESCOLA-1-1024x1024.jpg 1024w, https:\/\/agora.xtec.cat\/escolajoaquimsalarich\/wp-content\/uploads\/usu2205\/2023\/01\/CIENCIA-I-ESCOLA-1-300x300.jpg 300w, https:\/\/agora.xtec.cat\/escolajoaquimsalarich\/wp-content\/uploads\/usu2205\/2023\/01\/CIENCIA-I-ESCOLA-1-150x150.jpg 150w, https:\/\/agora.xtec.cat\/escolajoaquimsalarich\/wp-content\/uploads\/usu2205\/2023\/01\/CIENCIA-I-ESCOLA-1-768x768.jpg 768w, https:\/\/agora.xtec.cat\/escolajoaquimsalarich\/wp-content\/uploads\/usu2205\/2023\/01\/CIENCIA-I-ESCOLA-1-1536x1536.jpg 1536w, https:\/\/agora.xtec.cat\/escolajoaquimsalarich\/wp-content\/uploads\/usu2205\/2023\/01\/CIENCIA-I-ESCOLA-1.jpg 1920w\" sizes=\"auto, (max-width: 1024px) 100vw, 1024px\" \/> <img loading=\"lazy\" decoding=\"async\" class=\"alignnone size-large wp-image-14216\" src=\"https:\/\/agora.xtec.cat\/escolajoaquimsalarich\/wp-content\/uploads\/usu2205\/2023\/01\/CIENCIA-I-ESCOLA-2-1024x1024.jpg\" alt=\"\" width=\"1024\" height=\"1024\" srcset=\"https:\/\/agora.xtec.cat\/escolajoaquimsalarich\/wp-content\/uploads\/usu2205\/2023\/01\/CIENCIA-I-ESCOLA-2-1024x1024.jpg 1024w, https:\/\/agora.xtec.cat\/escolajoaquimsalarich\/wp-content\/uploads\/usu2205\/2023\/01\/CIENCIA-I-ESCOLA-2-300x300.jpg 300w, https:\/\/agora.xtec.cat\/escolajoaquimsalarich\/wp-content\/uploads\/usu2205\/2023\/01\/CIENCIA-I-ESCOLA-2-150x150.jpg 150w, https:\/\/agora.xtec.cat\/escolajoaquimsalarich\/wp-content\/uploads\/usu2205\/2023\/01\/CIENCIA-I-ESCOLA-2-768x768.jpg 768w, https:\/\/agora.xtec.cat\/escolajoaquimsalarich\/wp-content\/uploads\/usu2205\/2023\/01\/CIENCIA-I-ESCOLA-2-1536x1536.jpg 1536w, https:\/\/agora.xtec.cat\/escolajoaquimsalarich\/wp-content\/uploads\/usu2205\/2023\/01\/CIENCIA-I-ESCOLA-2.jpg 1920w\" sizes=\"auto, (max-width: 1024px) 100vw, 1024px\" \/> <img loading=\"lazy\" decoding=\"async\" class=\"alignnone size-large wp-image-14217\" src=\"https:\/\/agora.xtec.cat\/escolajoaquimsalarich\/wp-content\/uploads\/usu2205\/2023\/01\/CIENCIA-I-ESCOLA-3-1024x1024.jpg\" alt=\"\" width=\"1024\" height=\"1024\" srcset=\"https:\/\/agora.xtec.cat\/escolajoaquimsalarich\/wp-content\/uploads\/usu2205\/2023\/01\/CIENCIA-I-ESCOLA-3-1024x1024.jpg 1024w, https:\/\/agora.xtec.cat\/escolajoaquimsalarich\/wp-content\/uploads\/usu2205\/2023\/01\/CIENCIA-I-ESCOLA-3-300x300.jpg 300w, https:\/\/agora.xtec.cat\/escolajoaquimsalarich\/wp-content\/uploads\/usu2205\/2023\/01\/CIENCIA-I-ESCOLA-3-150x150.jpg 150w, https:\/\/agora.xtec.cat\/escolajoaquimsalarich\/wp-content\/uploads\/usu2205\/2023\/01\/CIENCIA-I-ESCOLA-3-768x768.jpg 768w, https:\/\/agora.xtec.cat\/escolajoaquimsalarich\/wp-content\/uploads\/usu2205\/2023\/01\/CIENCIA-I-ESCOLA-3-1536x1536.jpg 1536w, https:\/\/agora.xtec.cat\/escolajoaquimsalarich\/wp-content\/uploads\/usu2205\/2023\/01\/CIENCIA-I-ESCOLA-3.jpg 1920w\" sizes=\"auto, (max-width: 1024px) 100vw, 1024px\" \/> <img loading=\"lazy\" decoding=\"async\" class=\"alignnone size-large wp-image-14218\" src=\"https:\/\/agora.xtec.cat\/escolajoaquimsalarich\/wp-content\/uploads\/usu2205\/2023\/01\/CIENCIA-I-ESCOLA-4-1024x1024.jpg\" alt=\"\" width=\"1024\" height=\"1024\" srcset=\"https:\/\/agora.xtec.cat\/escolajoaquimsalarich\/wp-content\/uploads\/usu2205\/2023\/01\/CIENCIA-I-ESCOLA-4-1024x1024.jpg 1024w, https:\/\/agora.xtec.cat\/escolajoaquimsalarich\/wp-content\/uploads\/usu2205\/2023\/01\/CIENCIA-I-ESCOLA-4-300x300.jpg 300w, https:\/\/agora.xtec.cat\/escolajoaquimsalarich\/wp-content\/uploads\/usu2205\/2023\/01\/CIENCIA-I-ESCOLA-4-150x150.jpg 150w, https:\/\/agora.xtec.cat\/escolajoaquimsalarich\/wp-content\/uploads\/usu2205\/2023\/01\/CIENCIA-I-ESCOLA-4-768x768.jpg 768w, https:\/\/agora.xtec.cat\/escolajoaquimsalarich\/wp-content\/uploads\/usu2205\/2023\/01\/CIENCIA-I-ESCOLA-4-1536x1536.jpg 1536w, https:\/\/agora.xtec.cat\/escolajoaquimsalarich\/wp-content\/uploads\/usu2205\/2023\/01\/CIENCIA-I-ESCOLA-4.jpg 1920w\" sizes=\"auto, (max-width: 1024px) 100vw, 1024px\" \/> <img loading=\"lazy\" decoding=\"async\" class=\"alignnone size-large wp-image-14219\" src=\"https:\/\/agora.xtec.cat\/escolajoaquimsalarich\/wp-content\/uploads\/usu2205\/2023\/01\/CIENCIA-I-ESCOLA-5-1024x1024.jpg\" alt=\"\" width=\"1024\" height=\"1024\" srcset=\"https:\/\/agora.xtec.cat\/escolajoaquimsalarich\/wp-content\/uploads\/usu2205\/2023\/01\/CIENCIA-I-ESCOLA-5-1024x1024.jpg 1024w, https:\/\/agora.xtec.cat\/escolajoaquimsalarich\/wp-content\/uploads\/usu2205\/2023\/01\/CIENCIA-I-ESCOLA-5-300x300.jpg 300w, https:\/\/agora.xtec.cat\/escolajoaquimsalarich\/wp-content\/uploads\/usu2205\/2023\/01\/CIENCIA-I-ESCOLA-5-150x150.jpg 150w, https:\/\/agora.xtec.cat\/escolajoaquimsalarich\/wp-content\/uploads\/usu2205\/2023\/01\/CIENCIA-I-ESCOLA-5-768x768.jpg 768w, https:\/\/agora.xtec.cat\/escolajoaquimsalarich\/wp-content\/uploads\/usu2205\/2023\/01\/CIENCIA-I-ESCOLA-5-1536x1536.jpg 1536w, https:\/\/agora.xtec.cat\/escolajoaquimsalarich\/wp-content\/uploads\/usu2205\/2023\/01\/CIENCIA-I-ESCOLA-5.jpg 1920w\" sizes=\"auto, (max-width: 1024px) 100vw, 1024px\" \/> <img loading=\"lazy\" decoding=\"async\" class=\"alignnone size-large wp-image-14220\" src=\"https:\/\/agora.xtec.cat\/escolajoaquimsalarich\/wp-content\/uploads\/usu2205\/2023\/01\/CIENCIA-I-ESCOLA-6-1024x1024.jpg\" alt=\"\" width=\"1024\" height=\"1024\" srcset=\"https:\/\/agora.xtec.cat\/escolajoaquimsalarich\/wp-content\/uploads\/usu2205\/2023\/01\/CIENCIA-I-ESCOLA-6-1024x1024.jpg 1024w, https:\/\/agora.xtec.cat\/escolajoaquimsalarich\/wp-content\/uploads\/usu2205\/2023\/01\/CIENCIA-I-ESCOLA-6-300x300.jpg 300w, https:\/\/agora.xtec.cat\/escolajoaquimsalarich\/wp-content\/uploads\/usu2205\/2023\/01\/CIENCIA-I-ESCOLA-6-150x150.jpg 150w, https:\/\/agora.xtec.cat\/escolajoaquimsalarich\/wp-content\/uploads\/usu2205\/2023\/01\/CIENCIA-I-ESCOLA-6-768x768.jpg 768w, https:\/\/agora.xtec.cat\/escolajoaquimsalarich\/wp-content\/uploads\/usu2205\/2023\/01\/CIENCIA-I-ESCOLA-6-1536x1536.jpg 1536w, https:\/\/agora.xtec.cat\/escolajoaquimsalarich\/wp-content\/uploads\/usu2205\/2023\/01\/CIENCIA-I-ESCOLA-6.jpg 1920w\" sizes=\"auto, (max-width: 1024px) 100vw, 1024px\" \/> <img loading=\"lazy\" decoding=\"async\" class=\"alignnone size-large wp-image-14221\" src=\"https:\/\/agora.xtec.cat\/escolajoaquimsalarich\/wp-content\/uploads\/usu2205\/2023\/01\/CIENCIA-I-ESCOLA-7-1024x1024.jpg\" alt=\"\" width=\"1024\" height=\"1024\" srcset=\"https:\/\/agora.xtec.cat\/escolajoaquimsalarich\/wp-content\/uploads\/usu2205\/2023\/01\/CIENCIA-I-ESCOLA-7-1024x1024.jpg 1024w, https:\/\/agora.xtec.cat\/escolajoaquimsalarich\/wp-content\/uploads\/usu2205\/2023\/01\/CIENCIA-I-ESCOLA-7-300x300.jpg 300w, https:\/\/agora.xtec.cat\/escolajoaquimsalarich\/wp-content\/uploads\/usu2205\/2023\/01\/CIENCIA-I-ESCOLA-7-150x150.jpg 150w, https:\/\/agora.xtec.cat\/escolajoaquimsalarich\/wp-content\/uploads\/usu2205\/2023\/01\/CIENCIA-I-ESCOLA-7-768x768.jpg 768w, https:\/\/agora.xtec.cat\/escolajoaquimsalarich\/wp-content\/uploads\/usu2205\/2023\/01\/CIENCIA-I-ESCOLA-7-1536x1536.jpg 1536w, https:\/\/agora.xtec.cat\/escolajoaquimsalarich\/wp-content\/uploads\/usu2205\/2023\/01\/CIENCIA-I-ESCOLA-7.jpg 1920w\" sizes=\"auto, (max-width: 1024px) 100vw, 1024px\" \/> <img loading=\"lazy\" decoding=\"async\" class=\"alignnone size-large wp-image-14222\" src=\"https:\/\/agora.xtec.cat\/escolajoaquimsalarich\/wp-content\/uploads\/usu2205\/2023\/01\/CIENCIA-I-ESCOLA-8-1024x1024.jpg\" alt=\"\" width=\"1024\" height=\"1024\" srcset=\"https:\/\/agora.xtec.cat\/escolajoaquimsalarich\/wp-content\/uploads\/usu2205\/2023\/01\/CIENCIA-I-ESCOLA-8-1024x1024.jpg 1024w, https:\/\/agora.xtec.cat\/escolajoaquimsalarich\/wp-content\/uploads\/usu2205\/2023\/01\/CIENCIA-I-ESCOLA-8-300x300.jpg 300w, https:\/\/agora.xtec.cat\/escolajoaquimsalarich\/wp-content\/uploads\/usu2205\/2023\/01\/CIENCIA-I-ESCOLA-8-150x150.jpg 150w, https:\/\/agora.xtec.cat\/escolajoaquimsalarich\/wp-content\/uploads\/usu2205\/2023\/01\/CIENCIA-I-ESCOLA-8-768x768.jpg 768w, https:\/\/agora.xtec.cat\/escolajoaquimsalarich\/wp-content\/uploads\/usu2205\/2023\/01\/CIENCIA-I-ESCOLA-8-1536x1536.jpg 1536w, https:\/\/agora.xtec.cat\/escolajoaquimsalarich\/wp-content\/uploads\/usu2205\/2023\/01\/CIENCIA-I-ESCOLA-8.jpg 1920w\" sizes=\"auto, (max-width: 1024px) 100vw, 1024px\" \/> <img loading=\"lazy\" decoding=\"async\" class=\"alignnone size-large wp-image-14223\" src=\"https:\/\/agora.xtec.cat\/escolajoaquimsalarich\/wp-content\/uploads\/usu2205\/2023\/01\/CIENCIA-I-ESCOLA-9-1024x1024.jpg\" alt=\"\" width=\"1024\" height=\"1024\" srcset=\"https:\/\/agora.xtec.cat\/escolajoaquimsalarich\/wp-content\/uploads\/usu2205\/2023\/01\/CIENCIA-I-ESCOLA-9-1024x1024.jpg 1024w, https:\/\/agora.xtec.cat\/escolajoaquimsalarich\/wp-content\/uploads\/usu2205\/2023\/01\/CIENCIA-I-ESCOLA-9-300x300.jpg 300w, https:\/\/agora.xtec.cat\/escolajoaquimsalarich\/wp-content\/uploads\/usu2205\/2023\/01\/CIENCIA-I-ESCOLA-9-150x150.jpg 150w, https:\/\/agora.xtec.cat\/escolajoaquimsalarich\/wp-content\/uploads\/usu2205\/2023\/01\/CIENCIA-I-ESCOLA-9-768x768.jpg 768w, https:\/\/agora.xtec.cat\/escolajoaquimsalarich\/wp-content\/uploads\/usu2205\/2023\/01\/CIENCIA-I-ESCOLA-9-1536x1536.jpg 1536w, https:\/\/agora.xtec.cat\/escolajoaquimsalarich\/wp-content\/uploads\/usu2205\/2023\/01\/CIENCIA-I-ESCOLA-9.jpg 1920w\" sizes=\"auto, (max-width: 1024px) 100vw, 1024px\" \/> <img loading=\"lazy\" decoding=\"async\" class=\"alignnone size-large wp-image-14224\" src=\"https:\/\/agora.xtec.cat\/escolajoaquimsalarich\/wp-content\/uploads\/usu2205\/2023\/01\/CIENCIA-I-ESCOLA-10-1024x1024.jpg\" alt=\"\" width=\"1024\" height=\"1024\" srcset=\"https:\/\/agora.xtec.cat\/escolajoaquimsalarich\/wp-content\/uploads\/usu2205\/2023\/01\/CIENCIA-I-ESCOLA-10-1024x1024.jpg 1024w, https:\/\/agora.xtec.cat\/escolajoaquimsalarich\/wp-content\/uploads\/usu2205\/2023\/01\/CIENCIA-I-ESCOLA-10-300x300.jpg 300w, https:\/\/agora.xtec.cat\/escolajoaquimsalarich\/wp-content\/uploads\/usu2205\/2023\/01\/CIENCIA-I-ESCOLA-10-150x150.jpg 150w, https:\/\/agora.xtec.cat\/escolajoaquimsalarich\/wp-content\/uploads\/usu2205\/2023\/01\/CIENCIA-I-ESCOLA-10-768x768.jpg 768w, https:\/\/agora.xtec.cat\/escolajoaquimsalarich\/wp-content\/uploads\/usu2205\/2023\/01\/CIENCIA-I-ESCOLA-10-1536x1536.jpg 1536w, https:\/\/agora.xtec.cat\/escolajoaquimsalarich\/wp-content\/uploads\/usu2205\/2023\/01\/CIENCIA-I-ESCOLA-10.jpg 1920w\" sizes=\"auto, (max-width: 1024px) 100vw, 1024px\" \/> <img loading=\"lazy\" decoding=\"async\" class=\"alignnone size-large wp-image-14225\" src=\"https:\/\/agora.xtec.cat\/escolajoaquimsalarich\/wp-content\/uploads\/usu2205\/2023\/01\/CIENCIA-I-ESCOLA-11-1024x1024.jpg\" alt=\"\" width=\"1024\" height=\"1024\" srcset=\"https:\/\/agora.xtec.cat\/escolajoaquimsalarich\/wp-content\/uploads\/usu2205\/2023\/01\/CIENCIA-I-ESCOLA-11-1024x1024.jpg 1024w, https:\/\/agora.xtec.cat\/escolajoaquimsalarich\/wp-content\/uploads\/usu2205\/2023\/01\/CIENCIA-I-ESCOLA-11-300x300.jpg 300w, https:\/\/agora.xtec.cat\/escolajoaquimsalarich\/wp-content\/uploads\/usu2205\/2023\/01\/CIENCIA-I-ESCOLA-11-150x150.jpg 150w, https:\/\/agora.xtec.cat\/escolajoaquimsalarich\/wp-content\/uploads\/usu2205\/2023\/01\/CIENCIA-I-ESCOLA-11-768x768.jpg 768w, https:\/\/agora.xtec.cat\/escolajoaquimsalarich\/wp-content\/uploads\/usu2205\/2023\/01\/CIENCIA-I-ESCOLA-11-1536x1536.jpg 1536w, https:\/\/agora.xtec.cat\/escolajoaquimsalarich\/wp-content\/uploads\/usu2205\/2023\/01\/CIENCIA-I-ESCOLA-11.jpg 1920w\" sizes=\"auto, (max-width: 1024px) 100vw, 1024px\" \/> <img loading=\"lazy\" decoding=\"async\" class=\"alignnone size-large wp-image-14226\" src=\"https:\/\/agora.xtec.cat\/escolajoaquimsalarich\/wp-content\/uploads\/usu2205\/2023\/01\/CIENCIA-I-ESCOLA-12-1024x1024.jpg\" alt=\"\" width=\"1024\" height=\"1024\" srcset=\"https:\/\/agora.xtec.cat\/escolajoaquimsalarich\/wp-content\/uploads\/usu2205\/2023\/01\/CIENCIA-I-ESCOLA-12-1024x1024.jpg 1024w, https:\/\/agora.xtec.cat\/escolajoaquimsalarich\/wp-content\/uploads\/usu2205\/2023\/01\/CIENCIA-I-ESCOLA-12-300x300.jpg 300w, https:\/\/agora.xtec.cat\/escolajoaquimsalarich\/wp-content\/uploads\/usu2205\/2023\/01\/CIENCIA-I-ESCOLA-12-150x150.jpg 150w, https:\/\/agora.xtec.cat\/escolajoaquimsalarich\/wp-content\/uploads\/usu2205\/2023\/01\/CIENCIA-I-ESCOLA-12-768x768.jpg 768w, https:\/\/agora.xtec.cat\/escolajoaquimsalarich\/wp-content\/uploads\/usu2205\/2023\/01\/CIENCIA-I-ESCOLA-12-1536x1536.jpg 1536w, https:\/\/agora.xtec.cat\/escolajoaquimsalarich\/wp-content\/uploads\/usu2205\/2023\/01\/CIENCIA-I-ESCOLA-12.jpg 1920w\" sizes=\"auto, (max-width: 1024px) 100vw, 1024px\" \/> <img loading=\"lazy\" decoding=\"async\" class=\"alignnone size-large wp-image-14227\" src=\"https:\/\/agora.xtec.cat\/escolajoaquimsalarich\/wp-content\/uploads\/usu2205\/2023\/01\/CIENCIA-I-ESCOLA-13-1024x1024.jpg\" alt=\"\" width=\"1024\" height=\"1024\" srcset=\"https:\/\/agora.xtec.cat\/escolajoaquimsalarich\/wp-content\/uploads\/usu2205\/2023\/01\/CIENCIA-I-ESCOLA-13-1024x1024.jpg 1024w, https:\/\/agora.xtec.cat\/escolajoaquimsalarich\/wp-content\/uploads\/usu2205\/2023\/01\/CIENCIA-I-ESCOLA-13-300x300.jpg 300w, https:\/\/agora.xtec.cat\/escolajoaquimsalarich\/wp-content\/uploads\/usu2205\/2023\/01\/CIENCIA-I-ESCOLA-13-150x150.jpg 150w, https:\/\/agora.xtec.cat\/escolajoaquimsalarich\/wp-content\/uploads\/usu2205\/2023\/01\/CIENCIA-I-ESCOLA-13-768x768.jpg 768w, https:\/\/agora.xtec.cat\/escolajoaquimsalarich\/wp-content\/uploads\/usu2205\/2023\/01\/CIENCIA-I-ESCOLA-13-1536x1536.jpg 1536w, https:\/\/agora.xtec.cat\/escolajoaquimsalarich\/wp-content\/uploads\/usu2205\/2023\/01\/CIENCIA-I-ESCOLA-13.jpg 1920w\" sizes=\"auto, (max-width: 1024px) 100vw, 1024px\" \/><\/p>\n","protected":false},"excerpt":{"rendered":"<p>Aquesta setmana, coincidint amb la setmana de la ci\u00e8ncia, us presentem algunes propostes que desenvolupen els infants d&#8217;Educaci\u00f3 infantil i a l&#8217;ambient cient\u00edfic.<\/p>\n","protected":false},"author":1,"featured_media":14223,"comment_status":"open","ping_status":"closed","sticky":false,"template":"","format":"standard","meta":{"_bbp_topic_count":0,"_bbp_reply_count":0,"_bbp_total_topic_count":0,"_bbp_total_reply_count":0,"_bbp_voice_count":0,"_bbp_anonymous_reply_count":0,"_bbp_topic_count_hidden":0,"_bbp_reply_count_hidden":0,"_bbp_forum_subforum_count":0,"site-sidebar-layout":"default","site-content-layout":"","ast-site-content-layout":"","site-content-style":"default","site-sidebar-style":"default","ast-global-header-display":"","ast-banner-title-visibility":"","ast-main-header-display":"","ast-hfb-above-header-display":"","ast-hfb-below-header-display":"","ast-hfb-mobile-header-display":"","site-post-title":"","ast-breadcrumbs-content":"","ast-featured-img":"","footer-sml-layout":"","theme-transparent-header-meta":"","adv-header-id-meta":"","stick-header-meta":"","header-above-stick-meta":"","header-main-stick-meta":"","header-below-stick-meta":"","astra-migrate-meta-layouts":"default","ast-page-background-enabled":"default","ast-page-background-meta":{"desktop":{"background-color":"var(--ast-global-color-4)","background-image":"","background-repeat":"repeat","background-position":"center center","background-size":"auto","background-attachment":"scroll","background-type":"","background-media":"","overlay-type":"","overlay-color":"","overlay-opacity":"","overlay-gradient":""},"tablet":{"background-color":"","background-image":"","background-repeat":"repeat","background-position":"center center","background-size":"auto","background-attachment":"scroll","background-type":"","background-media":"","overlay-type":"","overlay-color":"","overlay-opacity":"","overlay-gradient":""},"mobile":{"background-color":"","background-image":"","background-repeat":"repeat","background-position":"center center","background-size":"auto","background-attachment":"scroll","background-type":"","background-media":"","overlay-type":"","overlay-color":"","overlay-opacity":"","overlay-gradient":""}},"ast-content-background-meta":{"desktop":{"background-color":"var(--ast-global-color-5)","background-image":"","background-repeat":"repeat","background-position":"center center","background-size":"auto","background-attachment":"scroll","background-type":"","background-media":"","overlay-type":"","overlay-color":"","overlay-opacity":"","overlay-gradient":""},"tablet":{"background-color":"var(--ast-global-color-5)","background-image":"","background-repeat":"repeat","background-position":"center center","background-size":"auto","background-attachment":"scroll","background-type":"","background-media":"","overlay-type":"","overlay-color":"","overlay-opacity":"","overlay-gradient":""},"mobile":{"background-color":"var(--ast-global-color-5)","background-image":"","background-repeat":"repeat","background-position":"center center","background-size":"auto","background-attachment":"scroll","background-type":"","background-media":"","overlay-type":"","overlay-color":"","overlay-opacity":"","overlay-gradient":""}},"footnotes":""},"categories":[65,72],"tags":[],"class_list":["post-14214","post","type-post","status-publish","format-standard","has-post-thumbnail","hentry","category-educacio-infantil","category-noticies"],"post_mailing_queue_ids":[],"_links":{"self":[{"href":"https:\/\/agora.xtec.cat\/escolajoaquimsalarich\/wp-json\/wp\/v2\/posts\/14214","targetHints":{"allow":["GET"]}}],"collection":[{"href":"https:\/\/agora.xtec.cat\/escolajoaquimsalarich\/wp-json\/wp\/v2\/posts"}],"about":[{"href":"https:\/\/agora.xtec.cat\/escolajoaquimsalarich\/wp-json\/wp\/v2\/types\/post"}],"author":[{"embeddable":true,"href":"https:\/\/agora.xtec.cat\/escolajoaquimsalarich\/wp-json\/wp\/v2\/users\/1"}],"replies":[{"embeddable":true,"href":"https:\/\/agora.xtec.cat\/escolajoaquimsalarich\/wp-json\/wp\/v2\/comments?post=14214"}],"version-history":[{"count":2,"href":"https:\/\/agora.xtec.cat\/escolajoaquimsalarich\/wp-json\/wp\/v2\/posts\/14214\/revisions"}],"predecessor-version":[{"id":14229,"href":"https:\/\/agora.xtec.cat\/escolajoaquimsalarich\/wp-json\/wp\/v2\/posts\/14214\/revisions\/14229"}],"wp:featuredmedia":[{"embeddable":true,"href":"https:\/\/agora.xtec.cat\/escolajoaquimsalarich\/wp-json\/wp\/v2\/media\/14223"}],"wp:attachment":[{"href":"https:\/\/agora.xtec.cat\/escolajoaquimsalarich\/wp-json\/wp\/v2\/media?parent=14214"}],"wp:term":[{"taxonomy":"category","embeddable":true,"href":"https:\/\/agora.xtec.cat\/escolajoaquimsalarich\/wp-json\/wp\/v2\/categories?post=14214"},{"taxonomy":"post_tag","embeddable":true,"href":"https:\/\/agora.xtec.cat\/escolajoaquimsalarich\/wp-json\/wp\/v2\/tags?post=14214"}],"curies":[{"name":"wp","href":"https:\/\/api.w.org\/{rel}","templated":true}]}}