{"id":13982,"date":"2022-05-17T19:30:43","date_gmt":"2022-05-17T17:30:43","guid":{"rendered":"https:\/\/agora.xtec.cat\/escolajoaquimsalarich\/?p=13982"},"modified":"2022-05-18T18:39:16","modified_gmt":"2022-05-18T16:39:16","slug":"projecte-art-i-escola-la-cura-2","status":"publish","type":"post","link":"https:\/\/agora.xtec.cat\/escolajoaquimsalarich\/noticies\/projecte-art-i-escola-la-cura-2\/","title":{"rendered":"Projecte Art i Escola &#8220;La Cura&#8221;"},"content":{"rendered":"<p dir=\"ltr\" style=\"text-align: center;\"><b>animal\u00c0RTic<\/b><\/p>\n<p dir=\"ltr\"><span style=\"font-family: Century Gothic;\"><span style=\"color: #000000;\">animal\u00c0RTic<\/span><span style=\"color: #000000;\"> \u00e9s el projecte art\u00edstic com\u00fa entre els alumnes de 5\u00e8 A i 1r C de l\u2019escola.<\/span><\/span><\/p>\n<p dir=\"ltr\"><span style=\"color: #000000;\"><span style=\"font-family: Century Gothic;\">Amb aquesta instal\u00b7laci\u00f3 els alumnes han volgut plantejar el concepte de la cura des de la perspectiva mediambiental i els ha perm\u00e8s fer visible la gravetat del canvi clim\u00e0tic que est\u00e0 afectant el nostre planeta.<\/span><\/span><\/p>\n<p dir=\"ltr\"><span style=\"color: #000000;\"><span style=\"font-family: Century Gothic;\">Han utilitzat l\u2019art contemporani com a eina d\u2019aprenentatge, amb l\u2019objectiu de reivindicar la fragilitat del nostre entorn i dels \u00e9ssers vius que l\u2019habiten. Amb la intenci\u00f3 d\u2019emfasitzar la capacitat de l\u2019acci\u00f3 humana per destruir la natura.<\/span><\/span><\/p>\n<p dir=\"ltr\"><span style=\"color: #000000;\"><span style=\"font-family: Century Gothic;\">La creaci\u00f3 d\u2019una instal\u00b7laci\u00f3 art\u00edstica ef\u00edmera ha estat la manera d\u2019expressar i advertir la problem\u00e0tica del canvi clim\u00e0tic i l\u2019efecte que aquest est\u00e0 tenint en l\u2019extinci\u00f3 d\u2019algunes esp\u00e8cies animals i en el desgel dels pols.<\/span><\/span><\/p>\n<p><span id=\"m_-3312357262717564711gmail-docs-internal-guid-39c22896-7fff-6c69-dbd9-49eab172f7d8\"><span style=\"font-family: Century Gothic;\">El projecte posa de manifest la intenci\u00f3 dels alumnes d\u2019informar, mostrar i sensibilitzar a tothom dels efectes de la crisi clim\u00e0tica a partir de l\u2019art activista. Amb la instal\u00b7laci\u00f3 els espectadors van poder observar, reflexionar i interpretar el missatge d\u2019animal\u00c0RTic.<\/span><\/span><\/p>\n<p><span style=\"font-family: Century Gothic;\">Aquest projecte forma part de l&#8217;exposici\u00f3 <b>ART I ESCOLA 11 &#8220;La Cura&#8221;<\/b> i que es pot visitar al centre d&#8217;art contemporani <b>ACVIC<\/b>.<\/span><\/p>\n<p style=\"text-align: center;\"><b><span style=\"font-family: arial, sans-serif;\">\u00a0<\/span><\/b><a href=\"https:\/\/photos.app.goo.gl\/dY5w551fiWivMJm36\" target=\"_blank\" rel=\"noopener\" data-saferedirecturl=\"https:\/\/www.google.com\/url?q=https:\/\/photos.app.goo.gl\/dY5w551fiWivMJm36&amp;source=gmail&amp;ust=1652892716491000&amp;usg=AOvVaw2MaYjLUnuf2O1X6AmrkGa6\">V\u00eddeo de la instal.laci\u00f3<\/a><\/p>\n<p>&nbsp;<\/p>\n<p>&nbsp;<\/p>\n","protected":false},"excerpt":{"rendered":"<p>animal\u00c0RTic animal\u00c0RTic \u00e9s el projecte art\u00edstic com\u00fa entre els alumnes de 5\u00e8 A i 1r C de l\u2019escola. Amb aquesta instal\u00b7laci\u00f3 els alumnes han volgut plantejar el concepte de la cura des de la perspectiva mediambiental i els ha perm\u00e8s fer visible la gravetat del canvi clim\u00e0tic que est\u00e0 afectant el nostre planeta. Han utilitzat [&hellip;]<\/p>\n","protected":false},"author":1,"featured_media":13983,"comment_status":"open","ping_status":"closed","sticky":false,"template":"","format":"standard","meta":{"_bbp_topic_count":0,"_bbp_reply_count":0,"_bbp_total_topic_count":0,"_bbp_total_reply_count":0,"_bbp_voice_count":0,"_bbp_anonymous_reply_count":0,"_bbp_topic_count_hidden":0,"_bbp_reply_count_hidden":0,"_bbp_forum_subforum_count":0,"site-sidebar-layout":"default","site-content-layout":"","ast-site-content-layout":"","site-content-style":"default","site-sidebar-style":"default","ast-global-header-display":"","ast-banner-title-visibility":"","ast-main-header-display":"","ast-hfb-above-header-display":"","ast-hfb-below-header-display":"","ast-hfb-mobile-header-display":"","site-post-title":"","ast-breadcrumbs-content":"","ast-featured-img":"","footer-sml-layout":"","theme-transparent-header-meta":"","adv-header-id-meta":"","stick-header-meta":"","header-above-stick-meta":"","header-main-stick-meta":"","header-below-stick-meta":"","astra-migrate-meta-layouts":"default","ast-page-background-enabled":"default","ast-page-background-meta":{"desktop":{"background-color":"var(--ast-global-color-4)","background-image":"","background-repeat":"repeat","background-position":"center center","background-size":"auto","background-attachment":"scroll","background-type":"","background-media":"","overlay-type":"","overlay-color":"","overlay-opacity":"","overlay-gradient":""},"tablet":{"background-color":"","background-image":"","background-repeat":"repeat","background-position":"center center","background-size":"auto","background-attachment":"scroll","background-type":"","background-media":"","overlay-type":"","overlay-color":"","overlay-opacity":"","overlay-gradient":""},"mobile":{"background-color":"","background-image":"","background-repeat":"repeat","background-position":"center center","background-size":"auto","background-attachment":"scroll","background-type":"","background-media":"","overlay-type":"","overlay-color":"","overlay-opacity":"","overlay-gradient":""}},"ast-content-background-meta":{"desktop":{"background-color":"var(--ast-global-color-5)","background-image":"","background-repeat":"repeat","background-position":"center center","background-size":"auto","background-attachment":"scroll","background-type":"","background-media":"","overlay-type":"","overlay-color":"","overlay-opacity":"","overlay-gradient":""},"tablet":{"background-color":"var(--ast-global-color-5)","background-image":"","background-repeat":"repeat","background-position":"center center","background-size":"auto","background-attachment":"scroll","background-type":"","background-media":"","overlay-type":"","overlay-color":"","overlay-opacity":"","overlay-gradient":""},"mobile":{"background-color":"var(--ast-global-color-5)","background-image":"","background-repeat":"repeat","background-position":"center center","background-size":"auto","background-attachment":"scroll","background-type":"","background-media":"","overlay-type":"","overlay-color":"","overlay-opacity":"","overlay-gradient":""}},"footnotes":""},"categories":[72],"tags":[],"class_list":["post-13982","post","type-post","status-publish","format-standard","has-post-thumbnail","hentry","category-noticies"],"post_mailing_queue_ids":[],"_links":{"self":[{"href":"https:\/\/agora.xtec.cat\/escolajoaquimsalarich\/wp-json\/wp\/v2\/posts\/13982","targetHints":{"allow":["GET"]}}],"collection":[{"href":"https:\/\/agora.xtec.cat\/escolajoaquimsalarich\/wp-json\/wp\/v2\/posts"}],"about":[{"href":"https:\/\/agora.xtec.cat\/escolajoaquimsalarich\/wp-json\/wp\/v2\/types\/post"}],"author":[{"embeddable":true,"href":"https:\/\/agora.xtec.cat\/escolajoaquimsalarich\/wp-json\/wp\/v2\/users\/1"}],"replies":[{"embeddable":true,"href":"https:\/\/agora.xtec.cat\/escolajoaquimsalarich\/wp-json\/wp\/v2\/comments?post=13982"}],"version-history":[{"count":3,"href":"https:\/\/agora.xtec.cat\/escolajoaquimsalarich\/wp-json\/wp\/v2\/posts\/13982\/revisions"}],"predecessor-version":[{"id":13987,"href":"https:\/\/agora.xtec.cat\/escolajoaquimsalarich\/wp-json\/wp\/v2\/posts\/13982\/revisions\/13987"}],"wp:featuredmedia":[{"embeddable":true,"href":"https:\/\/agora.xtec.cat\/escolajoaquimsalarich\/wp-json\/wp\/v2\/media\/13983"}],"wp:attachment":[{"href":"https:\/\/agora.xtec.cat\/escolajoaquimsalarich\/wp-json\/wp\/v2\/media?parent=13982"}],"wp:term":[{"taxonomy":"category","embeddable":true,"href":"https:\/\/agora.xtec.cat\/escolajoaquimsalarich\/wp-json\/wp\/v2\/categories?post=13982"},{"taxonomy":"post_tag","embeddable":true,"href":"https:\/\/agora.xtec.cat\/escolajoaquimsalarich\/wp-json\/wp\/v2\/tags?post=13982"}],"curies":[{"name":"wp","href":"https:\/\/api.w.org\/{rel}","templated":true}]}}