{"id":10792,"date":"2021-06-08T12:45:16","date_gmt":"2021-06-08T10:45:16","guid":{"rendered":"https:\/\/escolasalarich.net\/?p=10792"},"modified":"2021-08-17T22:44:24","modified_gmt":"2021-08-17T20:44:24","slug":"mons-imaginarisp5-a-la-uvic-2021","status":"publish","type":"post","link":"https:\/\/agora.xtec.cat\/escolajoaquimsalarich\/educacio-infantil\/mons-imaginarisp5-a-la-uvic-2021\/","title":{"rendered":"&#8220;Mons Imaginaris&#8221;P5 a la UVIC (2021)"},"content":{"rendered":"\r\n<p>Els infants de P5 aquest tercer trimestre hem realitzat un projecte a la UVIC amb els estudiants de primer de Magisteri. Hem posat en pr\u00e0ctica un projecte basat en l&#8217;ensenyament competencial, anomenat\u00a0 &#8220;Mons imaginaris&#8221;, on nosaltres hem sigut els protagonistes.<\/p>\r\n<p>Podeu escoltar uns \u00e0udios on parlem de qu\u00e8 ha suposat per nosaltres aquest projecte i els aspectes que ens han agradat m\u00e9s.\u00a0<\/p>\r\n<p>P5A, P5B i P5C<\/p>\r\n<!--[if lt IE 9]><script>document.createElement('audio');<\/script><![endif]-->\n<audio class=\"wp-audio-shortcode\" id=\"audio-10792-1\" preload=\"none\" style=\"width: 100%;\" controls=\"controls\"><source type=\"audio\/mpeg\" src=\"https:\/\/agora.xtec.cat\/escolajoaquimsalarich\/wp-content\/uploads\/usu2205\/2021\/06\/P5A_mons_imaginaris-1-2.mp3?_=1\" \/><a href=\"https:\/\/agora.xtec.cat\/escolajoaquimsalarich\/wp-content\/uploads\/usu2205\/2021\/06\/P5A_mons_imaginaris-1-2.mp3\">https:\/\/agora.xtec.cat\/escolajoaquimsalarich\/wp-content\/uploads\/usu2205\/2021\/06\/P5A_mons_imaginaris-1-2.mp3<\/a><\/audio>\r\n<audio class=\"wp-audio-shortcode\" id=\"audio-10792-2\" preload=\"none\" style=\"width: 100%;\" controls=\"controls\"><source type=\"audio\/mpeg\" src=\"https:\/\/agora.xtec.cat\/escolajoaquimsalarich\/wp-content\/uploads\/usu2205\/2021\/06\/P5B_mons_imaginaris-1-3.mp3?_=2\" \/><a href=\"https:\/\/agora.xtec.cat\/escolajoaquimsalarich\/wp-content\/uploads\/usu2205\/2021\/06\/P5B_mons_imaginaris-1-3.mp3\">https:\/\/agora.xtec.cat\/escolajoaquimsalarich\/wp-content\/uploads\/usu2205\/2021\/06\/P5B_mons_imaginaris-1-3.mp3<\/a><\/audio>\r\n<audio class=\"wp-audio-shortcode\" id=\"audio-10792-3\" preload=\"none\" style=\"width: 100%;\" controls=\"controls\"><source type=\"audio\/mpeg\" src=\"https:\/\/agora.xtec.cat\/escolajoaquimsalarich\/wp-content\/uploads\/usu2205\/2021\/06\/P5C_mons_imaginaris-1-1.mp3?_=3\" \/><a href=\"https:\/\/agora.xtec.cat\/escolajoaquimsalarich\/wp-content\/uploads\/usu2205\/2021\/06\/P5C_mons_imaginaris-1-1.mp3\">https:\/\/agora.xtec.cat\/escolajoaquimsalarich\/wp-content\/uploads\/usu2205\/2021\/06\/P5C_mons_imaginaris-1-1.mp3<\/a><\/audio>\r\n<p><a href=\"https:\/\/agora.xtec.cat\/escolajoaquimsalarich\/wp-content\/uploads\/usu2205\/2021\/06\/p5-escola_i_universitat_4-1.jpg\"><img loading=\"lazy\" decoding=\"async\" class=\"alignnone size-full wp-image-13313\" src=\"https:\/\/agora.xtec.cat\/escolajoaquimsalarich\/wp-content\/uploads\/usu2205\/2021\/06\/p5-escola_i_universitat_4-1.jpg\" alt=\"\" width=\"960\" height=\"650\" srcset=\"https:\/\/agora.xtec.cat\/escolajoaquimsalarich\/wp-content\/uploads\/usu2205\/2021\/06\/p5-escola_i_universitat_4-1.jpg 960w, https:\/\/agora.xtec.cat\/escolajoaquimsalarich\/wp-content\/uploads\/usu2205\/2021\/06\/p5-escola_i_universitat_4-1-300x203.jpg 300w, https:\/\/agora.xtec.cat\/escolajoaquimsalarich\/wp-content\/uploads\/usu2205\/2021\/06\/p5-escola_i_universitat_4-1-768x520.jpg 768w\" sizes=\"auto, (max-width: 960px) 100vw, 960px\" \/><\/a><\/p>\r\n","protected":false},"excerpt":{"rendered":"<p>Els infants de P5 aquest tercer trimestre hem realitzat un projecte a la UVIC amb els estudiants de primer de Magisteri. Hem posat en pr\u00e0ctica un projecte basat en l&#8217;ensenyament competencial, anomenat\u00a0 &#8220;Mons imaginaris&#8221;, on nosaltres hem sigut els protagonistes. Podeu escoltar uns \u00e0udios on parlem de qu\u00e8 ha suposat per nosaltres aquest projecte i [&hellip;]<\/p>\n","protected":false},"author":1,"featured_media":10981,"comment_status":"open","ping_status":"closed","sticky":false,"template":"","format":"standard","meta":{"_bbp_topic_count":0,"_bbp_reply_count":0,"_bbp_total_topic_count":0,"_bbp_total_reply_count":0,"_bbp_voice_count":0,"_bbp_anonymous_reply_count":0,"_bbp_topic_count_hidden":0,"_bbp_reply_count_hidden":0,"_bbp_forum_subforum_count":0,"site-sidebar-layout":"default","site-content-layout":"","ast-site-content-layout":"","site-content-style":"default","site-sidebar-style":"default","ast-global-header-display":"","ast-banner-title-visibility":"","ast-main-header-display":"","ast-hfb-above-header-display":"","ast-hfb-below-header-display":"","ast-hfb-mobile-header-display":"","site-post-title":"","ast-breadcrumbs-content":"","ast-featured-img":"","footer-sml-layout":"","theme-transparent-header-meta":"","adv-header-id-meta":"","stick-header-meta":"","header-above-stick-meta":"","header-main-stick-meta":"","header-below-stick-meta":"","astra-migrate-meta-layouts":"default","ast-page-background-enabled":"default","ast-page-background-meta":{"desktop":{"background-color":"var(--ast-global-color-4)","background-image":"","background-repeat":"repeat","background-position":"center center","background-size":"auto","background-attachment":"scroll","background-type":"","background-media":"","overlay-type":"","overlay-color":"","overlay-opacity":"","overlay-gradient":""},"tablet":{"background-color":"","background-image":"","background-repeat":"repeat","background-position":"center center","background-size":"auto","background-attachment":"scroll","background-type":"","background-media":"","overlay-type":"","overlay-color":"","overlay-opacity":"","overlay-gradient":""},"mobile":{"background-color":"","background-image":"","background-repeat":"repeat","background-position":"center center","background-size":"auto","background-attachment":"scroll","background-type":"","background-media":"","overlay-type":"","overlay-color":"","overlay-opacity":"","overlay-gradient":""}},"ast-content-background-meta":{"desktop":{"background-color":"var(--ast-global-color-5)","background-image":"","background-repeat":"repeat","background-position":"center center","background-size":"auto","background-attachment":"scroll","background-type":"","background-media":"","overlay-type":"","overlay-color":"","overlay-opacity":"","overlay-gradient":""},"tablet":{"background-color":"var(--ast-global-color-5)","background-image":"","background-repeat":"repeat","background-position":"center center","background-size":"auto","background-attachment":"scroll","background-type":"","background-media":"","overlay-type":"","overlay-color":"","overlay-opacity":"","overlay-gradient":""},"mobile":{"background-color":"var(--ast-global-color-5)","background-image":"","background-repeat":"repeat","background-position":"center center","background-size":"auto","background-attachment":"scroll","background-type":"","background-media":"","overlay-type":"","overlay-color":"","overlay-opacity":"","overlay-gradient":""}},"footnotes":""},"categories":[65,72],"tags":[],"class_list":["post-10792","post","type-post","status-publish","format-standard","has-post-thumbnail","hentry","category-educacio-infantil","category-noticies"],"post_mailing_queue_ids":[],"_links":{"self":[{"href":"https:\/\/agora.xtec.cat\/escolajoaquimsalarich\/wp-json\/wp\/v2\/posts\/10792","targetHints":{"allow":["GET"]}}],"collection":[{"href":"https:\/\/agora.xtec.cat\/escolajoaquimsalarich\/wp-json\/wp\/v2\/posts"}],"about":[{"href":"https:\/\/agora.xtec.cat\/escolajoaquimsalarich\/wp-json\/wp\/v2\/types\/post"}],"author":[{"embeddable":true,"href":"https:\/\/agora.xtec.cat\/escolajoaquimsalarich\/wp-json\/wp\/v2\/users\/1"}],"replies":[{"embeddable":true,"href":"https:\/\/agora.xtec.cat\/escolajoaquimsalarich\/wp-json\/wp\/v2\/comments?post=10792"}],"version-history":[{"count":2,"href":"https:\/\/agora.xtec.cat\/escolajoaquimsalarich\/wp-json\/wp\/v2\/posts\/10792\/revisions"}],"predecessor-version":[{"id":13314,"href":"https:\/\/agora.xtec.cat\/escolajoaquimsalarich\/wp-json\/wp\/v2\/posts\/10792\/revisions\/13314"}],"wp:featuredmedia":[{"embeddable":true,"href":"https:\/\/agora.xtec.cat\/escolajoaquimsalarich\/wp-json\/wp\/v2\/media\/10981"}],"wp:attachment":[{"href":"https:\/\/agora.xtec.cat\/escolajoaquimsalarich\/wp-json\/wp\/v2\/media?parent=10792"}],"wp:term":[{"taxonomy":"category","embeddable":true,"href":"https:\/\/agora.xtec.cat\/escolajoaquimsalarich\/wp-json\/wp\/v2\/categories?post=10792"},{"taxonomy":"post_tag","embeddable":true,"href":"https:\/\/agora.xtec.cat\/escolajoaquimsalarich\/wp-json\/wp\/v2\/tags?post=10792"}],"curies":[{"name":"wp","href":"https:\/\/api.w.org\/{rel}","templated":true}]}}