{"id":10454,"date":"2020-12-18T19:07:00","date_gmt":"2020-12-18T18:07:00","guid":{"rendered":"http:\/\/escolasalarich.net\/?p=10454"},"modified":"2021-06-22T18:10:09","modified_gmt":"2021-06-22T16:10:09","slug":"xerrada-xarxes-segures","status":"publish","type":"post","link":"https:\/\/agora.xtec.cat\/escolajoaquimsalarich\/noticies\/xerrada-xarxes-segures\/","title":{"rendered":"Taller XARXES SEGURES"},"content":{"rendered":"\r\n<div dir=\"auto\">\r\n<p>Els passats divendres 11 i dimarts 15 de desembre els alumnes de 6\u00e8 van fer un taller sobre l&#8217;<strong>educaci\u00f3 digital segura<\/strong> .<\/p>\r\n<p>Els temes tractats van ser:<\/p>\r\n<p>&#8211; Temps que dediquem a les xarxes socials<\/p>\r\n<p>&#8211; La import\u00e0ncia de la seguretat digital per evitar ciber bullying<\/p>\r\n<p>&#8211; La veracitat del que publiquem<\/p>\r\n<p>&#8211; Les conseq\u00fc\u00e8ncies d&#8217;all\u00f2 que hem publicat<\/p>\r\n<p>&nbsp;<\/p>\r\n<p>Us deixem alguns enlla\u00e7os interessants per a obtenir m\u00e9s informaci\u00f3 sobre la seguretat a les xarxes:<\/p>\r\n<p><a href=\"https:\/\/internetsegura.cat\/habits-ciber-saludables\/videos\/\">https:\/\/internetsegura.cat\/habits-ciber-saludables\/<\/a><\/p>\r\n<p><a href=\"https:\/\/www.cac.cat\/videos-internet-als-adolescents\">https:\/\/www.cac.cat\/videos-internet-als-adolescents<\/a><\/p>\r\n<p>&nbsp;<\/p>\r\n<\/div>\r\n<div dir=\"auto\">\u00a0<\/div>\r\n<div dir=\"auto\">\u00a0<\/div>\r\n\r\n\r\n\r\n<figure class=\"wp-block-image size-large\"><img decoding=\"async\" class=\"wp-image-10455\" src=\"http:\/\/escolasalarich.net\/wp-content\/uploads\/2020\/12\/20201211_091108-1024x768.jpg\" alt=\"\" \/><\/figure>\r\n\r\n\r\n\r\n<figure class=\"wp-block-image size-large\"><img decoding=\"async\" class=\"wp-image-10456\" src=\"http:\/\/escolasalarich.net\/wp-content\/uploads\/2020\/12\/20201211_092736-1024x768.jpg\" alt=\"\" \/><\/figure>\r\n\r\n\r\n\r\n<figure class=\"wp-block-image size-large\"><img decoding=\"async\" class=\"wp-image-10457\" src=\"http:\/\/escolasalarich.net\/wp-content\/uploads\/2020\/12\/20201211_092846-1024x768.jpg\" alt=\"\" \/><\/figure>\r\n\r\n\r\n\r\n<figure class=\"wp-block-image size-large\"><img decoding=\"async\" class=\"wp-image-10458\" src=\"http:\/\/escolasalarich.net\/wp-content\/uploads\/2020\/12\/IMG_20201211_100557-1024x769.jpg\" alt=\"\" \/><\/figure>\r\n","protected":false},"excerpt":{"rendered":"<p>Els passats divendres 11 i dimarts 15 de desembre els alumnes de 6\u00e8 van fer un taller sobre l&#8217;educaci\u00f3 digital segura . Els temes tractats van ser: &#8211; Temps que dediquem a les xarxes socials &#8211; La import\u00e0ncia de la seguretat digital per evitar ciber bullying &#8211; La veracitat del que publiquem &#8211; Les conseq\u00fc\u00e8ncies [&hellip;]<\/p>\n","protected":false},"author":1,"featured_media":12442,"comment_status":"open","ping_status":"closed","sticky":false,"template":"","format":"standard","meta":{"_bbp_topic_count":0,"_bbp_reply_count":0,"_bbp_total_topic_count":0,"_bbp_total_reply_count":0,"_bbp_voice_count":0,"_bbp_anonymous_reply_count":0,"_bbp_topic_count_hidden":0,"_bbp_reply_count_hidden":0,"_bbp_forum_subforum_count":0,"site-sidebar-layout":"default","site-content-layout":"","ast-site-content-layout":"","site-content-style":"default","site-sidebar-style":"default","ast-global-header-display":"","ast-banner-title-visibility":"","ast-main-header-display":"","ast-hfb-above-header-display":"","ast-hfb-below-header-display":"","ast-hfb-mobile-header-display":"","site-post-title":"","ast-breadcrumbs-content":"","ast-featured-img":"","footer-sml-layout":"","theme-transparent-header-meta":"","adv-header-id-meta":"","stick-header-meta":"","header-above-stick-meta":"","header-main-stick-meta":"","header-below-stick-meta":"","astra-migrate-meta-layouts":"default","ast-page-background-enabled":"default","ast-page-background-meta":{"desktop":{"background-color":"var(--ast-global-color-4)","background-image":"","background-repeat":"repeat","background-position":"center center","background-size":"auto","background-attachment":"scroll","background-type":"","background-media":"","overlay-type":"","overlay-color":"","overlay-opacity":"","overlay-gradient":""},"tablet":{"background-color":"","background-image":"","background-repeat":"repeat","background-position":"center center","background-size":"auto","background-attachment":"scroll","background-type":"","background-media":"","overlay-type":"","overlay-color":"","overlay-opacity":"","overlay-gradient":""},"mobile":{"background-color":"","background-image":"","background-repeat":"repeat","background-position":"center center","background-size":"auto","background-attachment":"scroll","background-type":"","background-media":"","overlay-type":"","overlay-color":"","overlay-opacity":"","overlay-gradient":""}},"ast-content-background-meta":{"desktop":{"background-color":"var(--ast-global-color-5)","background-image":"","background-repeat":"repeat","background-position":"center center","background-size":"auto","background-attachment":"scroll","background-type":"","background-media":"","overlay-type":"","overlay-color":"","overlay-opacity":"","overlay-gradient":""},"tablet":{"background-color":"var(--ast-global-color-5)","background-image":"","background-repeat":"repeat","background-position":"center center","background-size":"auto","background-attachment":"scroll","background-type":"","background-media":"","overlay-type":"","overlay-color":"","overlay-opacity":"","overlay-gradient":""},"mobile":{"background-color":"var(--ast-global-color-5)","background-image":"","background-repeat":"repeat","background-position":"center center","background-size":"auto","background-attachment":"scroll","background-type":"","background-media":"","overlay-type":"","overlay-color":"","overlay-opacity":"","overlay-gradient":""}},"footnotes":""},"categories":[72],"tags":[],"class_list":["post-10454","post","type-post","status-publish","format-standard","has-post-thumbnail","hentry","category-noticies"],"post_mailing_queue_ids":[],"_links":{"self":[{"href":"https:\/\/agora.xtec.cat\/escolajoaquimsalarich\/wp-json\/wp\/v2\/posts\/10454","targetHints":{"allow":["GET"]}}],"collection":[{"href":"https:\/\/agora.xtec.cat\/escolajoaquimsalarich\/wp-json\/wp\/v2\/posts"}],"about":[{"href":"https:\/\/agora.xtec.cat\/escolajoaquimsalarich\/wp-json\/wp\/v2\/types\/post"}],"author":[{"embeddable":true,"href":"https:\/\/agora.xtec.cat\/escolajoaquimsalarich\/wp-json\/wp\/v2\/users\/1"}],"replies":[{"embeddable":true,"href":"https:\/\/agora.xtec.cat\/escolajoaquimsalarich\/wp-json\/wp\/v2\/comments?post=10454"}],"version-history":[{"count":1,"href":"https:\/\/agora.xtec.cat\/escolajoaquimsalarich\/wp-json\/wp\/v2\/posts\/10454\/revisions"}],"predecessor-version":[{"id":12502,"href":"https:\/\/agora.xtec.cat\/escolajoaquimsalarich\/wp-json\/wp\/v2\/posts\/10454\/revisions\/12502"}],"wp:featuredmedia":[{"embeddable":true,"href":"https:\/\/agora.xtec.cat\/escolajoaquimsalarich\/wp-json\/wp\/v2\/media\/12442"}],"wp:attachment":[{"href":"https:\/\/agora.xtec.cat\/escolajoaquimsalarich\/wp-json\/wp\/v2\/media?parent=10454"}],"wp:term":[{"taxonomy":"category","embeddable":true,"href":"https:\/\/agora.xtec.cat\/escolajoaquimsalarich\/wp-json\/wp\/v2\/categories?post=10454"},{"taxonomy":"post_tag","embeddable":true,"href":"https:\/\/agora.xtec.cat\/escolajoaquimsalarich\/wp-json\/wp\/v2\/tags?post=10454"}],"curies":[{"name":"wp","href":"https:\/\/api.w.org\/{rel}","templated":true}]}}