{"id":10125,"date":"2020-04-30T15:56:07","date_gmt":"2020-04-30T13:56:07","guid":{"rendered":"http:\/\/escolasalarich.net\/?p=10125"},"modified":"2021-08-17T23:48:18","modified_gmt":"2021-08-17T21:48:18","slug":"acompanyar-el-dol-algunes-eines-i-recursos","status":"publish","type":"post","link":"https:\/\/agora.xtec.cat\/escolajoaquimsalarich\/noticies\/acompanyar-el-dol-algunes-eines-i-recursos\/","title":{"rendered":"\u201cACOMPANYAR  EL  DOL\u201d ALGUNES EINES I RECURSOS"},"content":{"rendered":"\r\n<p>Benvolgudes fam\u00edlies,<\/p>\r\n<p>Amb l\u2019objectiu de facilitar l\u2019acompanyament a alumnes i fam\u00edlies davant una situaci\u00f3 de dol\/p\u00e8rdua, des de l\u2019escola us volem compartir alguns recursos que creiem que us poden ajudar.<\/p>\r\n<p>El primer que us fem arribar, s\u00f3n unes infografies que ens ha facilitat el grup de treball DaulaOsona, format per mestres, professionals de l\u2019EAP i un terapeuta expert en dol.\u00a0<\/p>\r\n<p>Tamb\u00e9 us compartim una proposta de contes que podeu utilitzar per parlar-ne amb els vostres fills i filles (material elaborat pel Col\u00b7legi Oficial de Psicologia de Catalunya-Tarragona)<\/p>\r\n<p>Si alguna fam\u00edlia considera necessari un acompanyament m\u00e9s directe, degut a la seva situaci\u00f3 familiar, es pot posar en contacte amb l\u2019escola.<\/p>\r\n\r\n\r\n\r\n<p class=\"wp-block-pdfemb-pdf-embedder-viewer\"><a href=\"https:\/\/agora.xtec.cat\/escolajoaquimsalarich\/wp-content\/uploads\/usu2205\/2020\/04\/infografia-Dolpe\u0300rdua.pdf\">infografia-Dolpe\u0300rdua<\/a><\/p>\r\n<p class=\"wp-block-pdfemb-pdf-embedder-viewer\"><a href=\"https:\/\/agora.xtec.cat\/escolajoaquimsalarich\/wp-content\/uploads\/usu2205\/2020\/04\/Contes-sobre-la-mort-dels-avis-1.pdf\">Contes-sobre-la-mort-dels-avis-1<\/a><\/p>\r\n\r\n\r\n\r\n<p class=\"wp-block-pdfemb-pdf-embedder-viewer\">\u00a0<\/p>\r\n","protected":false},"excerpt":{"rendered":"<p>Benvolgudes fam\u00edlies, Amb l\u2019objectiu de facilitar l\u2019acompanyament a alumnes i fam\u00edlies davant una situaci\u00f3 de dol\/p\u00e8rdua, des de l\u2019escola us volem compartir alguns recursos que creiem que us poden ajudar. El primer que us fem arribar, s\u00f3n unes infografies que ens ha facilitat el grup de treball DaulaOsona, format per mestres, professionals de l\u2019EAP i [&hellip;]<\/p>\n","protected":false},"author":1,"featured_media":12737,"comment_status":"open","ping_status":"closed","sticky":false,"template":"","format":"standard","meta":{"_bbp_topic_count":0,"_bbp_reply_count":0,"_bbp_total_topic_count":0,"_bbp_total_reply_count":0,"_bbp_voice_count":0,"_bbp_anonymous_reply_count":0,"_bbp_topic_count_hidden":0,"_bbp_reply_count_hidden":0,"_bbp_forum_subforum_count":0,"site-sidebar-layout":"default","site-content-layout":"","ast-site-content-layout":"","site-content-style":"default","site-sidebar-style":"default","ast-global-header-display":"","ast-banner-title-visibility":"","ast-main-header-display":"","ast-hfb-above-header-display":"","ast-hfb-below-header-display":"","ast-hfb-mobile-header-display":"","site-post-title":"","ast-breadcrumbs-content":"","ast-featured-img":"","footer-sml-layout":"","theme-transparent-header-meta":"","adv-header-id-meta":"","stick-header-meta":"","header-above-stick-meta":"","header-main-stick-meta":"","header-below-stick-meta":"","astra-migrate-meta-layouts":"default","ast-page-background-enabled":"default","ast-page-background-meta":{"desktop":{"background-color":"var(--ast-global-color-4)","background-image":"","background-repeat":"repeat","background-position":"center center","background-size":"auto","background-attachment":"scroll","background-type":"","background-media":"","overlay-type":"","overlay-color":"","overlay-opacity":"","overlay-gradient":""},"tablet":{"background-color":"","background-image":"","background-repeat":"repeat","background-position":"center center","background-size":"auto","background-attachment":"scroll","background-type":"","background-media":"","overlay-type":"","overlay-color":"","overlay-opacity":"","overlay-gradient":""},"mobile":{"background-color":"","background-image":"","background-repeat":"repeat","background-position":"center center","background-size":"auto","background-attachment":"scroll","background-type":"","background-media":"","overlay-type":"","overlay-color":"","overlay-opacity":"","overlay-gradient":""}},"ast-content-background-meta":{"desktop":{"background-color":"var(--ast-global-color-5)","background-image":"","background-repeat":"repeat","background-position":"center center","background-size":"auto","background-attachment":"scroll","background-type":"","background-media":"","overlay-type":"","overlay-color":"","overlay-opacity":"","overlay-gradient":""},"tablet":{"background-color":"var(--ast-global-color-5)","background-image":"","background-repeat":"repeat","background-position":"center center","background-size":"auto","background-attachment":"scroll","background-type":"","background-media":"","overlay-type":"","overlay-color":"","overlay-opacity":"","overlay-gradient":""},"mobile":{"background-color":"var(--ast-global-color-5)","background-image":"","background-repeat":"repeat","background-position":"center center","background-size":"auto","background-attachment":"scroll","background-type":"","background-media":"","overlay-type":"","overlay-color":"","overlay-opacity":"","overlay-gradient":""}},"footnotes":""},"categories":[72],"tags":[],"class_list":["post-10125","post","type-post","status-publish","format-standard","has-post-thumbnail","hentry","category-noticies"],"post_mailing_queue_ids":[],"_links":{"self":[{"href":"https:\/\/agora.xtec.cat\/escolajoaquimsalarich\/wp-json\/wp\/v2\/posts\/10125","targetHints":{"allow":["GET"]}}],"collection":[{"href":"https:\/\/agora.xtec.cat\/escolajoaquimsalarich\/wp-json\/wp\/v2\/posts"}],"about":[{"href":"https:\/\/agora.xtec.cat\/escolajoaquimsalarich\/wp-json\/wp\/v2\/types\/post"}],"author":[{"embeddable":true,"href":"https:\/\/agora.xtec.cat\/escolajoaquimsalarich\/wp-json\/wp\/v2\/users\/1"}],"replies":[{"embeddable":true,"href":"https:\/\/agora.xtec.cat\/escolajoaquimsalarich\/wp-json\/wp\/v2\/comments?post=10125"}],"version-history":[{"count":2,"href":"https:\/\/agora.xtec.cat\/escolajoaquimsalarich\/wp-json\/wp\/v2\/posts\/10125\/revisions"}],"predecessor-version":[{"id":13375,"href":"https:\/\/agora.xtec.cat\/escolajoaquimsalarich\/wp-json\/wp\/v2\/posts\/10125\/revisions\/13375"}],"wp:featuredmedia":[{"embeddable":true,"href":"https:\/\/agora.xtec.cat\/escolajoaquimsalarich\/wp-json\/wp\/v2\/media\/12737"}],"wp:attachment":[{"href":"https:\/\/agora.xtec.cat\/escolajoaquimsalarich\/wp-json\/wp\/v2\/media?parent=10125"}],"wp:term":[{"taxonomy":"category","embeddable":true,"href":"https:\/\/agora.xtec.cat\/escolajoaquimsalarich\/wp-json\/wp\/v2\/categories?post=10125"},{"taxonomy":"post_tag","embeddable":true,"href":"https:\/\/agora.xtec.cat\/escolajoaquimsalarich\/wp-json\/wp\/v2\/tags?post=10125"}],"curies":[{"name":"wp","href":"https:\/\/api.w.org\/{rel}","templated":true}]}}