{"id":5483,"date":"2026-05-11T14:12:38","date_gmt":"2026-05-11T12:12:38","guid":{"rendered":"https:\/\/agora.xtec.cat\/escolajeronidemoragas\/?p=5483"},"modified":"2026-05-11T14:14:07","modified_gmt":"2026-05-11T12:14:07","slug":"%f0%9f%8c%8d-compromis-ambiental-amb-el-lets-clean-up-europe-%e2%99%bb%ef%b8%8f","status":"publish","type":"post","link":"https:\/\/agora.xtec.cat\/escolajeronidemoragas\/general\/%f0%9f%8c%8d-compromis-ambiental-amb-el-lets-clean-up-europe-%e2%99%bb%ef%b8%8f\/","title":{"rendered":"\ud83c\udf0d COMPROM\u00cdS AMBIENTAL AMB EL LET\u2019S CLEAN UP EUROPE \u267b\ufe0f"},"content":{"rendered":"<p data-start=\"177\" data-end=\"446\"><a href=\"https:\/\/agora.xtec.cat\/escolajeronidemoragas\/wp-content\/uploads\/usu2509\/2026\/05\/lets-clean-up-26-scaled.jpg\"><img loading=\"lazy\" decoding=\"async\" class=\" wp-image-5486 aligncenter\" src=\"https:\/\/agora.xtec.cat\/escolajeronidemoragas\/wp-content\/uploads\/usu2509\/2026\/05\/lets-clean-up-26-1024x205.jpg\" alt=\"\" width=\"824\" height=\"165\" srcset=\"https:\/\/agora.xtec.cat\/escolajeronidemoragas\/wp-content\/uploads\/usu2509\/2026\/05\/lets-clean-up-26-1024x205.jpg 1024w, https:\/\/agora.xtec.cat\/escolajeronidemoragas\/wp-content\/uploads\/usu2509\/2026\/05\/lets-clean-up-26-300x60.jpg 300w, https:\/\/agora.xtec.cat\/escolajeronidemoragas\/wp-content\/uploads\/usu2509\/2026\/05\/lets-clean-up-26-768x154.jpg 768w, https:\/\/agora.xtec.cat\/escolajeronidemoragas\/wp-content\/uploads\/usu2509\/2026\/05\/lets-clean-up-26-1536x307.jpg 1536w, https:\/\/agora.xtec.cat\/escolajeronidemoragas\/wp-content\/uploads\/usu2509\/2026\/05\/lets-clean-up-26-2048x410.jpg 2048w\" sizes=\"auto, (max-width: 824px) 100vw, 824px\" \/><\/a><\/p>\n<p style=\"text-align: justify;\" data-start=\"177\" data-end=\"446\">Aquest 8 de maig, diferents aules de la nostra escola han participat en la iniciativa europea <a href=\"https:\/\/residus.gencat.cat\/ca\/ambits_dactuacio\/prevencio\/lcue\/\"><strong data-start=\"273\" data-end=\"298\">Let\u2019s Clean Up Europe<\/strong><\/a>, una acci\u00f3 de voluntariat ambiental que t\u00e9 com a objectiu<strong> conscienciar sobre la gran quantitat de residus<\/strong> que sovint acaben abandonats a la natura.<\/p>\n<p style=\"text-align: justify;\" data-start=\"448\" data-end=\"770\">La campanya, impulsada a Catalunya per l<strong>\u2019Ag\u00e8ncia de Residus de Catalunya<\/strong>, promou activitats de recollida de deixalles en espais naturals com boscos, rieres, camins o zones verdes properes als centres educatius. Enguany, les accions s\u2019han dut a terme durant la primera setmana de maig.<\/p>\n<p style=\"text-align: justify;\" data-start=\"772\" data-end=\"1099\">L&#8217;alumnat d&#8217; <strong>ESO i TVA<\/strong> van sortir a l\u2019entorn proper de l\u2019escola equipats amb guants i bosses per recollir brossa abandonada. Durant la jornada van poder observar de primera m\u00e0 la quantitat de deixalles que es llencen de manera inc\u00edvica i reflexionar sobre la import\u00e0ncia de cuidar el nostre entorn\ud83c\udf33.<\/p>\n<p style=\"text-align: justify;\" data-start=\"1101\" data-end=\"1499\">Aquesta experi\u00e8ncia no nom\u00e9s ajuda a mantenir nets els espais naturals, sin\u00f3 que tamb\u00e9 permet treballar valors com la<strong> responsabilitat, el respecte pel medi ambient, el treball en equip i el comprom\u00eds amb la comunitat.<\/strong> Les activitats del Let\u2019s Clean Up Europe s\u00f3n una oportunitat perqu\u00e8 els infants i joves esdevinguin agents actius en la protecci\u00f3 del planeta.<\/p>\n<p style=\"text-align: justify;\" data-start=\"1501\" data-end=\"1844\">A m\u00e9s, la iniciativa tamb\u00e9 vol fer reflexionar sobre els nostres h\u00e0bits de consum i recordar que <strong>el millor residu \u00e9s aquell que no es genera\u267b\ufe0f<\/strong>. Durant les recollides, l\u2019alumnat apr\u00e8n a separar correctament els residus i a entendre que molts materials poden tenir una segona vida si es reciclen adequadament.<\/p>\n<p style=\"text-align: justify;\" data-start=\"1846\" data-end=\"2108\">Des de l\u2019escola valorem molt positivament aquesta participaci\u00f3 i felicitem tots els alumnes i mestres implicats per la seva actitud i comprom\u00eds. Petites accions com aquesta contribueixen a construir un entorn m\u00e9s net, sostenible i respectu\u00f3s amb el medi ambient.\ud83c\udf3f\ud83d\udc99<\/p>\n\n\t\t<style type=\"text\/css\">\n\t\t\t#gallery-1 {\n\t\t\t\tmargin: auto;\n\t\t\t}\n\t\t\t#gallery-1 .gallery-item {\n\t\t\t\tfloat: left;\n\t\t\t\tmargin-top: 10px;\n\t\t\t\ttext-align: center;\n\t\t\t\twidth: 33%;\n\t\t\t}\n\t\t\t#gallery-1 img {\n\t\t\t\tborder: 2px solid #cfcfcf;\n\t\t\t}\n\t\t\t#gallery-1 .gallery-caption {\n\t\t\t\tmargin-left: 0;\n\t\t\t}\n\t\t\t\/* see gallery_shortcode() in wp-includes\/media.php *\/\n\t\t<\/style>\n\t\t<div id='gallery-1' class='gallery galleryid-5483 gallery-columns-3 gallery-size-large'><dl class='gallery-item'>\n\t\t\t<dt class='gallery-icon landscape'>\n\t\t\t\t<a href='https:\/\/agora.xtec.cat\/escolajeronidemoragas\/general\/%f0%9f%8c%8d-compromis-ambiental-amb-el-lets-clean-up-europe-%e2%99%bb%ef%b8%8f\/attachment\/whatsapp-image-2026-05-08-at-15-22-03\/'><img loading=\"lazy\" decoding=\"async\" width=\"1024\" height=\"768\" src=\"https:\/\/agora.xtec.cat\/escolajeronidemoragas\/wp-content\/uploads\/usu2509\/2026\/05\/WhatsApp-Image-2026-05-08-at-15.22.03-1024x768.jpeg\" class=\"attachment-large size-large\" alt=\"\" srcset=\"https:\/\/agora.xtec.cat\/escolajeronidemoragas\/wp-content\/uploads\/usu2509\/2026\/05\/WhatsApp-Image-2026-05-08-at-15.22.03-1024x768.jpeg 1024w, https:\/\/agora.xtec.cat\/escolajeronidemoragas\/wp-content\/uploads\/usu2509\/2026\/05\/WhatsApp-Image-2026-05-08-at-15.22.03-300x225.jpeg 300w, https:\/\/agora.xtec.cat\/escolajeronidemoragas\/wp-content\/uploads\/usu2509\/2026\/05\/WhatsApp-Image-2026-05-08-at-15.22.03-768x576.jpeg 768w, https:\/\/agora.xtec.cat\/escolajeronidemoragas\/wp-content\/uploads\/usu2509\/2026\/05\/WhatsApp-Image-2026-05-08-at-15.22.03-1536x1152.jpeg 1536w, https:\/\/agora.xtec.cat\/escolajeronidemoragas\/wp-content\/uploads\/usu2509\/2026\/05\/WhatsApp-Image-2026-05-08-at-15.22.03-200x150.jpeg 200w, https:\/\/agora.xtec.cat\/escolajeronidemoragas\/wp-content\/uploads\/usu2509\/2026\/05\/WhatsApp-Image-2026-05-08-at-15.22.03.jpeg 2048w\" sizes=\"auto, (max-width: 1024px) 100vw, 1024px\" \/><\/a>\n\t\t\t<\/dt><\/dl><dl class='gallery-item'>\n\t\t\t<dt class='gallery-icon portrait'>\n\t\t\t\t<a href='https:\/\/agora.xtec.cat\/escolajeronidemoragas\/general\/%f0%9f%8c%8d-compromis-ambiental-amb-el-lets-clean-up-europe-%e2%99%bb%ef%b8%8f\/attachment\/img-20260508-wa0031\/'><img loading=\"lazy\" decoding=\"async\" width=\"768\" height=\"1024\" src=\"https:\/\/agora.xtec.cat\/escolajeronidemoragas\/wp-content\/uploads\/usu2509\/2026\/05\/IMG-20260508-WA0031-768x1024.jpg\" class=\"attachment-large size-large\" alt=\"\" srcset=\"https:\/\/agora.xtec.cat\/escolajeronidemoragas\/wp-content\/uploads\/usu2509\/2026\/05\/IMG-20260508-WA0031-768x1024.jpg 768w, https:\/\/agora.xtec.cat\/escolajeronidemoragas\/wp-content\/uploads\/usu2509\/2026\/05\/IMG-20260508-WA0031-225x300.jpg 225w, https:\/\/agora.xtec.cat\/escolajeronidemoragas\/wp-content\/uploads\/usu2509\/2026\/05\/IMG-20260508-WA0031-1152x1536.jpg 1152w, https:\/\/agora.xtec.cat\/escolajeronidemoragas\/wp-content\/uploads\/usu2509\/2026\/05\/IMG-20260508-WA0031.jpg 1200w\" sizes=\"auto, (max-width: 768px) 100vw, 768px\" \/><\/a>\n\t\t\t<\/dt><\/dl><dl class='gallery-item'>\n\t\t\t<dt class='gallery-icon portrait'>\n\t\t\t\t<a href='https:\/\/agora.xtec.cat\/escolajeronidemoragas\/general\/%f0%9f%8c%8d-compromis-ambiental-amb-el-lets-clean-up-europe-%e2%99%bb%ef%b8%8f\/attachment\/img-20260508-wa0030\/'><img loading=\"lazy\" decoding=\"async\" width=\"768\" height=\"1024\" src=\"https:\/\/agora.xtec.cat\/escolajeronidemoragas\/wp-content\/uploads\/usu2509\/2026\/05\/IMG-20260508-WA0030-768x1024.jpg\" class=\"attachment-large size-large\" alt=\"\" srcset=\"https:\/\/agora.xtec.cat\/escolajeronidemoragas\/wp-content\/uploads\/usu2509\/2026\/05\/IMG-20260508-WA0030-768x1024.jpg 768w, https:\/\/agora.xtec.cat\/escolajeronidemoragas\/wp-content\/uploads\/usu2509\/2026\/05\/IMG-20260508-WA0030-225x300.jpg 225w, https:\/\/agora.xtec.cat\/escolajeronidemoragas\/wp-content\/uploads\/usu2509\/2026\/05\/IMG-20260508-WA0030-1152x1536.jpg 1152w, https:\/\/agora.xtec.cat\/escolajeronidemoragas\/wp-content\/uploads\/usu2509\/2026\/05\/IMG-20260508-WA0030.jpg 1200w\" sizes=\"auto, (max-width: 768px) 100vw, 768px\" \/><\/a>\n\t\t\t<\/dt><\/dl><br style=\"clear: both\" \/>\n\t\t<\/div>\n\n","protected":false},"excerpt":{"rendered":"<p><a href=\"https:\/\/agora.xtec.cat\/escolajeronidemoragas\/wp-content\/uploads\/usu2509\/2026\/05\/lets-clean-up-26-scaled.jpg\"><\/a><br \/>\nAquest 8 de maig, diferents aules de la nostra escola han participat en la iniciativa europea <a href=\"https:\/\/residus.gencat.cat\/ca\/ambits_dactuacio\/prevencio\/lcue\/\">Let\u2019s Clean Up Europe<\/a>, una acci\u00f3 de voluntariat ambiental que t\u00e9 com a objectiu conscienciar sobre la gran quantitat de residus que sovint acaben abandonats a la&hellip;  <a href=\"https:\/\/agora.xtec.cat\/escolajeronidemoragas\/general\/%f0%9f%8c%8d-compromis-ambiental-amb-el-lets-clean-up-europe-%e2%99%bb%ef%b8%8f\/\" title=\"Read \ud83c\udf0d COMPROM\u00cdS AMBIENTAL AMB EL LET\u2019S CLEAN UP EUROPE \u267b\ufe0f\">Llegeix m\u00e9s\u00bb<\/a><\/p>\n","protected":false},"author":1,"featured_media":5486,"comment_status":"open","ping_status":"open","sticky":false,"template":"","format":"standard","meta":{"_bbp_topic_count":0,"_bbp_reply_count":0,"_bbp_total_topic_count":0,"_bbp_total_reply_count":0,"_bbp_voice_count":0,"_bbp_anonymous_reply_count":0,"_bbp_topic_count_hidden":0,"_bbp_reply_count_hidden":0,"_bbp_forum_subforum_count":0,"footnotes":""},"categories":[10,11,12,13,14,15,87,83,1,88,2,75,4,85,84],"tags":[],"class_list":["post-5483","post","type-post","status-publish","format-standard","has-post-thumbnail","hentry","category-1r","category-2n","category-3r","category-4t","category-5e","category-6e","category-curs-2025-26","category-eso","category-general","category-ife","category-infantil-i-primaria","category-maig","category-portada","category-sensorial","category-tva"],"post_mailing_queue_ids":[],"_links":{"self":[{"href":"https:\/\/agora.xtec.cat\/escolajeronidemoragas\/wp-json\/wp\/v2\/posts\/5483","targetHints":{"allow":["GET"]}}],"collection":[{"href":"https:\/\/agora.xtec.cat\/escolajeronidemoragas\/wp-json\/wp\/v2\/posts"}],"about":[{"href":"https:\/\/agora.xtec.cat\/escolajeronidemoragas\/wp-json\/wp\/v2\/types\/post"}],"author":[{"embeddable":true,"href":"https:\/\/agora.xtec.cat\/escolajeronidemoragas\/wp-json\/wp\/v2\/users\/1"}],"replies":[{"embeddable":true,"href":"https:\/\/agora.xtec.cat\/escolajeronidemoragas\/wp-json\/wp\/v2\/comments?post=5483"}],"version-history":[{"count":4,"href":"https:\/\/agora.xtec.cat\/escolajeronidemoragas\/wp-json\/wp\/v2\/posts\/5483\/revisions"}],"predecessor-version":[{"id":5491,"href":"https:\/\/agora.xtec.cat\/escolajeronidemoragas\/wp-json\/wp\/v2\/posts\/5483\/revisions\/5491"}],"wp:featuredmedia":[{"embeddable":true,"href":"https:\/\/agora.xtec.cat\/escolajeronidemoragas\/wp-json\/wp\/v2\/media\/5486"}],"wp:attachment":[{"href":"https:\/\/agora.xtec.cat\/escolajeronidemoragas\/wp-json\/wp\/v2\/media?parent=5483"}],"wp:term":[{"taxonomy":"category","embeddable":true,"href":"https:\/\/agora.xtec.cat\/escolajeronidemoragas\/wp-json\/wp\/v2\/categories?post=5483"},{"taxonomy":"post_tag","embeddable":true,"href":"https:\/\/agora.xtec.cat\/escolajeronidemoragas\/wp-json\/wp\/v2\/tags?post=5483"}],"curies":[{"name":"wp","href":"https:\/\/api.w.org\/{rel}","templated":true}]}}