{"id":5466,"date":"2026-04-30T20:58:16","date_gmt":"2026-04-30T18:58:16","guid":{"rendered":"https:\/\/agora.xtec.cat\/escolajeronidemoragas\/?p=5466"},"modified":"2026-04-30T20:58:37","modified_gmt":"2026-04-30T18:58:37","slug":"%f0%9f%8e%99%ef%b8%8f-un-sant-jordi-molt-especial-a-el-gronxador%f0%9f%8c%b9","status":"publish","type":"post","link":"https:\/\/agora.xtec.cat\/escolajeronidemoragas\/general\/%f0%9f%8e%99%ef%b8%8f-un-sant-jordi-molt-especial-a-el-gronxador%f0%9f%8c%b9\/","title":{"rendered":"\ud83c\udf99\ufe0f Un Sant Jordi molt especial a &#8220;El Gronxador&#8221;\ud83c\udf39"},"content":{"rendered":"<p style=\"text-align: justify;\" data-start=\"58\" data-end=\"342\">Aquesta setmana, un petit grup de l\u2019agrupament flexible de llengua de TVA ha tingut l\u2019oportunitat de visitar <strong><a href=\"https:\/\/santpedor.net\/radio\/\">R\u00e0dio Santpedor<\/a>\ud83c\udf99\ufe0f<\/strong>, en el marc de la seva participaci\u00f3 en el programa<a href=\"https:\/\/santpedor.net\/radio\/el-gronxador\/\"> <strong><em data-start=\"234\" data-end=\"248\">El Gronxador<\/em>,<\/strong><\/a> una col\u00b7laboraci\u00f3 en qu\u00e8 aquest curs tamb\u00e9 hi ha pres part l<strong>\u2019alumnat d\u2019ESO i TVA<\/strong> del centre.<a href=\"https:\/\/agora.xtec.cat\/escolajeronidemoragas\/wp-content\/uploads\/usu2509\/2026\/04\/radio-santpedor.jpg\"><img loading=\"lazy\" decoding=\"async\" class=\"alignright wp-image-5470\" src=\"https:\/\/agora.xtec.cat\/escolajeronidemoragas\/wp-content\/uploads\/usu2509\/2026\/04\/radio-santpedor.jpg\" alt=\"\" width=\"194\" height=\"194\" srcset=\"https:\/\/agora.xtec.cat\/escolajeronidemoragas\/wp-content\/uploads\/usu2509\/2026\/04\/radio-santpedor.jpg 255w, https:\/\/agora.xtec.cat\/escolajeronidemoragas\/wp-content\/uploads\/usu2509\/2026\/04\/radio-santpedor-150x150.jpg 150w\" sizes=\"auto, (max-width: 194px) 100vw, 194px\" \/><\/a><\/p>\n<p style=\"text-align: justify;\" data-start=\"344\" data-end=\"717\">Durant la visita, l\u2019alumnat ha<span style=\"font-family: inherit; font-size: 1em;\">\u00a0pogut viure en primera persona com es desenvolupa la gravaci\u00f3 d\u2019un programa de r\u00e0dio<\/span><span style=\"font-family: inherit; font-size: 1em;\">\ud83d\udcfb: des de la preparaci\u00f3 dels continguts fins a l\u2019entrada als micr\u00f2fons. Tot i que la gravaci\u00f3 es fa en diferit i el programa s\u2019emet a finals de mes, l\u2019experi\u00e8ncia va ser plenament real, ja que l\u2019enregistrament es va dur a terme en condicions reals de r\u00e0dio.\u00a0<\/span><span style=\"font-family: inherit; font-size: 1em;\">A m\u00e9s, l&#8217;alumnat ha tingut l\u2019oportunitat de posar-se a prova i experimentar ells mateixos l\u2019emoci\u00f3 de comunicar a trav\u00e9s d\u2019aquest mitj\u00e0.<\/span><\/p>\n<p><img loading=\"lazy\" decoding=\"async\" class=\"alignleft\" style=\"text-align: justify;\" src=\"https:\/\/pbs.twimg.com\/media\/HEkttYlWIAAIY6m.jpg\" alt=\"R\u00e0dio Santpedor (@rsantpedor) \/ Posts \/ X\" width=\"294\" height=\"166\" \/><\/p>\n<p style=\"text-align: justify;\" data-start=\"866\" data-end=\"1109\">El programa que van enregistrar va estar <strong>dedicat a la diada de Sant Jordi\ud83c\udf39\ud83d\udcda.<\/strong> Al llarg de l\u2019emissi\u00f3, l\u2019alumnat va recitar poemes i va participar en un especial tem\u00e0tic, compartint la seva creativitat i expressivitat en una data tan significativa.<\/p>\n<p style=\"text-align: justify;\" data-start=\"1111\" data-end=\"1331\">Aquesta experi\u00e8ncia ha estat molt enriquidora i motivadora per a tots els participants, que han pogut descobrir de prop el funcionament d\u2019un mitj\u00e0 de comunicaci\u00f3 real i <strong>sentir-se protagonistes del seu propi aprenentatge<\/strong>.<\/p>\n<p style=\"text-align: justify;\" data-start=\"1333\" data-end=\"1546\">El cap\u00edtol s\u2019emetr\u00e0 a finals de mes a trav\u00e9s de <a href=\"https:\/\/santpedor.net\/radio\/\">R\u00e0dio Santpedor<\/a> i tamb\u00e9 es podr\u00e0 escoltar en l\u00ednia dins del programa <a href=\"https:\/\/santpedor.net\/radio\/el-gronxador\/\"><em data-start=\"1450\" data-end=\"1464\">El Gronxador<\/em>.<\/a> Us animem a estar-ne ben atents\/es, buscar el programa del mes d&#8217;abril i a escoltar-lo per gaudir d\u2019aquesta gran feina!<\/p>\n\n\t\t<style type=\"text\/css\">\n\t\t\t#gallery-1 {\n\t\t\t\tmargin: auto;\n\t\t\t}\n\t\t\t#gallery-1 .gallery-item {\n\t\t\t\tfloat: left;\n\t\t\t\tmargin-top: 10px;\n\t\t\t\ttext-align: center;\n\t\t\t\twidth: 33%;\n\t\t\t}\n\t\t\t#gallery-1 img {\n\t\t\t\tborder: 2px solid #cfcfcf;\n\t\t\t}\n\t\t\t#gallery-1 .gallery-caption {\n\t\t\t\tmargin-left: 0;\n\t\t\t}\n\t\t\t\/* see gallery_shortcode() in wp-includes\/media.php *\/\n\t\t<\/style>\n\t\t<div id='gallery-1' class='gallery galleryid-5466 gallery-columns-3 gallery-size-large'><dl class='gallery-item'>\n\t\t\t<dt class='gallery-icon landscape'>\n\t\t\t\t<a href='https:\/\/agora.xtec.cat\/escolajeronidemoragas\/general\/%f0%9f%8e%99%ef%b8%8f-un-sant-jordi-molt-especial-a-el-gronxador%f0%9f%8c%b9\/attachment\/whatsapp-image-2026-04-29-at-14-34-41\/'><img loading=\"lazy\" decoding=\"async\" width=\"1024\" height=\"942\" src=\"https:\/\/agora.xtec.cat\/escolajeronidemoragas\/wp-content\/uploads\/usu2509\/2026\/04\/WhatsApp-Image-2026-04-29-at-14.34.41-e1777575249379-1024x942.jpeg\" class=\"attachment-large size-large\" alt=\"\" srcset=\"https:\/\/agora.xtec.cat\/escolajeronidemoragas\/wp-content\/uploads\/usu2509\/2026\/04\/WhatsApp-Image-2026-04-29-at-14.34.41-e1777575249379-1024x942.jpeg 1024w, https:\/\/agora.xtec.cat\/escolajeronidemoragas\/wp-content\/uploads\/usu2509\/2026\/04\/WhatsApp-Image-2026-04-29-at-14.34.41-e1777575249379-300x276.jpeg 300w, https:\/\/agora.xtec.cat\/escolajeronidemoragas\/wp-content\/uploads\/usu2509\/2026\/04\/WhatsApp-Image-2026-04-29-at-14.34.41-e1777575249379-768x706.jpeg 768w, https:\/\/agora.xtec.cat\/escolajeronidemoragas\/wp-content\/uploads\/usu2509\/2026\/04\/WhatsApp-Image-2026-04-29-at-14.34.41-e1777575249379.jpeg 1529w\" sizes=\"auto, (max-width: 1024px) 100vw, 1024px\" \/><\/a>\n\t\t\t<\/dt><\/dl><dl class='gallery-item'>\n\t\t\t<dt class='gallery-icon landscape'>\n\t\t\t\t<a href='https:\/\/agora.xtec.cat\/escolajeronidemoragas\/general\/%f0%9f%8e%99%ef%b8%8f-un-sant-jordi-molt-especial-a-el-gronxador%f0%9f%8c%b9\/attachment\/whatsapp-image-2026-04-29-at-14-34-40-1\/'><img loading=\"lazy\" decoding=\"async\" width=\"1024\" height=\"766\" src=\"https:\/\/agora.xtec.cat\/escolajeronidemoragas\/wp-content\/uploads\/usu2509\/2026\/04\/WhatsApp-Image-2026-04-29-at-14.34.40-1-1024x766.jpeg\" class=\"attachment-large size-large\" alt=\"\" srcset=\"https:\/\/agora.xtec.cat\/escolajeronidemoragas\/wp-content\/uploads\/usu2509\/2026\/04\/WhatsApp-Image-2026-04-29-at-14.34.40-1-1024x766.jpeg 1024w, https:\/\/agora.xtec.cat\/escolajeronidemoragas\/wp-content\/uploads\/usu2509\/2026\/04\/WhatsApp-Image-2026-04-29-at-14.34.40-1-300x224.jpeg 300w, https:\/\/agora.xtec.cat\/escolajeronidemoragas\/wp-content\/uploads\/usu2509\/2026\/04\/WhatsApp-Image-2026-04-29-at-14.34.40-1-768x575.jpeg 768w, https:\/\/agora.xtec.cat\/escolajeronidemoragas\/wp-content\/uploads\/usu2509\/2026\/04\/WhatsApp-Image-2026-04-29-at-14.34.40-1-1536x1149.jpeg 1536w, https:\/\/agora.xtec.cat\/escolajeronidemoragas\/wp-content\/uploads\/usu2509\/2026\/04\/WhatsApp-Image-2026-04-29-at-14.34.40-1-200x150.jpeg 200w, https:\/\/agora.xtec.cat\/escolajeronidemoragas\/wp-content\/uploads\/usu2509\/2026\/04\/WhatsApp-Image-2026-04-29-at-14.34.40-1.jpeg 2048w\" sizes=\"auto, (max-width: 1024px) 100vw, 1024px\" \/><\/a>\n\t\t\t<\/dt><\/dl><dl class='gallery-item'>\n\t\t\t<dt class='gallery-icon portrait'>\n\t\t\t\t<a href='https:\/\/agora.xtec.cat\/escolajeronidemoragas\/general\/%f0%9f%8e%99%ef%b8%8f-un-sant-jordi-molt-especial-a-el-gronxador%f0%9f%8c%b9\/attachment\/whatsapp-image-2026-04-29-at-14-34-40\/'><img loading=\"lazy\" decoding=\"async\" width=\"871\" height=\"1024\" src=\"https:\/\/agora.xtec.cat\/escolajeronidemoragas\/wp-content\/uploads\/usu2509\/2026\/04\/WhatsApp-Image-2026-04-29-at-14.34.40-e1777575287568-871x1024.jpeg\" class=\"attachment-large size-large\" alt=\"\" srcset=\"https:\/\/agora.xtec.cat\/escolajeronidemoragas\/wp-content\/uploads\/usu2509\/2026\/04\/WhatsApp-Image-2026-04-29-at-14.34.40-e1777575287568-871x1024.jpeg 871w, https:\/\/agora.xtec.cat\/escolajeronidemoragas\/wp-content\/uploads\/usu2509\/2026\/04\/WhatsApp-Image-2026-04-29-at-14.34.40-e1777575287568-255x300.jpeg 255w, https:\/\/agora.xtec.cat\/escolajeronidemoragas\/wp-content\/uploads\/usu2509\/2026\/04\/WhatsApp-Image-2026-04-29-at-14.34.40-e1777575287568-768x903.jpeg 768w, https:\/\/agora.xtec.cat\/escolajeronidemoragas\/wp-content\/uploads\/usu2509\/2026\/04\/WhatsApp-Image-2026-04-29-at-14.34.40-e1777575287568-1306x1536.jpeg 1306w, https:\/\/agora.xtec.cat\/escolajeronidemoragas\/wp-content\/uploads\/usu2509\/2026\/04\/WhatsApp-Image-2026-04-29-at-14.34.40-e1777575287568.jpeg 1512w\" sizes=\"auto, (max-width: 871px) 100vw, 871px\" \/><\/a>\n\t\t\t<\/dt><\/dl><br style=\"clear: both\" \/>\n\t\t<\/div>\n\n","protected":false},"excerpt":{"rendered":"<p>Aquesta setmana, un petit grup de l\u2019agrupament flexible de llengua de TVA ha tingut l\u2019oportunitat de visitar <a href=\"https:\/\/santpedor.net\/radio\/\">R\u00e0dio Santpedor<\/a>\ud83c\udf99\ufe0f, en el marc de la seva participaci\u00f3 en el programa<a href=\"https:\/\/santpedor.net\/radio\/el-gronxador\/\"> El Gronxador,<\/a> una col\u00b7laboraci\u00f3 en qu\u00e8 aquest curs tamb\u00e9 hi ha pres part l\u2019alumnat&hellip;  <a href=\"https:\/\/agora.xtec.cat\/escolajeronidemoragas\/general\/%f0%9f%8e%99%ef%b8%8f-un-sant-jordi-molt-especial-a-el-gronxador%f0%9f%8c%b9\/\" title=\"Read \ud83c\udf99\ufe0f Un Sant Jordi molt especial a &#8220;El Gronxador&#8221;\ud83c\udf39\">Llegeix m\u00e9s\u00bb<\/a><\/p>\n","protected":false},"author":1,"featured_media":5467,"comment_status":"open","ping_status":"open","sticky":false,"template":"","format":"standard","meta":{"_bbp_topic_count":0,"_bbp_reply_count":0,"_bbp_total_topic_count":0,"_bbp_total_reply_count":0,"_bbp_voice_count":0,"_bbp_anonymous_reply_count":0,"_bbp_topic_count_hidden":0,"_bbp_reply_count_hidden":0,"_bbp_forum_subforum_count":0,"footnotes":""},"categories":[74,87,83,1,4,85,84],"tags":[],"class_list":["post-5466","post","type-post","status-publish","format-standard","has-post-thumbnail","hentry","category-abril","category-curs-2025-26","category-eso","category-general","category-portada","category-sensorial","category-tva"],"post_mailing_queue_ids":[],"_links":{"self":[{"href":"https:\/\/agora.xtec.cat\/escolajeronidemoragas\/wp-json\/wp\/v2\/posts\/5466","targetHints":{"allow":["GET"]}}],"collection":[{"href":"https:\/\/agora.xtec.cat\/escolajeronidemoragas\/wp-json\/wp\/v2\/posts"}],"about":[{"href":"https:\/\/agora.xtec.cat\/escolajeronidemoragas\/wp-json\/wp\/v2\/types\/post"}],"author":[{"embeddable":true,"href":"https:\/\/agora.xtec.cat\/escolajeronidemoragas\/wp-json\/wp\/v2\/users\/1"}],"replies":[{"embeddable":true,"href":"https:\/\/agora.xtec.cat\/escolajeronidemoragas\/wp-json\/wp\/v2\/comments?post=5466"}],"version-history":[{"count":2,"href":"https:\/\/agora.xtec.cat\/escolajeronidemoragas\/wp-json\/wp\/v2\/posts\/5466\/revisions"}],"predecessor-version":[{"id":5472,"href":"https:\/\/agora.xtec.cat\/escolajeronidemoragas\/wp-json\/wp\/v2\/posts\/5466\/revisions\/5472"}],"wp:featuredmedia":[{"embeddable":true,"href":"https:\/\/agora.xtec.cat\/escolajeronidemoragas\/wp-json\/wp\/v2\/media\/5467"}],"wp:attachment":[{"href":"https:\/\/agora.xtec.cat\/escolajeronidemoragas\/wp-json\/wp\/v2\/media?parent=5466"}],"wp:term":[{"taxonomy":"category","embeddable":true,"href":"https:\/\/agora.xtec.cat\/escolajeronidemoragas\/wp-json\/wp\/v2\/categories?post=5466"},{"taxonomy":"post_tag","embeddable":true,"href":"https:\/\/agora.xtec.cat\/escolajeronidemoragas\/wp-json\/wp\/v2\/tags?post=5466"}],"curies":[{"name":"wp","href":"https:\/\/api.w.org\/{rel}","templated":true}]}}