{"id":5410,"date":"2026-04-25T10:52:12","date_gmt":"2026-04-25T08:52:12","guid":{"rendered":"https:\/\/agora.xtec.cat\/escolajeronidemoragas\/?p=5410"},"modified":"2026-04-25T13:33:46","modified_gmt":"2026-04-25T11:33:46","slug":"diada-de-sant-jordi-%f0%9f%8c%b9%f0%9f%93%9a","status":"publish","type":"post","link":"https:\/\/agora.xtec.cat\/escolajeronidemoragas\/general\/diada-de-sant-jordi-%f0%9f%8c%b9%f0%9f%93%9a\/","title":{"rendered":"DIADA DE SANT JORDI \ud83c\udf39\ud83d\udcda"},"content":{"rendered":"<p style=\"text-align: justify;\" data-start=\"70\" data-end=\"439\">La <strong>diada de Sant Jordi<\/strong> va tornar a convertir l\u2019escola en un espai ple de m\u00e0gia, cultura i emoci\u00f3. <strong>Roses, llibres i llegendes<\/strong> van omplir cada rac\u00f3, creant un ambient c\u00e0lid i acollidor on la tradici\u00f3 es va viure amb intensitat i estima. Va ser una jornada per compartir, crear i emocionar-se plegats, on la literatura va esdevenir el fil conductor d\u2019experi\u00e8ncies \u00faniques.<\/p>\n<p style=\"text-align: justify;\" data-start=\"441\" data-end=\"728\">Al llarg del dia, cada etapa educativa va celebrar la diada d\u2019una manera especial. A <strong>educaci\u00f3 infantil i prim\u00e0ria<\/strong>, l\u2019alumnat va representar la llegenda de Sant Jordi amb molta il\u00b7lusi\u00f3, omplint el m\u00f2dul de personatges i escenes que van fer viure la hist\u00f2ria amb entusiasme i creativitat.\ud83d\udc09\ud83c\udf39<\/p>\n<p style=\"text-align: justify;\" data-start=\"730\" data-end=\"1020\">A <strong>secund\u00e0ria<\/strong>, el mat\u00ed va estar dedicat a la creaci\u00f3 de manualitats inspirades en la diada. A la tarda, les aules es van reunir per compartir les <strong>ressenyes dels llibres<\/strong> treballats, generant un espai d\u2019intercanvi molt enriquidor que va donar lloc a un ambient literari i festiu molt especial.<\/p>\n<p style=\"text-align: justify;\" data-start=\"1022\" data-end=\"1544\">Un dels moments m\u00e9s destacats de la jornada va ser el p<strong>rograma especial de r\u00e0dio \ud83c\udf99\ufe0f<\/strong> de <strong>TVA<\/strong>, dedicat a Sant Jordi. L\u2019alumnat hi va participar compartint les seves experi\u00e8ncies lectores, com el cas del <em data-start=\"1219\" data-end=\"1249\">Mecanoscrit del segon origen<\/em>, aix\u00ed com recitant poemes d\u2019amor, de la diada i tamb\u00e9 inspirats en Gaud\u00ed, en el marc de l\u2019any dedicat a aquesta figura.<\/p>\n<p style=\"text-align: justify;\" data-start=\"1022\" data-end=\"1544\">Entre les diferents propostes liter\u00e0ries, tamb\u00e9 es va compartir aquest <strong>poema adaptat amb pictogrames, recitat per l\u2019alumnat de TVA a trav\u00e9s del comunicador<\/strong> (us l&#8217;adjuntem a continuaci\u00f3). Va ser un programa molt emotiu i participatiu, en qu\u00e8 es va fomentar el gust per la lectura i es va donar veu a tots els alumnes, que van gaudir-ne amb respecte i entusiasme.<\/p>\n\n\t\t<style type=\"text\/css\">\n\t\t\t#gallery-1 {\n\t\t\t\tmargin: auto;\n\t\t\t}\n\t\t\t#gallery-1 .gallery-item {\n\t\t\t\tfloat: left;\n\t\t\t\tmargin-top: 10px;\n\t\t\t\ttext-align: center;\n\t\t\t\twidth: 100%;\n\t\t\t}\n\t\t\t#gallery-1 img {\n\t\t\t\tborder: 2px solid #cfcfcf;\n\t\t\t}\n\t\t\t#gallery-1 .gallery-caption {\n\t\t\t\tmargin-left: 0;\n\t\t\t}\n\t\t\t\/* see gallery_shortcode() in wp-includes\/media.php *\/\n\t\t<\/style>\n\t\t<div id='gallery-1' class='gallery galleryid-5410 gallery-columns-1 gallery-size-large'><dl class='gallery-item'>\n\t\t\t<dt class='gallery-icon portrait'>\n\t\t\t\t<a href='https:\/\/agora.xtec.cat\/escolajeronidemoragas\/general\/diada-de-sant-jordi-%f0%9f%8c%b9%f0%9f%93%9a\/attachment\/poema-de-sant-jordi-26_aula-a3_page-0001\/'><img loading=\"lazy\" decoding=\"async\" width=\"724\" height=\"1024\" src=\"https:\/\/agora.xtec.cat\/escolajeronidemoragas\/wp-content\/uploads\/usu2509\/2026\/04\/Poema-de-Sant-Jordi-26_Aula-A3_page-0001-724x1024.jpg\" class=\"attachment-large size-large\" alt=\"\" srcset=\"https:\/\/agora.xtec.cat\/escolajeronidemoragas\/wp-content\/uploads\/usu2509\/2026\/04\/Poema-de-Sant-Jordi-26_Aula-A3_page-0001-724x1024.jpg 724w, https:\/\/agora.xtec.cat\/escolajeronidemoragas\/wp-content\/uploads\/usu2509\/2026\/04\/Poema-de-Sant-Jordi-26_Aula-A3_page-0001-212x300.jpg 212w, https:\/\/agora.xtec.cat\/escolajeronidemoragas\/wp-content\/uploads\/usu2509\/2026\/04\/Poema-de-Sant-Jordi-26_Aula-A3_page-0001-768x1086.jpg 768w, https:\/\/agora.xtec.cat\/escolajeronidemoragas\/wp-content\/uploads\/usu2509\/2026\/04\/Poema-de-Sant-Jordi-26_Aula-A3_page-0001-1086x1536.jpg 1086w, https:\/\/agora.xtec.cat\/escolajeronidemoragas\/wp-content\/uploads\/usu2509\/2026\/04\/Poema-de-Sant-Jordi-26_Aula-A3_page-0001.jpg 1241w\" sizes=\"auto, (max-width: 724px) 100vw, 724px\" \/><\/a>\n\t\t\t<\/dt><\/dl><br style=\"clear: both\" \/>\n\t\t<\/div>\n\n<p style=\"text-align: justify;\" data-start=\"1546\" data-end=\"1844\">Les aules m\u00e9s sensorials van viure la diada a trav\u00e9s dels sentits, amb un <strong>taller d\u2019espelmes<\/strong> d\u2019aromes i textures que va permetre experimentar-la d\u2019una manera vivencial. Tamb\u00e9 van gaudir d\u2019un conta-contes que els va explicar hist\u00f2ries magn\u00edfiques, despertant la imaginaci\u00f3 i l\u2019emoci\u00f3 de l\u2019alumnat. A m\u00e9s, es va treballar la llegenda de Sant Jordi amb recursos adaptats, afavorint la participaci\u00f3 de tot l\u2019alumnat.<\/p>\n<p style=\"text-align: justify;\" data-start=\"1846\" data-end=\"2145\">L\u2019alumnat <strong>d\u2019IFE<\/strong> va ser l\u2019encarregat d\u2019organitzar unes <strong>paradetes molt especials,<\/strong> amb llibres, roses, llibretes, manualitats i galetes elaborades per ells mateixos amb molta dedicaci\u00f3. Aquest espai es va convertir en el punt de trobada de tota la comunitat educativa, un lloc ple de vida i intercanvi.<\/p>\n<p style=\"text-align: justify;\" data-start=\"2147\" data-end=\"2378\">La jornada va culminar amb la trobada de tot l\u2019alumnat i el professorat al voltant de les paradetes, i amb l\u2019actuaci\u00f3 final de la <strong>coral d\u2019alumnes i mestres<\/strong>, que va posar un punt final emotiu a una diada plena de moments compartits.<\/p>\n<p style=\"text-align: justify;\" data-start=\"2380\" data-end=\"2618\" data-is-last-node=\"\" data-is-only-node=\"\">Un any m\u00e9s, Sant Jordi ha estat una celebraci\u00f3 que ha omplert l\u2019escola de paraules, emocions i petits grans moments que quedaran al record. Perqu\u00e8, <strong>m\u00e9s enll\u00e0 de la tradici\u00f3, \u00e9s una diada que convida a viure la literatura i a compartir-la\u2764\ufe0f<\/strong><\/p>\n\n\t\t<style type=\"text\/css\">\n\t\t\t#gallery-2 {\n\t\t\t\tmargin: auto;\n\t\t\t}\n\t\t\t#gallery-2 .gallery-item {\n\t\t\t\tfloat: left;\n\t\t\t\tmargin-top: 10px;\n\t\t\t\ttext-align: center;\n\t\t\t\twidth: 33%;\n\t\t\t}\n\t\t\t#gallery-2 img {\n\t\t\t\tborder: 2px solid #cfcfcf;\n\t\t\t}\n\t\t\t#gallery-2 .gallery-caption {\n\t\t\t\tmargin-left: 0;\n\t\t\t}\n\t\t\t\/* see gallery_shortcode() in wp-includes\/media.php *\/\n\t\t<\/style>\n\t\t<div id='gallery-2' class='gallery galleryid-5410 gallery-columns-3 gallery-size-large'><dl class='gallery-item'>\n\t\t\t<dt class='gallery-icon portrait'>\n\t\t\t\t<a href='https:\/\/agora.xtec.cat\/escolajeronidemoragas\/general\/diada-de-sant-jordi-%f0%9f%8c%b9%f0%9f%93%9a\/attachment\/save_20260424_070344_11_11zon\/'><img loading=\"lazy\" decoding=\"async\" width=\"768\" height=\"1024\" src=\"https:\/\/agora.xtec.cat\/escolajeronidemoragas\/wp-content\/uploads\/usu2509\/2026\/04\/SAVE_20260424_070344_11_11zon-768x1024.jpg\" class=\"attachment-large size-large\" alt=\"\" srcset=\"https:\/\/agora.xtec.cat\/escolajeronidemoragas\/wp-content\/uploads\/usu2509\/2026\/04\/SAVE_20260424_070344_11_11zon-768x1024.jpg 768w, https:\/\/agora.xtec.cat\/escolajeronidemoragas\/wp-content\/uploads\/usu2509\/2026\/04\/SAVE_20260424_070344_11_11zon-225x300.jpg 225w, https:\/\/agora.xtec.cat\/escolajeronidemoragas\/wp-content\/uploads\/usu2509\/2026\/04\/SAVE_20260424_070344_11_11zon-1152x1536.jpg 1152w, https:\/\/agora.xtec.cat\/escolajeronidemoragas\/wp-content\/uploads\/usu2509\/2026\/04\/SAVE_20260424_070344_11_11zon.jpg 1200w\" sizes=\"auto, (max-width: 768px) 100vw, 768px\" \/><\/a>\n\t\t\t<\/dt><\/dl><dl class='gallery-item'>\n\t\t\t<dt class='gallery-icon portrait'>\n\t\t\t\t<a href='https:\/\/agora.xtec.cat\/escolajeronidemoragas\/general\/diada-de-sant-jordi-%f0%9f%8c%b9%f0%9f%93%9a\/attachment\/img_20260423_104917_5_11zon\/'><img loading=\"lazy\" decoding=\"async\" width=\"771\" height=\"1024\" src=\"https:\/\/agora.xtec.cat\/escolajeronidemoragas\/wp-content\/uploads\/usu2509\/2026\/04\/IMG_20260423_104917_5_11zon-771x1024.jpg\" class=\"attachment-large size-large\" alt=\"\" srcset=\"https:\/\/agora.xtec.cat\/escolajeronidemoragas\/wp-content\/uploads\/usu2509\/2026\/04\/IMG_20260423_104917_5_11zon-771x1024.jpg 771w, https:\/\/agora.xtec.cat\/escolajeronidemoragas\/wp-content\/uploads\/usu2509\/2026\/04\/IMG_20260423_104917_5_11zon-226x300.jpg 226w, https:\/\/agora.xtec.cat\/escolajeronidemoragas\/wp-content\/uploads\/usu2509\/2026\/04\/IMG_20260423_104917_5_11zon-768x1020.jpg 768w, https:\/\/agora.xtec.cat\/escolajeronidemoragas\/wp-content\/uploads\/usu2509\/2026\/04\/IMG_20260423_104917_5_11zon-1157x1536.jpg 1157w, https:\/\/agora.xtec.cat\/escolajeronidemoragas\/wp-content\/uploads\/usu2509\/2026\/04\/IMG_20260423_104917_5_11zon-1542x2048.jpg 1542w, https:\/\/agora.xtec.cat\/escolajeronidemoragas\/wp-content\/uploads\/usu2509\/2026\/04\/IMG_20260423_104917_5_11zon-scaled.jpg 1928w\" sizes=\"auto, (max-width: 771px) 100vw, 771px\" \/><\/a>\n\t\t\t<\/dt><\/dl><dl class='gallery-item'>\n\t\t\t<dt class='gallery-icon portrait'>\n\t\t\t\t<a href='https:\/\/agora.xtec.cat\/escolajeronidemoragas\/general\/diada-de-sant-jordi-%f0%9f%8c%b9%f0%9f%93%9a\/attachment\/img_20260423_110125_7_11zon\/'><img loading=\"lazy\" decoding=\"async\" width=\"771\" height=\"1024\" src=\"https:\/\/agora.xtec.cat\/escolajeronidemoragas\/wp-content\/uploads\/usu2509\/2026\/04\/IMG_20260423_110125_7_11zon-771x1024.jpg\" class=\"attachment-large size-large\" alt=\"\" srcset=\"https:\/\/agora.xtec.cat\/escolajeronidemoragas\/wp-content\/uploads\/usu2509\/2026\/04\/IMG_20260423_110125_7_11zon-771x1024.jpg 771w, https:\/\/agora.xtec.cat\/escolajeronidemoragas\/wp-content\/uploads\/usu2509\/2026\/04\/IMG_20260423_110125_7_11zon-226x300.jpg 226w, https:\/\/agora.xtec.cat\/escolajeronidemoragas\/wp-content\/uploads\/usu2509\/2026\/04\/IMG_20260423_110125_7_11zon-768x1020.jpg 768w, https:\/\/agora.xtec.cat\/escolajeronidemoragas\/wp-content\/uploads\/usu2509\/2026\/04\/IMG_20260423_110125_7_11zon-1157x1536.jpg 1157w, https:\/\/agora.xtec.cat\/escolajeronidemoragas\/wp-content\/uploads\/usu2509\/2026\/04\/IMG_20260423_110125_7_11zon-1542x2048.jpg 1542w, https:\/\/agora.xtec.cat\/escolajeronidemoragas\/wp-content\/uploads\/usu2509\/2026\/04\/IMG_20260423_110125_7_11zon-scaled.jpg 1928w\" sizes=\"auto, (max-width: 771px) 100vw, 771px\" \/><\/a>\n\t\t\t<\/dt><\/dl><br style=\"clear: both\" \/><dl class='gallery-item'>\n\t\t\t<dt class='gallery-icon portrait'>\n\t\t\t\t<a href='https:\/\/agora.xtec.cat\/escolajeronidemoragas\/general\/diada-de-sant-jordi-%f0%9f%8c%b9%f0%9f%93%9a\/attachment\/img_20260423_111535_8_11zon\/'><img loading=\"lazy\" decoding=\"async\" width=\"771\" height=\"1024\" src=\"https:\/\/agora.xtec.cat\/escolajeronidemoragas\/wp-content\/uploads\/usu2509\/2026\/04\/IMG_20260423_111535_8_11zon-771x1024.jpg\" class=\"attachment-large size-large\" alt=\"\" srcset=\"https:\/\/agora.xtec.cat\/escolajeronidemoragas\/wp-content\/uploads\/usu2509\/2026\/04\/IMG_20260423_111535_8_11zon-771x1024.jpg 771w, https:\/\/agora.xtec.cat\/escolajeronidemoragas\/wp-content\/uploads\/usu2509\/2026\/04\/IMG_20260423_111535_8_11zon-226x300.jpg 226w, https:\/\/agora.xtec.cat\/escolajeronidemoragas\/wp-content\/uploads\/usu2509\/2026\/04\/IMG_20260423_111535_8_11zon-768x1020.jpg 768w, https:\/\/agora.xtec.cat\/escolajeronidemoragas\/wp-content\/uploads\/usu2509\/2026\/04\/IMG_20260423_111535_8_11zon-1157x1536.jpg 1157w, https:\/\/agora.xtec.cat\/escolajeronidemoragas\/wp-content\/uploads\/usu2509\/2026\/04\/IMG_20260423_111535_8_11zon-1542x2048.jpg 1542w, https:\/\/agora.xtec.cat\/escolajeronidemoragas\/wp-content\/uploads\/usu2509\/2026\/04\/IMG_20260423_111535_8_11zon-scaled.jpg 1928w\" sizes=\"auto, (max-width: 771px) 100vw, 771px\" \/><\/a>\n\t\t\t<\/dt><\/dl><dl class='gallery-item'>\n\t\t\t<dt class='gallery-icon landscape'>\n\t\t\t\t<a href='https:\/\/agora.xtec.cat\/escolajeronidemoragas\/general\/diada-de-sant-jordi-%f0%9f%8c%b9%f0%9f%93%9a\/attachment\/img_20260423_112323_2_11zon\/'><img loading=\"lazy\" decoding=\"async\" width=\"1024\" height=\"668\" src=\"https:\/\/agora.xtec.cat\/escolajeronidemoragas\/wp-content\/uploads\/usu2509\/2026\/04\/IMG_20260423_112323_2_11zon-1024x668.jpg\" class=\"attachment-large size-large\" alt=\"\" srcset=\"https:\/\/agora.xtec.cat\/escolajeronidemoragas\/wp-content\/uploads\/usu2509\/2026\/04\/IMG_20260423_112323_2_11zon-1024x668.jpg 1024w, https:\/\/agora.xtec.cat\/escolajeronidemoragas\/wp-content\/uploads\/usu2509\/2026\/04\/IMG_20260423_112323_2_11zon-300x196.jpg 300w, https:\/\/agora.xtec.cat\/escolajeronidemoragas\/wp-content\/uploads\/usu2509\/2026\/04\/IMG_20260423_112323_2_11zon-768x501.jpg 768w, https:\/\/agora.xtec.cat\/escolajeronidemoragas\/wp-content\/uploads\/usu2509\/2026\/04\/IMG_20260423_112323_2_11zon-1536x1001.jpg 1536w, https:\/\/agora.xtec.cat\/escolajeronidemoragas\/wp-content\/uploads\/usu2509\/2026\/04\/IMG_20260423_112323_2_11zon-2048x1335.jpg 2048w\" sizes=\"auto, (max-width: 1024px) 100vw, 1024px\" \/><\/a>\n\t\t\t<\/dt><\/dl><dl class='gallery-item'>\n\t\t\t<dt class='gallery-icon portrait'>\n\t\t\t\t<a href='https:\/\/agora.xtec.cat\/escolajeronidemoragas\/general\/diada-de-sant-jordi-%f0%9f%8c%b9%f0%9f%93%9a\/attachment\/img-20260423-wa0055_9_11zon\/'><img loading=\"lazy\" decoding=\"async\" width=\"768\" height=\"1024\" src=\"https:\/\/agora.xtec.cat\/escolajeronidemoragas\/wp-content\/uploads\/usu2509\/2026\/04\/IMG-20260423-WA0055_9_11zon-768x1024.jpg\" class=\"attachment-large size-large\" alt=\"\" srcset=\"https:\/\/agora.xtec.cat\/escolajeronidemoragas\/wp-content\/uploads\/usu2509\/2026\/04\/IMG-20260423-WA0055_9_11zon-768x1024.jpg 768w, https:\/\/agora.xtec.cat\/escolajeronidemoragas\/wp-content\/uploads\/usu2509\/2026\/04\/IMG-20260423-WA0055_9_11zon-225x300.jpg 225w, https:\/\/agora.xtec.cat\/escolajeronidemoragas\/wp-content\/uploads\/usu2509\/2026\/04\/IMG-20260423-WA0055_9_11zon-1152x1536.jpg 1152w, https:\/\/agora.xtec.cat\/escolajeronidemoragas\/wp-content\/uploads\/usu2509\/2026\/04\/IMG-20260423-WA0055_9_11zon.jpg 1200w\" sizes=\"auto, (max-width: 768px) 100vw, 768px\" \/><\/a>\n\t\t\t<\/dt><\/dl><br style=\"clear: both\" \/><dl class='gallery-item'>\n\t\t\t<dt class='gallery-icon portrait'>\n\t\t\t\t<a href='https:\/\/agora.xtec.cat\/escolajeronidemoragas\/general\/diada-de-sant-jordi-%f0%9f%8c%b9%f0%9f%93%9a\/attachment\/save_20260424_070328_10_11zon\/'><img loading=\"lazy\" decoding=\"async\" width=\"768\" height=\"1024\" src=\"https:\/\/agora.xtec.cat\/escolajeronidemoragas\/wp-content\/uploads\/usu2509\/2026\/04\/SAVE_20260424_070328_10_11zon-768x1024.jpg\" class=\"attachment-large size-large\" alt=\"\" srcset=\"https:\/\/agora.xtec.cat\/escolajeronidemoragas\/wp-content\/uploads\/usu2509\/2026\/04\/SAVE_20260424_070328_10_11zon-768x1024.jpg 768w, https:\/\/agora.xtec.cat\/escolajeronidemoragas\/wp-content\/uploads\/usu2509\/2026\/04\/SAVE_20260424_070328_10_11zon-225x300.jpg 225w, https:\/\/agora.xtec.cat\/escolajeronidemoragas\/wp-content\/uploads\/usu2509\/2026\/04\/SAVE_20260424_070328_10_11zon-1152x1536.jpg 1152w, https:\/\/agora.xtec.cat\/escolajeronidemoragas\/wp-content\/uploads\/usu2509\/2026\/04\/SAVE_20260424_070328_10_11zon.jpg 1200w\" sizes=\"auto, (max-width: 768px) 100vw, 768px\" \/><\/a>\n\t\t\t<\/dt><\/dl><dl class='gallery-item'>\n\t\t\t<dt class='gallery-icon portrait'>\n\t\t\t\t<a href='https:\/\/agora.xtec.cat\/escolajeronidemoragas\/general\/diada-de-sant-jordi-%f0%9f%8c%b9%f0%9f%93%9a\/attachment\/20260423_111940_13_11zon\/'><img loading=\"lazy\" decoding=\"async\" width=\"768\" height=\"1024\" src=\"https:\/\/agora.xtec.cat\/escolajeronidemoragas\/wp-content\/uploads\/usu2509\/2026\/04\/20260423_111940_13_11zon-768x1024.jpg\" class=\"attachment-large size-large\" alt=\"\" srcset=\"https:\/\/agora.xtec.cat\/escolajeronidemoragas\/wp-content\/uploads\/usu2509\/2026\/04\/20260423_111940_13_11zon-768x1024.jpg 768w, https:\/\/agora.xtec.cat\/escolajeronidemoragas\/wp-content\/uploads\/usu2509\/2026\/04\/20260423_111940_13_11zon-225x300.jpg 225w, https:\/\/agora.xtec.cat\/escolajeronidemoragas\/wp-content\/uploads\/usu2509\/2026\/04\/20260423_111940_13_11zon-1152x1536.jpg 1152w, https:\/\/agora.xtec.cat\/escolajeronidemoragas\/wp-content\/uploads\/usu2509\/2026\/04\/20260423_111940_13_11zon-1536x2048.jpg 1536w, https:\/\/agora.xtec.cat\/escolajeronidemoragas\/wp-content\/uploads\/usu2509\/2026\/04\/20260423_111940_13_11zon-scaled.jpg 1920w\" sizes=\"auto, (max-width: 768px) 100vw, 768px\" \/><\/a>\n\t\t\t<\/dt><\/dl><dl class='gallery-item'>\n\t\t\t<dt class='gallery-icon landscape'>\n\t\t\t\t<a href='https:\/\/agora.xtec.cat\/escolajeronidemoragas\/general\/diada-de-sant-jordi-%f0%9f%8c%b9%f0%9f%93%9a\/attachment\/20260423_104151_1_11zon\/'><img loading=\"lazy\" decoding=\"async\" width=\"1024\" height=\"768\" src=\"https:\/\/agora.xtec.cat\/escolajeronidemoragas\/wp-content\/uploads\/usu2509\/2026\/04\/20260423_104151_1_11zon-1024x768.jpg\" class=\"attachment-large size-large\" alt=\"\" srcset=\"https:\/\/agora.xtec.cat\/escolajeronidemoragas\/wp-content\/uploads\/usu2509\/2026\/04\/20260423_104151_1_11zon-1024x768.jpg 1024w, https:\/\/agora.xtec.cat\/escolajeronidemoragas\/wp-content\/uploads\/usu2509\/2026\/04\/20260423_104151_1_11zon-300x225.jpg 300w, https:\/\/agora.xtec.cat\/escolajeronidemoragas\/wp-content\/uploads\/usu2509\/2026\/04\/20260423_104151_1_11zon-768x576.jpg 768w, https:\/\/agora.xtec.cat\/escolajeronidemoragas\/wp-content\/uploads\/usu2509\/2026\/04\/20260423_104151_1_11zon-1536x1152.jpg 1536w, https:\/\/agora.xtec.cat\/escolajeronidemoragas\/wp-content\/uploads\/usu2509\/2026\/04\/20260423_104151_1_11zon-2048x1536.jpg 2048w, https:\/\/agora.xtec.cat\/escolajeronidemoragas\/wp-content\/uploads\/usu2509\/2026\/04\/20260423_104151_1_11zon-200x150.jpg 200w\" sizes=\"auto, (max-width: 1024px) 100vw, 1024px\" \/><\/a>\n\t\t\t<\/dt><\/dl><br style=\"clear: both\" \/><dl class='gallery-item'>\n\t\t\t<dt class='gallery-icon landscape'>\n\t\t\t\t<a href='https:\/\/agora.xtec.cat\/escolajeronidemoragas\/general\/diada-de-sant-jordi-%f0%9f%8c%b9%f0%9f%93%9a\/attachment\/img_20260423_104924_6_11zon\/'><img loading=\"lazy\" decoding=\"async\" width=\"1024\" height=\"771\" src=\"https:\/\/agora.xtec.cat\/escolajeronidemoragas\/wp-content\/uploads\/usu2509\/2026\/04\/IMG_20260423_104924_6_11zon-1024x771.jpg\" class=\"attachment-large size-large\" alt=\"\" srcset=\"https:\/\/agora.xtec.cat\/escolajeronidemoragas\/wp-content\/uploads\/usu2509\/2026\/04\/IMG_20260423_104924_6_11zon-1024x771.jpg 1024w, https:\/\/agora.xtec.cat\/escolajeronidemoragas\/wp-content\/uploads\/usu2509\/2026\/04\/IMG_20260423_104924_6_11zon-300x226.jpg 300w, https:\/\/agora.xtec.cat\/escolajeronidemoragas\/wp-content\/uploads\/usu2509\/2026\/04\/IMG_20260423_104924_6_11zon-768x578.jpg 768w, https:\/\/agora.xtec.cat\/escolajeronidemoragas\/wp-content\/uploads\/usu2509\/2026\/04\/IMG_20260423_104924_6_11zon-1536x1157.jpg 1536w, https:\/\/agora.xtec.cat\/escolajeronidemoragas\/wp-content\/uploads\/usu2509\/2026\/04\/IMG_20260423_104924_6_11zon-2048x1542.jpg 2048w, https:\/\/agora.xtec.cat\/escolajeronidemoragas\/wp-content\/uploads\/usu2509\/2026\/04\/IMG_20260423_104924_6_11zon-200x150.jpg 200w\" sizes=\"auto, (max-width: 1024px) 100vw, 1024px\" \/><\/a>\n\t\t\t<\/dt><\/dl><dl class='gallery-item'>\n\t\t\t<dt class='gallery-icon landscape'>\n\t\t\t\t<a href='https:\/\/agora.xtec.cat\/escolajeronidemoragas\/general\/diada-de-sant-jordi-%f0%9f%8c%b9%f0%9f%93%9a\/attachment\/20260423_104231_2_11zon\/'><img loading=\"lazy\" decoding=\"async\" width=\"1024\" height=\"768\" src=\"https:\/\/agora.xtec.cat\/escolajeronidemoragas\/wp-content\/uploads\/usu2509\/2026\/04\/20260423_104231_2_11zon-1024x768.jpg\" class=\"attachment-large size-large\" alt=\"\" srcset=\"https:\/\/agora.xtec.cat\/escolajeronidemoragas\/wp-content\/uploads\/usu2509\/2026\/04\/20260423_104231_2_11zon-1024x768.jpg 1024w, https:\/\/agora.xtec.cat\/escolajeronidemoragas\/wp-content\/uploads\/usu2509\/2026\/04\/20260423_104231_2_11zon-300x225.jpg 300w, https:\/\/agora.xtec.cat\/escolajeronidemoragas\/wp-content\/uploads\/usu2509\/2026\/04\/20260423_104231_2_11zon-768x576.jpg 768w, https:\/\/agora.xtec.cat\/escolajeronidemoragas\/wp-content\/uploads\/usu2509\/2026\/04\/20260423_104231_2_11zon-1536x1152.jpg 1536w, https:\/\/agora.xtec.cat\/escolajeronidemoragas\/wp-content\/uploads\/usu2509\/2026\/04\/20260423_104231_2_11zon-2048x1536.jpg 2048w, https:\/\/agora.xtec.cat\/escolajeronidemoragas\/wp-content\/uploads\/usu2509\/2026\/04\/20260423_104231_2_11zon-200x150.jpg 200w\" sizes=\"auto, (max-width: 1024px) 100vw, 1024px\" \/><\/a>\n\t\t\t<\/dt><\/dl><dl class='gallery-item'>\n\t\t\t<dt class='gallery-icon landscape'>\n\t\t\t\t<a href='https:\/\/agora.xtec.cat\/escolajeronidemoragas\/general\/diada-de-sant-jordi-%f0%9f%8c%b9%f0%9f%93%9a\/attachment\/20260423_104303_3_11zon\/'><img loading=\"lazy\" decoding=\"async\" width=\"1024\" height=\"768\" src=\"https:\/\/agora.xtec.cat\/escolajeronidemoragas\/wp-content\/uploads\/usu2509\/2026\/04\/20260423_104303_3_11zon-1024x768.jpg\" class=\"attachment-large size-large\" alt=\"\" srcset=\"https:\/\/agora.xtec.cat\/escolajeronidemoragas\/wp-content\/uploads\/usu2509\/2026\/04\/20260423_104303_3_11zon-1024x768.jpg 1024w, https:\/\/agora.xtec.cat\/escolajeronidemoragas\/wp-content\/uploads\/usu2509\/2026\/04\/20260423_104303_3_11zon-300x225.jpg 300w, https:\/\/agora.xtec.cat\/escolajeronidemoragas\/wp-content\/uploads\/usu2509\/2026\/04\/20260423_104303_3_11zon-768x576.jpg 768w, https:\/\/agora.xtec.cat\/escolajeronidemoragas\/wp-content\/uploads\/usu2509\/2026\/04\/20260423_104303_3_11zon-1536x1152.jpg 1536w, https:\/\/agora.xtec.cat\/escolajeronidemoragas\/wp-content\/uploads\/usu2509\/2026\/04\/20260423_104303_3_11zon-2048x1536.jpg 2048w, https:\/\/agora.xtec.cat\/escolajeronidemoragas\/wp-content\/uploads\/usu2509\/2026\/04\/20260423_104303_3_11zon-200x150.jpg 200w\" sizes=\"auto, (max-width: 1024px) 100vw, 1024px\" \/><\/a>\n\t\t\t<\/dt><\/dl><br style=\"clear: both\" \/><dl class='gallery-item'>\n\t\t\t<dt class='gallery-icon landscape'>\n\t\t\t\t<a href='https:\/\/agora.xtec.cat\/escolajeronidemoragas\/general\/diada-de-sant-jordi-%f0%9f%8c%b9%f0%9f%93%9a\/attachment\/20260423_105838_1_11zon\/'><img loading=\"lazy\" decoding=\"async\" width=\"1024\" height=\"857\" src=\"https:\/\/agora.xtec.cat\/escolajeronidemoragas\/wp-content\/uploads\/usu2509\/2026\/04\/20260423_105838_1_11zon-1024x857.jpg\" class=\"attachment-large size-large\" alt=\"\" srcset=\"https:\/\/agora.xtec.cat\/escolajeronidemoragas\/wp-content\/uploads\/usu2509\/2026\/04\/20260423_105838_1_11zon-1024x857.jpg 1024w, https:\/\/agora.xtec.cat\/escolajeronidemoragas\/wp-content\/uploads\/usu2509\/2026\/04\/20260423_105838_1_11zon-300x250.jpg 300w, https:\/\/agora.xtec.cat\/escolajeronidemoragas\/wp-content\/uploads\/usu2509\/2026\/04\/20260423_105838_1_11zon-768x643.jpg 768w, https:\/\/agora.xtec.cat\/escolajeronidemoragas\/wp-content\/uploads\/usu2509\/2026\/04\/20260423_105838_1_11zon-1536x1286.jpg 1536w, https:\/\/agora.xtec.cat\/escolajeronidemoragas\/wp-content\/uploads\/usu2509\/2026\/04\/20260423_105838_1_11zon-2048x1715.jpg 2048w\" sizes=\"auto, (max-width: 1024px) 100vw, 1024px\" \/><\/a>\n\t\t\t<\/dt><\/dl><dl class='gallery-item'>\n\t\t\t<dt class='gallery-icon landscape'>\n\t\t\t\t<a href='https:\/\/agora.xtec.cat\/escolajeronidemoragas\/general\/diada-de-sant-jordi-%f0%9f%8c%b9%f0%9f%93%9a\/attachment\/20260423_110229_4_11zon\/'><img loading=\"lazy\" decoding=\"async\" width=\"1024\" height=\"728\" src=\"https:\/\/agora.xtec.cat\/escolajeronidemoragas\/wp-content\/uploads\/usu2509\/2026\/04\/20260423_110229_4_11zon-1024x728.jpg\" class=\"attachment-large size-large\" alt=\"\" srcset=\"https:\/\/agora.xtec.cat\/escolajeronidemoragas\/wp-content\/uploads\/usu2509\/2026\/04\/20260423_110229_4_11zon-1024x728.jpg 1024w, https:\/\/agora.xtec.cat\/escolajeronidemoragas\/wp-content\/uploads\/usu2509\/2026\/04\/20260423_110229_4_11zon-300x213.jpg 300w, https:\/\/agora.xtec.cat\/escolajeronidemoragas\/wp-content\/uploads\/usu2509\/2026\/04\/20260423_110229_4_11zon-768x546.jpg 768w, https:\/\/agora.xtec.cat\/escolajeronidemoragas\/wp-content\/uploads\/usu2509\/2026\/04\/20260423_110229_4_11zon-1536x1092.jpg 1536w, https:\/\/agora.xtec.cat\/escolajeronidemoragas\/wp-content\/uploads\/usu2509\/2026\/04\/20260423_110229_4_11zon-2048x1455.jpg 2048w\" sizes=\"auto, (max-width: 1024px) 100vw, 1024px\" \/><\/a>\n\t\t\t<\/dt><\/dl><dl class='gallery-item'>\n\t\t\t<dt class='gallery-icon portrait'>\n\t\t\t\t<a href='https:\/\/agora.xtec.cat\/escolajeronidemoragas\/general\/diada-de-sant-jordi-%f0%9f%8c%b9%f0%9f%93%9a\/attachment\/20260423_110427-1_5_11zon\/'><img loading=\"lazy\" decoding=\"async\" width=\"768\" height=\"1024\" src=\"https:\/\/agora.xtec.cat\/escolajeronidemoragas\/wp-content\/uploads\/usu2509\/2026\/04\/20260423_110427-1_5_11zon-768x1024.jpg\" class=\"attachment-large size-large\" alt=\"\" srcset=\"https:\/\/agora.xtec.cat\/escolajeronidemoragas\/wp-content\/uploads\/usu2509\/2026\/04\/20260423_110427-1_5_11zon-768x1024.jpg 768w, https:\/\/agora.xtec.cat\/escolajeronidemoragas\/wp-content\/uploads\/usu2509\/2026\/04\/20260423_110427-1_5_11zon-225x300.jpg 225w, https:\/\/agora.xtec.cat\/escolajeronidemoragas\/wp-content\/uploads\/usu2509\/2026\/04\/20260423_110427-1_5_11zon-1152x1536.jpg 1152w, https:\/\/agora.xtec.cat\/escolajeronidemoragas\/wp-content\/uploads\/usu2509\/2026\/04\/20260423_110427-1_5_11zon-1536x2048.jpg 1536w, https:\/\/agora.xtec.cat\/escolajeronidemoragas\/wp-content\/uploads\/usu2509\/2026\/04\/20260423_110427-1_5_11zon-scaled.jpg 1920w\" sizes=\"auto, (max-width: 768px) 100vw, 768px\" \/><\/a>\n\t\t\t<\/dt><\/dl><br style=\"clear: both\" \/><dl class='gallery-item'>\n\t\t\t<dt class='gallery-icon portrait'>\n\t\t\t\t<a href='https:\/\/agora.xtec.cat\/escolajeronidemoragas\/general\/diada-de-sant-jordi-%f0%9f%8c%b9%f0%9f%93%9a\/attachment\/20260423_110849_8_11zon\/'><img loading=\"lazy\" decoding=\"async\" width=\"768\" height=\"1024\" src=\"https:\/\/agora.xtec.cat\/escolajeronidemoragas\/wp-content\/uploads\/usu2509\/2026\/04\/20260423_110849_8_11zon-768x1024.jpg\" class=\"attachment-large size-large\" alt=\"\" srcset=\"https:\/\/agora.xtec.cat\/escolajeronidemoragas\/wp-content\/uploads\/usu2509\/2026\/04\/20260423_110849_8_11zon-768x1024.jpg 768w, https:\/\/agora.xtec.cat\/escolajeronidemoragas\/wp-content\/uploads\/usu2509\/2026\/04\/20260423_110849_8_11zon-225x300.jpg 225w, https:\/\/agora.xtec.cat\/escolajeronidemoragas\/wp-content\/uploads\/usu2509\/2026\/04\/20260423_110849_8_11zon-1152x1536.jpg 1152w, https:\/\/agora.xtec.cat\/escolajeronidemoragas\/wp-content\/uploads\/usu2509\/2026\/04\/20260423_110849_8_11zon-1536x2048.jpg 1536w, https:\/\/agora.xtec.cat\/escolajeronidemoragas\/wp-content\/uploads\/usu2509\/2026\/04\/20260423_110849_8_11zon-scaled.jpg 1920w\" sizes=\"auto, (max-width: 768px) 100vw, 768px\" \/><\/a>\n\t\t\t<\/dt><\/dl><dl class='gallery-item'>\n\t\t\t<dt class='gallery-icon portrait'>\n\t\t\t\t<a href='https:\/\/agora.xtec.cat\/escolajeronidemoragas\/general\/diada-de-sant-jordi-%f0%9f%8c%b9%f0%9f%93%9a\/attachment\/20260423_111142_9_11zon\/'><img loading=\"lazy\" decoding=\"async\" width=\"768\" height=\"1024\" src=\"https:\/\/agora.xtec.cat\/escolajeronidemoragas\/wp-content\/uploads\/usu2509\/2026\/04\/20260423_111142_9_11zon-768x1024.jpg\" class=\"attachment-large size-large\" alt=\"\" srcset=\"https:\/\/agora.xtec.cat\/escolajeronidemoragas\/wp-content\/uploads\/usu2509\/2026\/04\/20260423_111142_9_11zon-768x1024.jpg 768w, https:\/\/agora.xtec.cat\/escolajeronidemoragas\/wp-content\/uploads\/usu2509\/2026\/04\/20260423_111142_9_11zon-225x300.jpg 225w, https:\/\/agora.xtec.cat\/escolajeronidemoragas\/wp-content\/uploads\/usu2509\/2026\/04\/20260423_111142_9_11zon-1152x1536.jpg 1152w, https:\/\/agora.xtec.cat\/escolajeronidemoragas\/wp-content\/uploads\/usu2509\/2026\/04\/20260423_111142_9_11zon-1536x2048.jpg 1536w, https:\/\/agora.xtec.cat\/escolajeronidemoragas\/wp-content\/uploads\/usu2509\/2026\/04\/20260423_111142_9_11zon-scaled.jpg 1920w\" sizes=\"auto, (max-width: 768px) 100vw, 768px\" \/><\/a>\n\t\t\t<\/dt><\/dl><dl class='gallery-item'>\n\t\t\t<dt class='gallery-icon portrait'>\n\t\t\t\t<a href='https:\/\/agora.xtec.cat\/escolajeronidemoragas\/general\/diada-de-sant-jordi-%f0%9f%8c%b9%f0%9f%93%9a\/attachment\/20260423_111146_10_11zon\/'><img loading=\"lazy\" decoding=\"async\" width=\"768\" height=\"1024\" src=\"https:\/\/agora.xtec.cat\/escolajeronidemoragas\/wp-content\/uploads\/usu2509\/2026\/04\/20260423_111146_10_11zon-768x1024.jpg\" class=\"attachment-large size-large\" alt=\"\" srcset=\"https:\/\/agora.xtec.cat\/escolajeronidemoragas\/wp-content\/uploads\/usu2509\/2026\/04\/20260423_111146_10_11zon-768x1024.jpg 768w, https:\/\/agora.xtec.cat\/escolajeronidemoragas\/wp-content\/uploads\/usu2509\/2026\/04\/20260423_111146_10_11zon-225x300.jpg 225w, https:\/\/agora.xtec.cat\/escolajeronidemoragas\/wp-content\/uploads\/usu2509\/2026\/04\/20260423_111146_10_11zon-1152x1536.jpg 1152w, https:\/\/agora.xtec.cat\/escolajeronidemoragas\/wp-content\/uploads\/usu2509\/2026\/04\/20260423_111146_10_11zon-1536x2048.jpg 1536w, https:\/\/agora.xtec.cat\/escolajeronidemoragas\/wp-content\/uploads\/usu2509\/2026\/04\/20260423_111146_10_11zon-scaled.jpg 1920w\" sizes=\"auto, (max-width: 768px) 100vw, 768px\" \/><\/a>\n\t\t\t<\/dt><\/dl><br style=\"clear: both\" \/><dl class='gallery-item'>\n\t\t\t<dt class='gallery-icon portrait'>\n\t\t\t\t<a href='https:\/\/agora.xtec.cat\/escolajeronidemoragas\/general\/diada-de-sant-jordi-%f0%9f%8c%b9%f0%9f%93%9a\/attachment\/20260423_111734_11_11zon\/'><img loading=\"lazy\" decoding=\"async\" width=\"768\" height=\"1024\" src=\"https:\/\/agora.xtec.cat\/escolajeronidemoragas\/wp-content\/uploads\/usu2509\/2026\/04\/20260423_111734_11_11zon-768x1024.jpg\" class=\"attachment-large size-large\" alt=\"\" srcset=\"https:\/\/agora.xtec.cat\/escolajeronidemoragas\/wp-content\/uploads\/usu2509\/2026\/04\/20260423_111734_11_11zon-768x1024.jpg 768w, https:\/\/agora.xtec.cat\/escolajeronidemoragas\/wp-content\/uploads\/usu2509\/2026\/04\/20260423_111734_11_11zon-225x300.jpg 225w, https:\/\/agora.xtec.cat\/escolajeronidemoragas\/wp-content\/uploads\/usu2509\/2026\/04\/20260423_111734_11_11zon-1152x1536.jpg 1152w, https:\/\/agora.xtec.cat\/escolajeronidemoragas\/wp-content\/uploads\/usu2509\/2026\/04\/20260423_111734_11_11zon-1536x2048.jpg 1536w, https:\/\/agora.xtec.cat\/escolajeronidemoragas\/wp-content\/uploads\/usu2509\/2026\/04\/20260423_111734_11_11zon-scaled.jpg 1920w\" sizes=\"auto, (max-width: 768px) 100vw, 768px\" \/><\/a>\n\t\t\t<\/dt><\/dl><dl class='gallery-item'>\n\t\t\t<dt class='gallery-icon landscape'>\n\t\t\t\t<a href='https:\/\/agora.xtec.cat\/escolajeronidemoragas\/general\/diada-de-sant-jordi-%f0%9f%8c%b9%f0%9f%93%9a\/attachment\/bo_4_11zon\/'><img loading=\"lazy\" decoding=\"async\" width=\"1024\" height=\"700\" src=\"https:\/\/agora.xtec.cat\/escolajeronidemoragas\/wp-content\/uploads\/usu2509\/2026\/04\/bo_4_11zon-1024x700.jpg\" class=\"attachment-large size-large\" alt=\"\" srcset=\"https:\/\/agora.xtec.cat\/escolajeronidemoragas\/wp-content\/uploads\/usu2509\/2026\/04\/bo_4_11zon-1024x700.jpg 1024w, https:\/\/agora.xtec.cat\/escolajeronidemoragas\/wp-content\/uploads\/usu2509\/2026\/04\/bo_4_11zon-300x205.jpg 300w, https:\/\/agora.xtec.cat\/escolajeronidemoragas\/wp-content\/uploads\/usu2509\/2026\/04\/bo_4_11zon-768x525.jpg 768w, https:\/\/agora.xtec.cat\/escolajeronidemoragas\/wp-content\/uploads\/usu2509\/2026\/04\/bo_4_11zon-1536x1050.jpg 1536w, https:\/\/agora.xtec.cat\/escolajeronidemoragas\/wp-content\/uploads\/usu2509\/2026\/04\/bo_4_11zon-2048x1400.jpg 2048w\" sizes=\"auto, (max-width: 1024px) 100vw, 1024px\" \/><\/a>\n\t\t\t<\/dt><\/dl><dl class='gallery-item'>\n\t\t\t<dt class='gallery-icon portrait'>\n\t\t\t\t<a href='https:\/\/agora.xtec.cat\/escolajeronidemoragas\/general\/diada-de-sant-jordi-%f0%9f%8c%b9%f0%9f%93%9a\/attachment\/20260423_111856_12_11zon\/'><img loading=\"lazy\" decoding=\"async\" width=\"682\" height=\"1024\" src=\"https:\/\/agora.xtec.cat\/escolajeronidemoragas\/wp-content\/uploads\/usu2509\/2026\/04\/20260423_111856_12_11zon-682x1024.jpg\" class=\"attachment-large size-large\" alt=\"\" srcset=\"https:\/\/agora.xtec.cat\/escolajeronidemoragas\/wp-content\/uploads\/usu2509\/2026\/04\/20260423_111856_12_11zon-682x1024.jpg 682w, https:\/\/agora.xtec.cat\/escolajeronidemoragas\/wp-content\/uploads\/usu2509\/2026\/04\/20260423_111856_12_11zon-200x300.jpg 200w, https:\/\/agora.xtec.cat\/escolajeronidemoragas\/wp-content\/uploads\/usu2509\/2026\/04\/20260423_111856_12_11zon-768x1153.jpg 768w, https:\/\/agora.xtec.cat\/escolajeronidemoragas\/wp-content\/uploads\/usu2509\/2026\/04\/20260423_111856_12_11zon-1023x1536.jpg 1023w, https:\/\/agora.xtec.cat\/escolajeronidemoragas\/wp-content\/uploads\/usu2509\/2026\/04\/20260423_111856_12_11zon-1364x2048.jpg 1364w, https:\/\/agora.xtec.cat\/escolajeronidemoragas\/wp-content\/uploads\/usu2509\/2026\/04\/20260423_111856_12_11zon-scaled.jpg 1706w\" sizes=\"auto, (max-width: 682px) 100vw, 682px\" \/><\/a>\n\t\t\t<\/dt><\/dl><br style=\"clear: both\" \/><dl class='gallery-item'>\n\t\t\t<dt class='gallery-icon portrait'>\n\t\t\t\t<a href='https:\/\/agora.xtec.cat\/escolajeronidemoragas\/general\/diada-de-sant-jordi-%f0%9f%8c%b9%f0%9f%93%9a\/attachment\/20260423_112146_14_11zon\/'><img loading=\"lazy\" decoding=\"async\" width=\"768\" height=\"1024\" src=\"https:\/\/agora.xtec.cat\/escolajeronidemoragas\/wp-content\/uploads\/usu2509\/2026\/04\/20260423_112146_14_11zon-768x1024.jpg\" class=\"attachment-large size-large\" alt=\"\" srcset=\"https:\/\/agora.xtec.cat\/escolajeronidemoragas\/wp-content\/uploads\/usu2509\/2026\/04\/20260423_112146_14_11zon-768x1024.jpg 768w, https:\/\/agora.xtec.cat\/escolajeronidemoragas\/wp-content\/uploads\/usu2509\/2026\/04\/20260423_112146_14_11zon-225x300.jpg 225w, https:\/\/agora.xtec.cat\/escolajeronidemoragas\/wp-content\/uploads\/usu2509\/2026\/04\/20260423_112146_14_11zon-1152x1536.jpg 1152w, https:\/\/agora.xtec.cat\/escolajeronidemoragas\/wp-content\/uploads\/usu2509\/2026\/04\/20260423_112146_14_11zon-1536x2048.jpg 1536w, https:\/\/agora.xtec.cat\/escolajeronidemoragas\/wp-content\/uploads\/usu2509\/2026\/04\/20260423_112146_14_11zon-scaled.jpg 1920w\" sizes=\"auto, (max-width: 768px) 100vw, 768px\" \/><\/a>\n\t\t\t<\/dt><\/dl><dl class='gallery-item'>\n\t\t\t<dt class='gallery-icon landscape'>\n\t\t\t\t<a href='https:\/\/agora.xtec.cat\/escolajeronidemoragas\/general\/diada-de-sant-jordi-%f0%9f%8c%b9%f0%9f%93%9a\/attachment\/20260423_121851_15_11zon\/'><img loading=\"lazy\" decoding=\"async\" width=\"1024\" height=\"655\" src=\"https:\/\/agora.xtec.cat\/escolajeronidemoragas\/wp-content\/uploads\/usu2509\/2026\/04\/20260423_121851_15_11zon-1024x655.jpg\" class=\"attachment-large size-large\" alt=\"\" srcset=\"https:\/\/agora.xtec.cat\/escolajeronidemoragas\/wp-content\/uploads\/usu2509\/2026\/04\/20260423_121851_15_11zon-1024x655.jpg 1024w, https:\/\/agora.xtec.cat\/escolajeronidemoragas\/wp-content\/uploads\/usu2509\/2026\/04\/20260423_121851_15_11zon-300x192.jpg 300w, https:\/\/agora.xtec.cat\/escolajeronidemoragas\/wp-content\/uploads\/usu2509\/2026\/04\/20260423_121851_15_11zon-768x491.jpg 768w, https:\/\/agora.xtec.cat\/escolajeronidemoragas\/wp-content\/uploads\/usu2509\/2026\/04\/20260423_121851_15_11zon-1536x983.jpg 1536w, https:\/\/agora.xtec.cat\/escolajeronidemoragas\/wp-content\/uploads\/usu2509\/2026\/04\/20260423_121851_15_11zon-2048x1310.jpg 2048w\" sizes=\"auto, (max-width: 1024px) 100vw, 1024px\" \/><\/a>\n\t\t\t<\/dt><\/dl><dl class='gallery-item'>\n\t\t\t<dt class='gallery-icon landscape'>\n\t\t\t\t<a href='https:\/\/agora.xtec.cat\/escolajeronidemoragas\/general\/diada-de-sant-jordi-%f0%9f%8c%b9%f0%9f%93%9a\/attachment\/20260423_122027_1_11zon\/'><img loading=\"lazy\" decoding=\"async\" width=\"1024\" height=\"768\" src=\"https:\/\/agora.xtec.cat\/escolajeronidemoragas\/wp-content\/uploads\/usu2509\/2026\/04\/20260423_122027_1_11zon-1024x768.jpg\" class=\"attachment-large size-large\" alt=\"\" srcset=\"https:\/\/agora.xtec.cat\/escolajeronidemoragas\/wp-content\/uploads\/usu2509\/2026\/04\/20260423_122027_1_11zon-1024x768.jpg 1024w, https:\/\/agora.xtec.cat\/escolajeronidemoragas\/wp-content\/uploads\/usu2509\/2026\/04\/20260423_122027_1_11zon-300x225.jpg 300w, https:\/\/agora.xtec.cat\/escolajeronidemoragas\/wp-content\/uploads\/usu2509\/2026\/04\/20260423_122027_1_11zon-768x576.jpg 768w, https:\/\/agora.xtec.cat\/escolajeronidemoragas\/wp-content\/uploads\/usu2509\/2026\/04\/20260423_122027_1_11zon-1536x1152.jpg 1536w, https:\/\/agora.xtec.cat\/escolajeronidemoragas\/wp-content\/uploads\/usu2509\/2026\/04\/20260423_122027_1_11zon-2048x1536.jpg 2048w, https:\/\/agora.xtec.cat\/escolajeronidemoragas\/wp-content\/uploads\/usu2509\/2026\/04\/20260423_122027_1_11zon-200x150.jpg 200w\" sizes=\"auto, (max-width: 1024px) 100vw, 1024px\" \/><\/a>\n\t\t\t<\/dt><\/dl><br style=\"clear: both\" \/><dl class='gallery-item'>\n\t\t\t<dt class='gallery-icon landscape'>\n\t\t\t\t<a href='https:\/\/agora.xtec.cat\/escolajeronidemoragas\/general\/diada-de-sant-jordi-%f0%9f%8c%b9%f0%9f%93%9a\/attachment\/20260423_122034_2_11zon\/'><img loading=\"lazy\" decoding=\"async\" width=\"1024\" height=\"768\" src=\"https:\/\/agora.xtec.cat\/escolajeronidemoragas\/wp-content\/uploads\/usu2509\/2026\/04\/20260423_122034_2_11zon-1024x768.jpg\" class=\"attachment-large size-large\" alt=\"\" srcset=\"https:\/\/agora.xtec.cat\/escolajeronidemoragas\/wp-content\/uploads\/usu2509\/2026\/04\/20260423_122034_2_11zon-1024x768.jpg 1024w, https:\/\/agora.xtec.cat\/escolajeronidemoragas\/wp-content\/uploads\/usu2509\/2026\/04\/20260423_122034_2_11zon-300x225.jpg 300w, https:\/\/agora.xtec.cat\/escolajeronidemoragas\/wp-content\/uploads\/usu2509\/2026\/04\/20260423_122034_2_11zon-768x576.jpg 768w, https:\/\/agora.xtec.cat\/escolajeronidemoragas\/wp-content\/uploads\/usu2509\/2026\/04\/20260423_122034_2_11zon-1536x1152.jpg 1536w, https:\/\/agora.xtec.cat\/escolajeronidemoragas\/wp-content\/uploads\/usu2509\/2026\/04\/20260423_122034_2_11zon-2048x1536.jpg 2048w, https:\/\/agora.xtec.cat\/escolajeronidemoragas\/wp-content\/uploads\/usu2509\/2026\/04\/20260423_122034_2_11zon-200x150.jpg 200w\" sizes=\"auto, (max-width: 1024px) 100vw, 1024px\" \/><\/a>\n\t\t\t<\/dt><\/dl><dl class='gallery-item'>\n\t\t\t<dt class='gallery-icon portrait'>\n\t\t\t\t<a href='https:\/\/agora.xtec.cat\/escolajeronidemoragas\/general\/diada-de-sant-jordi-%f0%9f%8c%b9%f0%9f%93%9a\/attachment\/20260423_125805_3_11zon\/'><img loading=\"lazy\" decoding=\"async\" width=\"768\" height=\"1024\" src=\"https:\/\/agora.xtec.cat\/escolajeronidemoragas\/wp-content\/uploads\/usu2509\/2026\/04\/20260423_125805_3_11zon-768x1024.jpg\" class=\"attachment-large size-large\" alt=\"\" srcset=\"https:\/\/agora.xtec.cat\/escolajeronidemoragas\/wp-content\/uploads\/usu2509\/2026\/04\/20260423_125805_3_11zon-768x1024.jpg 768w, https:\/\/agora.xtec.cat\/escolajeronidemoragas\/wp-content\/uploads\/usu2509\/2026\/04\/20260423_125805_3_11zon-225x300.jpg 225w, https:\/\/agora.xtec.cat\/escolajeronidemoragas\/wp-content\/uploads\/usu2509\/2026\/04\/20260423_125805_3_11zon-1152x1536.jpg 1152w, https:\/\/agora.xtec.cat\/escolajeronidemoragas\/wp-content\/uploads\/usu2509\/2026\/04\/20260423_125805_3_11zon-1536x2048.jpg 1536w, https:\/\/agora.xtec.cat\/escolajeronidemoragas\/wp-content\/uploads\/usu2509\/2026\/04\/20260423_125805_3_11zon-scaled.jpg 1920w\" sizes=\"auto, (max-width: 768px) 100vw, 768px\" \/><\/a>\n\t\t\t<\/dt><\/dl><dl class='gallery-item'>\n\t\t\t<dt class='gallery-icon portrait'>\n\t\t\t\t<a href='https:\/\/agora.xtec.cat\/escolajeronidemoragas\/general\/diada-de-sant-jordi-%f0%9f%8c%b9%f0%9f%93%9a\/attachment\/7099b7b6-6f98-4ce0-8e35-70274ad414fe\/'><img loading=\"lazy\" decoding=\"async\" width=\"768\" height=\"1024\" src=\"https:\/\/agora.xtec.cat\/escolajeronidemoragas\/wp-content\/uploads\/usu2509\/2026\/04\/7099b7b6-6f98-4ce0-8e35-70274ad414fe-768x1024.jpg\" class=\"attachment-large size-large\" alt=\"\" srcset=\"https:\/\/agora.xtec.cat\/escolajeronidemoragas\/wp-content\/uploads\/usu2509\/2026\/04\/7099b7b6-6f98-4ce0-8e35-70274ad414fe-768x1024.jpg 768w, https:\/\/agora.xtec.cat\/escolajeronidemoragas\/wp-content\/uploads\/usu2509\/2026\/04\/7099b7b6-6f98-4ce0-8e35-70274ad414fe-225x300.jpg 225w, https:\/\/agora.xtec.cat\/escolajeronidemoragas\/wp-content\/uploads\/usu2509\/2026\/04\/7099b7b6-6f98-4ce0-8e35-70274ad414fe-1152x1536.jpg 1152w, https:\/\/agora.xtec.cat\/escolajeronidemoragas\/wp-content\/uploads\/usu2509\/2026\/04\/7099b7b6-6f98-4ce0-8e35-70274ad414fe.jpg 1200w\" sizes=\"auto, (max-width: 768px) 100vw, 768px\" \/><\/a>\n\t\t\t<\/dt><\/dl><br style=\"clear: both\" \/><dl class='gallery-item'>\n\t\t\t<dt class='gallery-icon portrait'>\n\t\t\t\t<a href='https:\/\/agora.xtec.cat\/escolajeronidemoragas\/general\/diada-de-sant-jordi-%f0%9f%8c%b9%f0%9f%93%9a\/attachment\/2e4fa957-ce58-406e-aca1-a7b28b02161d\/'><img loading=\"lazy\" decoding=\"async\" width=\"768\" height=\"1024\" src=\"https:\/\/agora.xtec.cat\/escolajeronidemoragas\/wp-content\/uploads\/usu2509\/2026\/04\/2e4fa957-ce58-406e-aca1-a7b28b02161d-768x1024.jpg\" class=\"attachment-large size-large\" alt=\"\" srcset=\"https:\/\/agora.xtec.cat\/escolajeronidemoragas\/wp-content\/uploads\/usu2509\/2026\/04\/2e4fa957-ce58-406e-aca1-a7b28b02161d-768x1024.jpg 768w, https:\/\/agora.xtec.cat\/escolajeronidemoragas\/wp-content\/uploads\/usu2509\/2026\/04\/2e4fa957-ce58-406e-aca1-a7b28b02161d-225x300.jpg 225w, https:\/\/agora.xtec.cat\/escolajeronidemoragas\/wp-content\/uploads\/usu2509\/2026\/04\/2e4fa957-ce58-406e-aca1-a7b28b02161d-1152x1536.jpg 1152w, https:\/\/agora.xtec.cat\/escolajeronidemoragas\/wp-content\/uploads\/usu2509\/2026\/04\/2e4fa957-ce58-406e-aca1-a7b28b02161d.jpg 1200w\" sizes=\"auto, (max-width: 768px) 100vw, 768px\" \/><\/a>\n\t\t\t<\/dt><\/dl><dl class='gallery-item'>\n\t\t\t<dt class='gallery-icon portrait'>\n\t\t\t\t<a href='https:\/\/agora.xtec.cat\/escolajeronidemoragas\/general\/diada-de-sant-jordi-%f0%9f%8c%b9%f0%9f%93%9a\/attachment\/whatsapp-image-2026-04-23-at-11-34-45\/'><img loading=\"lazy\" decoding=\"async\" width=\"768\" height=\"1024\" src=\"https:\/\/agora.xtec.cat\/escolajeronidemoragas\/wp-content\/uploads\/usu2509\/2026\/04\/WhatsApp-Image-2026-04-23-at-11.34.45-768x1024.jpeg\" class=\"attachment-large size-large\" alt=\"\" srcset=\"https:\/\/agora.xtec.cat\/escolajeronidemoragas\/wp-content\/uploads\/usu2509\/2026\/04\/WhatsApp-Image-2026-04-23-at-11.34.45-768x1024.jpeg 768w, https:\/\/agora.xtec.cat\/escolajeronidemoragas\/wp-content\/uploads\/usu2509\/2026\/04\/WhatsApp-Image-2026-04-23-at-11.34.45-225x300.jpeg 225w, https:\/\/agora.xtec.cat\/escolajeronidemoragas\/wp-content\/uploads\/usu2509\/2026\/04\/WhatsApp-Image-2026-04-23-at-11.34.45-1152x1536.jpeg 1152w, https:\/\/agora.xtec.cat\/escolajeronidemoragas\/wp-content\/uploads\/usu2509\/2026\/04\/WhatsApp-Image-2026-04-23-at-11.34.45.jpeg 1500w\" sizes=\"auto, (max-width: 768px) 100vw, 768px\" \/><\/a>\n\t\t\t<\/dt><\/dl><dl class='gallery-item'>\n\t\t\t<dt class='gallery-icon portrait'>\n\t\t\t\t<a href='https:\/\/agora.xtec.cat\/escolajeronidemoragas\/general\/diada-de-sant-jordi-%f0%9f%8c%b9%f0%9f%93%9a\/attachment\/whatsapp-image-2026-04-25-at-10-53-58-1\/'><img loading=\"lazy\" decoding=\"async\" width=\"932\" height=\"1024\" src=\"https:\/\/agora.xtec.cat\/escolajeronidemoragas\/wp-content\/uploads\/usu2509\/2026\/04\/WhatsApp-Image-2026-04-25-at-10.53.58-1-932x1024.jpeg\" class=\"attachment-large size-large\" alt=\"\" srcset=\"https:\/\/agora.xtec.cat\/escolajeronidemoragas\/wp-content\/uploads\/usu2509\/2026\/04\/WhatsApp-Image-2026-04-25-at-10.53.58-1-932x1024.jpeg 932w, https:\/\/agora.xtec.cat\/escolajeronidemoragas\/wp-content\/uploads\/usu2509\/2026\/04\/WhatsApp-Image-2026-04-25-at-10.53.58-1-273x300.jpeg 273w, https:\/\/agora.xtec.cat\/escolajeronidemoragas\/wp-content\/uploads\/usu2509\/2026\/04\/WhatsApp-Image-2026-04-25-at-10.53.58-1-768x844.jpeg 768w, https:\/\/agora.xtec.cat\/escolajeronidemoragas\/wp-content\/uploads\/usu2509\/2026\/04\/WhatsApp-Image-2026-04-25-at-10.53.58-1.jpeg 945w\" sizes=\"auto, (max-width: 932px) 100vw, 932px\" \/><\/a>\n\t\t\t<\/dt><\/dl><br style=\"clear: both\" \/><dl class='gallery-item'>\n\t\t\t<dt class='gallery-icon portrait'>\n\t\t\t\t<a href='https:\/\/agora.xtec.cat\/escolajeronidemoragas\/general\/diada-de-sant-jordi-%f0%9f%8c%b9%f0%9f%93%9a\/attachment\/whatsapp-image-2026-04-25-at-10-53-58\/'><img loading=\"lazy\" decoding=\"async\" width=\"704\" height=\"1024\" src=\"https:\/\/agora.xtec.cat\/escolajeronidemoragas\/wp-content\/uploads\/usu2509\/2026\/04\/WhatsApp-Image-2026-04-25-at-10.53.58-704x1024.jpeg\" class=\"attachment-large size-large\" alt=\"\" srcset=\"https:\/\/agora.xtec.cat\/escolajeronidemoragas\/wp-content\/uploads\/usu2509\/2026\/04\/WhatsApp-Image-2026-04-25-at-10.53.58-704x1024.jpeg 704w, https:\/\/agora.xtec.cat\/escolajeronidemoragas\/wp-content\/uploads\/usu2509\/2026\/04\/WhatsApp-Image-2026-04-25-at-10.53.58-206x300.jpeg 206w, https:\/\/agora.xtec.cat\/escolajeronidemoragas\/wp-content\/uploads\/usu2509\/2026\/04\/WhatsApp-Image-2026-04-25-at-10.53.58-768x1116.jpeg 768w, https:\/\/agora.xtec.cat\/escolajeronidemoragas\/wp-content\/uploads\/usu2509\/2026\/04\/WhatsApp-Image-2026-04-25-at-10.53.58.jpeg 829w\" sizes=\"auto, (max-width: 704px) 100vw, 704px\" \/><\/a>\n\t\t\t<\/dt><\/dl><dl class='gallery-item'>\n\t\t\t<dt class='gallery-icon portrait'>\n\t\t\t\t<a href='https:\/\/agora.xtec.cat\/escolajeronidemoragas\/general\/diada-de-sant-jordi-%f0%9f%8c%b9%f0%9f%93%9a\/attachment\/whatsapp-image-2026-04-25-at-10-53-59-1\/'><img loading=\"lazy\" decoding=\"async\" width=\"856\" height=\"1024\" src=\"https:\/\/agora.xtec.cat\/escolajeronidemoragas\/wp-content\/uploads\/usu2509\/2026\/04\/WhatsApp-Image-2026-04-25-at-10.53.59-1-856x1024.jpeg\" class=\"attachment-large size-large\" alt=\"\" srcset=\"https:\/\/agora.xtec.cat\/escolajeronidemoragas\/wp-content\/uploads\/usu2509\/2026\/04\/WhatsApp-Image-2026-04-25-at-10.53.59-1-856x1024.jpeg 856w, https:\/\/agora.xtec.cat\/escolajeronidemoragas\/wp-content\/uploads\/usu2509\/2026\/04\/WhatsApp-Image-2026-04-25-at-10.53.59-1-251x300.jpeg 251w, https:\/\/agora.xtec.cat\/escolajeronidemoragas\/wp-content\/uploads\/usu2509\/2026\/04\/WhatsApp-Image-2026-04-25-at-10.53.59-1-768x919.jpeg 768w, https:\/\/agora.xtec.cat\/escolajeronidemoragas\/wp-content\/uploads\/usu2509\/2026\/04\/WhatsApp-Image-2026-04-25-at-10.53.59-1.jpeg 867w\" sizes=\"auto, (max-width: 856px) 100vw, 856px\" \/><\/a>\n\t\t\t<\/dt><\/dl><dl class='gallery-item'>\n\t\t\t<dt class='gallery-icon portrait'>\n\t\t\t\t<a href='https:\/\/agora.xtec.cat\/escolajeronidemoragas\/general\/diada-de-sant-jordi-%f0%9f%8c%b9%f0%9f%93%9a\/attachment\/whatsapp-image-2026-04-25-at-10-53-59\/'><img loading=\"lazy\" decoding=\"async\" width=\"801\" height=\"1024\" src=\"https:\/\/agora.xtec.cat\/escolajeronidemoragas\/wp-content\/uploads\/usu2509\/2026\/04\/WhatsApp-Image-2026-04-25-at-10.53.59-801x1024.jpeg\" class=\"attachment-large size-large\" alt=\"\" srcset=\"https:\/\/agora.xtec.cat\/escolajeronidemoragas\/wp-content\/uploads\/usu2509\/2026\/04\/WhatsApp-Image-2026-04-25-at-10.53.59-801x1024.jpeg 801w, https:\/\/agora.xtec.cat\/escolajeronidemoragas\/wp-content\/uploads\/usu2509\/2026\/04\/WhatsApp-Image-2026-04-25-at-10.53.59-235x300.jpeg 235w, https:\/\/agora.xtec.cat\/escolajeronidemoragas\/wp-content\/uploads\/usu2509\/2026\/04\/WhatsApp-Image-2026-04-25-at-10.53.59-768x982.jpeg 768w, https:\/\/agora.xtec.cat\/escolajeronidemoragas\/wp-content\/uploads\/usu2509\/2026\/04\/WhatsApp-Image-2026-04-25-at-10.53.59.jpeg 816w\" sizes=\"auto, (max-width: 801px) 100vw, 801px\" \/><\/a>\n\t\t\t<\/dt><\/dl><br style=\"clear: both\" \/><dl class='gallery-item'>\n\t\t\t<dt class='gallery-icon portrait'>\n\t\t\t\t<a href='https:\/\/agora.xtec.cat\/escolajeronidemoragas\/general\/diada-de-sant-jordi-%f0%9f%8c%b9%f0%9f%93%9a\/attachment\/whatsapp-image-2026-04-25-at-10-54-00-1\/'><img loading=\"lazy\" decoding=\"async\" width=\"863\" height=\"1024\" src=\"https:\/\/agora.xtec.cat\/escolajeronidemoragas\/wp-content\/uploads\/usu2509\/2026\/04\/WhatsApp-Image-2026-04-25-at-10.54.00-1-863x1024.jpeg\" class=\"attachment-large size-large\" alt=\"\" srcset=\"https:\/\/agora.xtec.cat\/escolajeronidemoragas\/wp-content\/uploads\/usu2509\/2026\/04\/WhatsApp-Image-2026-04-25-at-10.54.00-1-863x1024.jpeg 863w, https:\/\/agora.xtec.cat\/escolajeronidemoragas\/wp-content\/uploads\/usu2509\/2026\/04\/WhatsApp-Image-2026-04-25-at-10.54.00-1-253x300.jpeg 253w, https:\/\/agora.xtec.cat\/escolajeronidemoragas\/wp-content\/uploads\/usu2509\/2026\/04\/WhatsApp-Image-2026-04-25-at-10.54.00-1-768x911.jpeg 768w, https:\/\/agora.xtec.cat\/escolajeronidemoragas\/wp-content\/uploads\/usu2509\/2026\/04\/WhatsApp-Image-2026-04-25-at-10.54.00-1.jpeg 945w\" sizes=\"auto, (max-width: 863px) 100vw, 863px\" \/><\/a>\n\t\t\t<\/dt><\/dl><dl class='gallery-item'>\n\t\t\t<dt class='gallery-icon portrait'>\n\t\t\t\t<a href='https:\/\/agora.xtec.cat\/escolajeronidemoragas\/general\/diada-de-sant-jordi-%f0%9f%8c%b9%f0%9f%93%9a\/attachment\/whatsapp-image-2026-04-25-at-10-54-00-3\/'><img loading=\"lazy\" decoding=\"async\" width=\"841\" height=\"1024\" src=\"https:\/\/agora.xtec.cat\/escolajeronidemoragas\/wp-content\/uploads\/usu2509\/2026\/04\/WhatsApp-Image-2026-04-25-at-10.54.00-3-841x1024.jpeg\" class=\"attachment-large size-large\" alt=\"\" srcset=\"https:\/\/agora.xtec.cat\/escolajeronidemoragas\/wp-content\/uploads\/usu2509\/2026\/04\/WhatsApp-Image-2026-04-25-at-10.54.00-3-841x1024.jpeg 841w, https:\/\/agora.xtec.cat\/escolajeronidemoragas\/wp-content\/uploads\/usu2509\/2026\/04\/WhatsApp-Image-2026-04-25-at-10.54.00-3-246x300.jpeg 246w, https:\/\/agora.xtec.cat\/escolajeronidemoragas\/wp-content\/uploads\/usu2509\/2026\/04\/WhatsApp-Image-2026-04-25-at-10.54.00-3-768x935.jpeg 768w, https:\/\/agora.xtec.cat\/escolajeronidemoragas\/wp-content\/uploads\/usu2509\/2026\/04\/WhatsApp-Image-2026-04-25-at-10.54.00-3.jpeg 844w\" sizes=\"auto, (max-width: 841px) 100vw, 841px\" \/><\/a>\n\t\t\t<\/dt><\/dl><dl class='gallery-item'>\n\t\t\t<dt class='gallery-icon portrait'>\n\t\t\t\t<a href='https:\/\/agora.xtec.cat\/escolajeronidemoragas\/general\/diada-de-sant-jordi-%f0%9f%8c%b9%f0%9f%93%9a\/attachment\/whatsapp-image-2026-04-25-at-10-54-00\/'><img loading=\"lazy\" decoding=\"async\" width=\"860\" height=\"1024\" src=\"https:\/\/agora.xtec.cat\/escolajeronidemoragas\/wp-content\/uploads\/usu2509\/2026\/04\/WhatsApp-Image-2026-04-25-at-10.54.00-860x1024.jpeg\" class=\"attachment-large size-large\" alt=\"\" srcset=\"https:\/\/agora.xtec.cat\/escolajeronidemoragas\/wp-content\/uploads\/usu2509\/2026\/04\/WhatsApp-Image-2026-04-25-at-10.54.00-860x1024.jpeg 860w, https:\/\/agora.xtec.cat\/escolajeronidemoragas\/wp-content\/uploads\/usu2509\/2026\/04\/WhatsApp-Image-2026-04-25-at-10.54.00-252x300.jpeg 252w, https:\/\/agora.xtec.cat\/escolajeronidemoragas\/wp-content\/uploads\/usu2509\/2026\/04\/WhatsApp-Image-2026-04-25-at-10.54.00-768x915.jpeg 768w, https:\/\/agora.xtec.cat\/escolajeronidemoragas\/wp-content\/uploads\/usu2509\/2026\/04\/WhatsApp-Image-2026-04-25-at-10.54.00.jpeg 869w\" sizes=\"auto, (max-width: 860px) 100vw, 860px\" \/><\/a>\n\t\t\t<\/dt><\/dl><br style=\"clear: both\" \/><dl class='gallery-item'>\n\t\t\t<dt class='gallery-icon portrait'>\n\t\t\t\t<a href='https:\/\/agora.xtec.cat\/escolajeronidemoragas\/general\/diada-de-sant-jordi-%f0%9f%8c%b9%f0%9f%93%9a\/attachment\/whatsapp-image-2026-04-25-at-10-54-01-2\/'><img loading=\"lazy\" decoding=\"async\" width=\"921\" height=\"1024\" src=\"https:\/\/agora.xtec.cat\/escolajeronidemoragas\/wp-content\/uploads\/usu2509\/2026\/04\/WhatsApp-Image-2026-04-25-at-10.54.01-2-921x1024.jpeg\" class=\"attachment-large size-large\" alt=\"\" srcset=\"https:\/\/agora.xtec.cat\/escolajeronidemoragas\/wp-content\/uploads\/usu2509\/2026\/04\/WhatsApp-Image-2026-04-25-at-10.54.01-2-921x1024.jpeg 921w, https:\/\/agora.xtec.cat\/escolajeronidemoragas\/wp-content\/uploads\/usu2509\/2026\/04\/WhatsApp-Image-2026-04-25-at-10.54.01-2-270x300.jpeg 270w, https:\/\/agora.xtec.cat\/escolajeronidemoragas\/wp-content\/uploads\/usu2509\/2026\/04\/WhatsApp-Image-2026-04-25-at-10.54.01-2-768x854.jpeg 768w, https:\/\/agora.xtec.cat\/escolajeronidemoragas\/wp-content\/uploads\/usu2509\/2026\/04\/WhatsApp-Image-2026-04-25-at-10.54.01-2.jpeg 945w\" sizes=\"auto, (max-width: 921px) 100vw, 921px\" \/><\/a>\n\t\t\t<\/dt><\/dl><dl class='gallery-item'>\n\t\t\t<dt class='gallery-icon portrait'>\n\t\t\t\t<a href='https:\/\/agora.xtec.cat\/escolajeronidemoragas\/general\/diada-de-sant-jordi-%f0%9f%8c%b9%f0%9f%93%9a\/attachment\/whatsapp-image-2026-04-25-at-10-54-01-3\/'><img loading=\"lazy\" decoding=\"async\" width=\"873\" height=\"1024\" src=\"https:\/\/agora.xtec.cat\/escolajeronidemoragas\/wp-content\/uploads\/usu2509\/2026\/04\/WhatsApp-Image-2026-04-25-at-10.54.01-3-873x1024.jpeg\" class=\"attachment-large size-large\" alt=\"\" srcset=\"https:\/\/agora.xtec.cat\/escolajeronidemoragas\/wp-content\/uploads\/usu2509\/2026\/04\/WhatsApp-Image-2026-04-25-at-10.54.01-3-873x1024.jpeg 873w, https:\/\/agora.xtec.cat\/escolajeronidemoragas\/wp-content\/uploads\/usu2509\/2026\/04\/WhatsApp-Image-2026-04-25-at-10.54.01-3-256x300.jpeg 256w, https:\/\/agora.xtec.cat\/escolajeronidemoragas\/wp-content\/uploads\/usu2509\/2026\/04\/WhatsApp-Image-2026-04-25-at-10.54.01-3-768x900.jpeg 768w, https:\/\/agora.xtec.cat\/escolajeronidemoragas\/wp-content\/uploads\/usu2509\/2026\/04\/WhatsApp-Image-2026-04-25-at-10.54.01-3.jpeg 876w\" sizes=\"auto, (max-width: 873px) 100vw, 873px\" \/><\/a>\n\t\t\t<\/dt><\/dl><dl class='gallery-item'>\n\t\t\t<dt class='gallery-icon portrait'>\n\t\t\t\t<a href='https:\/\/agora.xtec.cat\/escolajeronidemoragas\/general\/diada-de-sant-jordi-%f0%9f%8c%b9%f0%9f%93%9a\/attachment\/whatsapp-image-2026-04-25-at-10-54-01\/'><img loading=\"lazy\" decoding=\"async\" width=\"787\" height=\"1024\" src=\"https:\/\/agora.xtec.cat\/escolajeronidemoragas\/wp-content\/uploads\/usu2509\/2026\/04\/WhatsApp-Image-2026-04-25-at-10.54.01-787x1024.jpeg\" class=\"attachment-large size-large\" alt=\"\" srcset=\"https:\/\/agora.xtec.cat\/escolajeronidemoragas\/wp-content\/uploads\/usu2509\/2026\/04\/WhatsApp-Image-2026-04-25-at-10.54.01-787x1024.jpeg 787w, https:\/\/agora.xtec.cat\/escolajeronidemoragas\/wp-content\/uploads\/usu2509\/2026\/04\/WhatsApp-Image-2026-04-25-at-10.54.01-231x300.jpeg 231w, https:\/\/agora.xtec.cat\/escolajeronidemoragas\/wp-content\/uploads\/usu2509\/2026\/04\/WhatsApp-Image-2026-04-25-at-10.54.01-768x999.jpeg 768w, https:\/\/agora.xtec.cat\/escolajeronidemoragas\/wp-content\/uploads\/usu2509\/2026\/04\/WhatsApp-Image-2026-04-25-at-10.54.01.jpeg 875w\" sizes=\"auto, (max-width: 787px) 100vw, 787px\" \/><\/a>\n\t\t\t<\/dt><\/dl><br style=\"clear: both\" \/><dl class='gallery-item'>\n\t\t\t<dt class='gallery-icon portrait'>\n\t\t\t\t<a href='https:\/\/agora.xtec.cat\/escolajeronidemoragas\/general\/diada-de-sant-jordi-%f0%9f%8c%b9%f0%9f%93%9a\/attachment\/img-20260425-wa0020\/'><img loading=\"lazy\" decoding=\"async\" width=\"768\" height=\"1024\" src=\"https:\/\/agora.xtec.cat\/escolajeronidemoragas\/wp-content\/uploads\/usu2509\/2026\/04\/IMG-20260425-WA0020-768x1024.jpg\" class=\"attachment-large size-large\" alt=\"\" srcset=\"https:\/\/agora.xtec.cat\/escolajeronidemoragas\/wp-content\/uploads\/usu2509\/2026\/04\/IMG-20260425-WA0020-768x1024.jpg 768w, https:\/\/agora.xtec.cat\/escolajeronidemoragas\/wp-content\/uploads\/usu2509\/2026\/04\/IMG-20260425-WA0020-225x300.jpg 225w, https:\/\/agora.xtec.cat\/escolajeronidemoragas\/wp-content\/uploads\/usu2509\/2026\/04\/IMG-20260425-WA0020-1152x1536.jpg 1152w, https:\/\/agora.xtec.cat\/escolajeronidemoragas\/wp-content\/uploads\/usu2509\/2026\/04\/IMG-20260425-WA0020.jpg 1536w\" sizes=\"auto, (max-width: 768px) 100vw, 768px\" \/><\/a>\n\t\t\t<\/dt><\/dl><dl class='gallery-item'>\n\t\t\t<dt class='gallery-icon portrait'>\n\t\t\t\t<a href='https:\/\/agora.xtec.cat\/escolajeronidemoragas\/general\/diada-de-sant-jordi-%f0%9f%8c%b9%f0%9f%93%9a\/attachment\/img-20260425-wa0027\/'><img loading=\"lazy\" decoding=\"async\" width=\"768\" height=\"1024\" src=\"https:\/\/agora.xtec.cat\/escolajeronidemoragas\/wp-content\/uploads\/usu2509\/2026\/04\/IMG-20260425-WA0027-768x1024.jpg\" class=\"attachment-large size-large\" alt=\"\" srcset=\"https:\/\/agora.xtec.cat\/escolajeronidemoragas\/wp-content\/uploads\/usu2509\/2026\/04\/IMG-20260425-WA0027-768x1024.jpg 768w, https:\/\/agora.xtec.cat\/escolajeronidemoragas\/wp-content\/uploads\/usu2509\/2026\/04\/IMG-20260425-WA0027-225x300.jpg 225w, https:\/\/agora.xtec.cat\/escolajeronidemoragas\/wp-content\/uploads\/usu2509\/2026\/04\/IMG-20260425-WA0027-1152x1536.jpg 1152w, https:\/\/agora.xtec.cat\/escolajeronidemoragas\/wp-content\/uploads\/usu2509\/2026\/04\/IMG-20260425-WA0027.jpg 1536w\" sizes=\"auto, (max-width: 768px) 100vw, 768px\" \/><\/a>\n\t\t\t<\/dt><\/dl><dl class='gallery-item'>\n\t\t\t<dt class='gallery-icon portrait'>\n\t\t\t\t<a href='https:\/\/agora.xtec.cat\/escolajeronidemoragas\/general\/diada-de-sant-jordi-%f0%9f%8c%b9%f0%9f%93%9a\/attachment\/img-20260425-wa0026\/'><img loading=\"lazy\" decoding=\"async\" width=\"768\" height=\"1024\" src=\"https:\/\/agora.xtec.cat\/escolajeronidemoragas\/wp-content\/uploads\/usu2509\/2026\/04\/IMG-20260425-WA0026-768x1024.jpg\" class=\"attachment-large size-large\" alt=\"\" srcset=\"https:\/\/agora.xtec.cat\/escolajeronidemoragas\/wp-content\/uploads\/usu2509\/2026\/04\/IMG-20260425-WA0026-768x1024.jpg 768w, https:\/\/agora.xtec.cat\/escolajeronidemoragas\/wp-content\/uploads\/usu2509\/2026\/04\/IMG-20260425-WA0026-225x300.jpg 225w, https:\/\/agora.xtec.cat\/escolajeronidemoragas\/wp-content\/uploads\/usu2509\/2026\/04\/IMG-20260425-WA0026-1152x1536.jpg 1152w, https:\/\/agora.xtec.cat\/escolajeronidemoragas\/wp-content\/uploads\/usu2509\/2026\/04\/IMG-20260425-WA0026.jpg 1536w\" sizes=\"auto, (max-width: 768px) 100vw, 768px\" \/><\/a>\n\t\t\t<\/dt><\/dl><br style=\"clear: both\" \/>\n\t\t<\/div>\n\n","protected":false},"excerpt":{"rendered":"<p>La diada de Sant Jordi va tornar a convertir l\u2019escola en un espai ple de m\u00e0gia, cultura i emoci\u00f3. Roses, llibres i llegendes van omplir cada rac\u00f3, creant un ambient c\u00e0lid i acollidor on la tradici\u00f3 es va viure amb intensitat i estima. Va ser&hellip;  <a href=\"https:\/\/agora.xtec.cat\/escolajeronidemoragas\/general\/diada-de-sant-jordi-%f0%9f%8c%b9%f0%9f%93%9a\/\" title=\"Read DIADA DE SANT JORDI \ud83c\udf39\ud83d\udcda\">Llegeix m\u00e9s\u00bb<\/a><\/p>\n","protected":false},"author":1,"featured_media":5421,"comment_status":"open","ping_status":"open","sticky":false,"template":"","format":"standard","meta":{"_bbp_topic_count":0,"_bbp_reply_count":0,"_bbp_total_topic_count":0,"_bbp_total_reply_count":0,"_bbp_voice_count":0,"_bbp_anonymous_reply_count":0,"_bbp_topic_count_hidden":0,"_bbp_reply_count_hidden":0,"_bbp_forum_subforum_count":0,"footnotes":""},"categories":[10,11,12,13,14,15,74,87,83,1,88,2,4,85,84],"tags":[],"class_list":["post-5410","post","type-post","status-publish","format-standard","has-post-thumbnail","hentry","category-1r","category-2n","category-3r","category-4t","category-5e","category-6e","category-abril","category-curs-2025-26","category-eso","category-general","category-ife","category-infantil-i-primaria","category-portada","category-sensorial","category-tva"],"post_mailing_queue_ids":[],"_links":{"self":[{"href":"https:\/\/agora.xtec.cat\/escolajeronidemoragas\/wp-json\/wp\/v2\/posts\/5410","targetHints":{"allow":["GET"]}}],"collection":[{"href":"https:\/\/agora.xtec.cat\/escolajeronidemoragas\/wp-json\/wp\/v2\/posts"}],"about":[{"href":"https:\/\/agora.xtec.cat\/escolajeronidemoragas\/wp-json\/wp\/v2\/types\/post"}],"author":[{"embeddable":true,"href":"https:\/\/agora.xtec.cat\/escolajeronidemoragas\/wp-json\/wp\/v2\/users\/1"}],"replies":[{"embeddable":true,"href":"https:\/\/agora.xtec.cat\/escolajeronidemoragas\/wp-json\/wp\/v2\/comments?post=5410"}],"version-history":[{"count":6,"href":"https:\/\/agora.xtec.cat\/escolajeronidemoragas\/wp-json\/wp\/v2\/posts\/5410\/revisions"}],"predecessor-version":[{"id":5465,"href":"https:\/\/agora.xtec.cat\/escolajeronidemoragas\/wp-json\/wp\/v2\/posts\/5410\/revisions\/5465"}],"wp:featuredmedia":[{"embeddable":true,"href":"https:\/\/agora.xtec.cat\/escolajeronidemoragas\/wp-json\/wp\/v2\/media\/5421"}],"wp:attachment":[{"href":"https:\/\/agora.xtec.cat\/escolajeronidemoragas\/wp-json\/wp\/v2\/media?parent=5410"}],"wp:term":[{"taxonomy":"category","embeddable":true,"href":"https:\/\/agora.xtec.cat\/escolajeronidemoragas\/wp-json\/wp\/v2\/categories?post=5410"},{"taxonomy":"post_tag","embeddable":true,"href":"https:\/\/agora.xtec.cat\/escolajeronidemoragas\/wp-json\/wp\/v2\/tags?post=5410"}],"curies":[{"name":"wp","href":"https:\/\/api.w.org\/{rel}","templated":true}]}}