{"id":5404,"date":"2026-04-24T17:22:50","date_gmt":"2026-04-24T15:22:50","guid":{"rendered":"https:\/\/agora.xtec.cat\/escolajeronidemoragas\/?p=5404"},"modified":"2026-04-25T09:47:50","modified_gmt":"2026-04-25T07:47:50","slug":"premis-drac-2","status":"publish","type":"post","link":"https:\/\/agora.xtec.cat\/escolajeronidemoragas\/general\/premis-drac-2\/","title":{"rendered":"PREMIS DRAC 2026!!"},"content":{"rendered":"<div style=\"text-align: justify;\">\n<p>Des de la comissi\u00f3 dels <strong>Premis Drac<\/strong> i, despr\u00e9s d&#8217;un dia tant especial com la Diada d&#8217;ahir, us volem donar a con\u00e8ixer els guanyadors de la 4a edici\u00f3 dels Premis Drac.<\/p>\n<p>Primerament, volem donar les gr\u00e0cies a tots els centres educatius i tots els i les alumnes de Santpedor i Castellnou de Bages per participar i promoure la cultura i la llengua catalana i, per descomptat, tamb\u00e9 volem felicitar als infants que enguany han estat premiats:<\/p>\n<\/div>\n<p><a style=\"color: #2795b6;\" href=\"https:\/\/agora.xtec.cat\/escolajeronidemoragas\/wp-content\/uploads\/usu2509\/2026\/01\/Premis-Drac-Convocatoria-26_page-0001-e1777103095458.jpg\"><img loading=\"lazy\" decoding=\"async\" class=\"wp-image-4998  alignleft\" src=\"https:\/\/agora.xtec.cat\/escolajeronidemoragas\/wp-content\/uploads\/usu2509\/2026\/01\/Premis-Drac-Convocatoria-26_page-0001-e1777103095458-693x1024.jpg\" alt=\"\" width=\"269\" height=\"397\" srcset=\"https:\/\/agora.xtec.cat\/escolajeronidemoragas\/wp-content\/uploads\/usu2509\/2026\/01\/Premis-Drac-Convocatoria-26_page-0001-e1777103095458-693x1024.jpg 693w, https:\/\/agora.xtec.cat\/escolajeronidemoragas\/wp-content\/uploads\/usu2509\/2026\/01\/Premis-Drac-Convocatoria-26_page-0001-e1777103095458-203x300.jpg 203w, https:\/\/agora.xtec.cat\/escolajeronidemoragas\/wp-content\/uploads\/usu2509\/2026\/01\/Premis-Drac-Convocatoria-26_page-0001-e1777103095458-768x1136.jpg 768w, https:\/\/agora.xtec.cat\/escolajeronidemoragas\/wp-content\/uploads\/usu2509\/2026\/01\/Premis-Drac-Convocatoria-26_page-0001-e1777103095458.jpg 890w\" sizes=\"auto, (max-width: 269px) 100vw, 269px\" \/><\/a><\/p>\n<p>&nbsp;<\/p>\n<div style=\"text-align: justify;\">\n<ul>\n<li>Categoria Cicle Inicial\n<ul>\n<li>\u00a0<strong>Una persecusi\u00f3 futbol\u00edstica (Els llamps)<\/strong>\u00a0&#8211; Escola Olivar<\/li>\n<\/ul>\n<\/li>\n<\/ul>\n<ul>\n<li>Categoria Cicle Mitj\u00e0\n<ul>\n<li><strong>El museu (Les m\u00f2mies)<\/strong>\u00a0&#8211; Escola Riu d&#8217;Or<\/li>\n<\/ul>\n<\/li>\n<\/ul>\n<ul>\n<li>Categoria Cicle Superior\n<ul>\n<li>\u00a0<strong>De nen burlat a nen coronat (163)<\/strong>\u00a0&#8211; Escola Olivar<\/li>\n<\/ul>\n<\/li>\n<\/ul>\n<ul>\n<li>Categoria ESO\n<ul>\n<li><strong>Aquells anys d&#8217;innoc\u00e8ncia (Tres amics)<\/strong>\u00a0&#8211; IES Llissach<\/li>\n<\/ul>\n<\/li>\n<\/ul>\n<p>&nbsp;<\/p>\n<p>&nbsp;<\/p>\n<p><span style=\"font-family: inherit; font-size: 1em;\">Voldr\u00edem fer extensius els agra\u00efments a les persones que han format part del jurat d&#8217;aquesta edici\u00f3 i han tingut la dif\u00edcil tasca de valorar totes les obres presentades.<\/span><\/p>\n<\/div>\n<div style=\"text-align: justify;\">\n<p>\u00a0L\u2019acte d\u2019entrega de premis se celebrar\u00e0 el proper <strong>dijous dia 7 de maig a l&#8217;Auditori Convent de Sant Francesc de Santpedor.<\/strong><\/p>\n<p>Una vegada m\u00e9s, gr\u00e0cies per participar en els PREMIS DRAC i, sobretot, per fomentar la creativitat liter\u00e0ria des de l\u2019aula.<\/p>\n<p>&nbsp;<\/p>\n<p>&nbsp;<\/p>\n<\/div>\n<div style=\"text-align: justify;\"><\/div>\n<div style=\"text-align: justify;\"><b>\u00a0<\/b><\/div>\n<div role=\"presentation\"><\/div>\n<div class=\"x_x_x_elementToProof\" style=\"text-align: justify;\"><\/div>\n<div style=\"text-align: justify;\"><\/div>\n<div style=\"text-align: justify;\"><\/div>\n<div style=\"text-align: justify;\"><\/div>\n<div style=\"text-align: justify;\"><\/div>\n<div style=\"text-align: justify;\"><\/div>\n<div style=\"text-align: justify;\"><\/div>\n<div style=\"text-align: justify;\"><\/div>\n<div class=\"x_x_x_elementToProof\" style=\"text-align: justify;\"><\/div>\n<div><\/div>\n<div><\/div>\n<div><\/div>\n<div><\/div>\n<div><\/div>\n","protected":false},"excerpt":{"rendered":"<p>Des de la comissi\u00f3 dels Premis Drac i, despr\u00e9s d&#8217;un dia tant especial com la Diada d&#8217;ahir, us volem donar a con\u00e8ixer els guanyadors de la 4a edici\u00f3 dels Premis Drac.<br \/>\nPrimerament, volem donar les gr\u00e0cies a tots els centres educatius i tots els i les&hellip;  <a href=\"https:\/\/agora.xtec.cat\/escolajeronidemoragas\/general\/premis-drac-2\/\" title=\"Read PREMIS DRAC 2026!!\">Llegeix m\u00e9s\u00bb<\/a><\/p>\n","protected":false},"author":1,"featured_media":0,"comment_status":"open","ping_status":"open","sticky":false,"template":"","format":"standard","meta":{"_bbp_topic_count":0,"_bbp_reply_count":0,"_bbp_total_topic_count":0,"_bbp_total_reply_count":0,"_bbp_voice_count":0,"_bbp_anonymous_reply_count":0,"_bbp_topic_count_hidden":0,"_bbp_reply_count_hidden":0,"_bbp_forum_subforum_count":0,"footnotes":""},"categories":[1,4],"tags":[],"class_list":["post-5404","post","type-post","status-publish","format-standard","hentry","category-general","category-portada"],"post_mailing_queue_ids":[],"_links":{"self":[{"href":"https:\/\/agora.xtec.cat\/escolajeronidemoragas\/wp-json\/wp\/v2\/posts\/5404","targetHints":{"allow":["GET"]}}],"collection":[{"href":"https:\/\/agora.xtec.cat\/escolajeronidemoragas\/wp-json\/wp\/v2\/posts"}],"about":[{"href":"https:\/\/agora.xtec.cat\/escolajeronidemoragas\/wp-json\/wp\/v2\/types\/post"}],"author":[{"embeddable":true,"href":"https:\/\/agora.xtec.cat\/escolajeronidemoragas\/wp-json\/wp\/v2\/users\/1"}],"replies":[{"embeddable":true,"href":"https:\/\/agora.xtec.cat\/escolajeronidemoragas\/wp-json\/wp\/v2\/comments?post=5404"}],"version-history":[{"count":5,"href":"https:\/\/agora.xtec.cat\/escolajeronidemoragas\/wp-json\/wp\/v2\/posts\/5404\/revisions"}],"predecessor-version":[{"id":5409,"href":"https:\/\/agora.xtec.cat\/escolajeronidemoragas\/wp-json\/wp\/v2\/posts\/5404\/revisions\/5409"}],"wp:attachment":[{"href":"https:\/\/agora.xtec.cat\/escolajeronidemoragas\/wp-json\/wp\/v2\/media?parent=5404"}],"wp:term":[{"taxonomy":"category","embeddable":true,"href":"https:\/\/agora.xtec.cat\/escolajeronidemoragas\/wp-json\/wp\/v2\/categories?post=5404"},{"taxonomy":"post_tag","embeddable":true,"href":"https:\/\/agora.xtec.cat\/escolajeronidemoragas\/wp-json\/wp\/v2\/tags?post=5404"}],"curies":[{"name":"wp","href":"https:\/\/api.w.org\/{rel}","templated":true}]}}