{"id":5071,"date":"2026-02-19T14:25:26","date_gmt":"2026-02-19T13:25:26","guid":{"rendered":"https:\/\/agora.xtec.cat\/escolajeronidemoragas\/?p=5071"},"modified":"2026-02-19T15:58:55","modified_gmt":"2026-02-19T14:58:55","slug":"%f0%9f%93%96-recursos-del-creda-per-a-la-tasca-docent","status":"publish","type":"post","link":"https:\/\/agora.xtec.cat\/escolajeronidemoragas\/general\/%f0%9f%93%96-recursos-del-creda-per-a-la-tasca-docent\/","title":{"rendered":"\ud83d\udcd6 RECURSOS DEL CREDA PER A LA TASCA DOCENT"},"content":{"rendered":"<p style=\"text-align: justify;\" data-start=\"109\" data-end=\"412\">El <a href=\"https:\/\/serveiseducatius.xtec.cat\/creda-catcentral\/\"><strong>CREDA Catalunya Central<\/strong><\/a> continua treballant per poder oferir informacions rellevants, aix\u00ed com una \u00e0mplia varietat de <strong data-start=\"307\" data-end=\"342\">recursos i materials pedag\u00f2gics<\/strong> que puguin ser \u00fatils en la tasca professional dels centres educatius.<\/p>\n<p style=\"text-align: justify;\" data-start=\"414\" data-end=\"928\">Els CREDA s\u00f3n serveis especialitzats que donen suport als centres educatius per ajustar la resposta pedag\u00f2gica a les necessitats de l\u2019alumnat amb <strong>d\u00e8ficit auditiu i amb trastorns del llenguatge i\/o la comunicaci\u00f3\ud83d\udde3\ufe0f\ud83d\udc42<\/strong>, especialment quan aquestes dificultats poden afectar el seu desenvolupament personal, social i curricular. La seva actuaci\u00f3 s\u2019organitza en tres \u00e0mbits principals: l\u2019atenci\u00f3 a l\u2019alumnat i a les fam\u00edlies, l\u2019acompanyament als centres i al professorat, i la intervenci\u00f3 dins la zona educativa.<\/p>\n<p style=\"text-align: justify;\" data-start=\"414\" data-end=\"928\"><a href=\"https:\/\/agora.xtec.cat\/escolajeronidemoragas\/wp-content\/uploads\/usu2509\/2026\/02\/CREDA-e1771507154162.png\"><img loading=\"lazy\" decoding=\"async\" class=\"wp-image-5074 alignleft\" src=\"https:\/\/agora.xtec.cat\/escolajeronidemoragas\/wp-content\/uploads\/usu2509\/2026\/02\/CREDA-e1771507154162.png\" alt=\"\" width=\"171\" height=\"159\" srcset=\"https:\/\/agora.xtec.cat\/escolajeronidemoragas\/wp-content\/uploads\/usu2509\/2026\/02\/CREDA-e1771507154162.png 507w, https:\/\/agora.xtec.cat\/escolajeronidemoragas\/wp-content\/uploads\/usu2509\/2026\/02\/CREDA-e1771507154162-300x279.png 300w\" sizes=\"auto, (max-width: 171px) 100vw, 171px\" \/><\/a><\/p>\n<p style=\"text-align: justify;\" data-start=\"0\" data-end=\"531\">El web del <span class=\"hover:entity-accent entity-underline inline cursor-pointer align-baseline\"><span class=\"whitespace-normal\">CREDA Catalunya Central<\/span><\/span> destaca per oferir <strong>materials pr\u00e0ctics, aplicables i pedag\u00f2gicament<\/strong> fonamentats que faciliten la intervenci\u00f3 educativa, promouen la reflexi\u00f3 metodol\u00f2gica i enriqueixen les propostes did\u00e0ctiques dels equips docents. Aquesta tasca evidencia el comprom\u00eds del servei amb l\u2019acompanyament als centres i amb la creaci\u00f3 i difusi\u00f3 de recursos de qualitat que contribueixen a potenciar el desenvolupament de la llengua oral i a avan\u00e7ar cap a pr\u00e0ctiques educatives cada vegada m\u00e9s inclusives.<\/p>\n<p style=\"text-align: justify;\" data-start=\"0\" data-end=\"531\">Amb la voluntat d\u2019ampliar la difusi\u00f3 d\u2019aquests recursos, el CREDA ha elaborat una <strong data-start=\"1343\" data-end=\"1403\">infografia amb la informaci\u00f3 b\u00e0sica del servei i del web<\/strong>, pensada per facilitar-ne la divulgaci\u00f3 als centres educatius i fer m\u00e9s accessible el coneixement dels materials disponibles. Us l&#8217;adjuntem a continuaci\u00f3!<\/p>\n<p style=\"text-align: justify;\" data-start=\"533\" data-end=\"955\">Des de l\u2019escola, animem a tots els professionals a visitar el web i a descobrir els diversos recursos i materials disponibles, tot aprofitant aquest espai com a font d\u2019inspiraci\u00f3 i suport per a la pr\u00e0ctica educativa. Alhora, <strong>agra\u00efm la generositat en compartir coneixement i materials, que esdevenen una valuosa eina per enriquir la tasca docent i fomentar el treball col\u00b7laboratiu entre centres.<\/strong><\/p>\n<p data-start=\"533\" data-end=\"955\"><a href=\"https:\/\/agora.xtec.cat\/escolajeronidemoragas\/wp-content\/uploads\/usu2509\/2026\/02\/WEB_CREDA-Catalunya-Central_page-0001-2-scaled.jpg\"><img loading=\"lazy\" decoding=\"async\" class=\" wp-image-5073 aligncenter\" src=\"https:\/\/agora.xtec.cat\/escolajeronidemoragas\/wp-content\/uploads\/usu2509\/2026\/02\/WEB_CREDA-Catalunya-Central_page-0001-2-724x1024.jpg\" alt=\"\" width=\"584\" height=\"826\" srcset=\"https:\/\/agora.xtec.cat\/escolajeronidemoragas\/wp-content\/uploads\/usu2509\/2026\/02\/WEB_CREDA-Catalunya-Central_page-0001-2-724x1024.jpg 724w, https:\/\/agora.xtec.cat\/escolajeronidemoragas\/wp-content\/uploads\/usu2509\/2026\/02\/WEB_CREDA-Catalunya-Central_page-0001-2-212x300.jpg 212w, https:\/\/agora.xtec.cat\/escolajeronidemoragas\/wp-content\/uploads\/usu2509\/2026\/02\/WEB_CREDA-Catalunya-Central_page-0001-2-768x1086.jpg 768w, https:\/\/agora.xtec.cat\/escolajeronidemoragas\/wp-content\/uploads\/usu2509\/2026\/02\/WEB_CREDA-Catalunya-Central_page-0001-2-1086x1536.jpg 1086w, https:\/\/agora.xtec.cat\/escolajeronidemoragas\/wp-content\/uploads\/usu2509\/2026\/02\/WEB_CREDA-Catalunya-Central_page-0001-2-1448x2048.jpg 1448w, https:\/\/agora.xtec.cat\/escolajeronidemoragas\/wp-content\/uploads\/usu2509\/2026\/02\/WEB_CREDA-Catalunya-Central_page-0001-2-scaled.jpg 1810w\" sizes=\"auto, (max-width: 584px) 100vw, 584px\" \/><\/a><\/p>\n<p data-start=\"533\" data-end=\"955\">\n","protected":false},"excerpt":{"rendered":"<p>El <a href=\"https:\/\/serveiseducatius.xtec.cat\/creda-catcentral\/\">CREDA Catalunya Central<\/a> continua treballant per poder oferir informacions rellevants, aix\u00ed com una \u00e0mplia varietat de recursos i materials pedag\u00f2gics que puguin ser \u00fatils en la tasca professional dels centres educatius.<br \/>\nEls CREDA s\u00f3n serveis especialitzats que donen suport als centres educatius per ajustar&hellip;  <a href=\"https:\/\/agora.xtec.cat\/escolajeronidemoragas\/general\/%f0%9f%93%96-recursos-del-creda-per-a-la-tasca-docent\/\" title=\"Read \ud83d\udcd6 RECURSOS DEL CREDA PER A LA TASCA DOCENT\">Llegeix m\u00e9s\u00bb<\/a><\/p>\n","protected":false},"author":1,"featured_media":5074,"comment_status":"open","ping_status":"open","sticky":false,"template":"","format":"standard","meta":{"_bbp_topic_count":0,"_bbp_reply_count":0,"_bbp_total_topic_count":0,"_bbp_total_reply_count":0,"_bbp_voice_count":0,"_bbp_anonymous_reply_count":0,"_bbp_topic_count_hidden":0,"_bbp_reply_count_hidden":0,"_bbp_forum_subforum_count":0,"footnotes":""},"categories":[10,11,12,13,14,15,74,78,87,82,83,72,71,1,88,2,77,76,75,73,81,80,4,85,79,84],"tags":[],"class_list":["post-5071","post","type-post","status-publish","format-standard","has-post-thumbnail","hentry","category-1r","category-2n","category-3r","category-4t","category-5e","category-6e","category-abril","category-agost","category-curs-2025-26","category-desembre","category-eso","category-febrer","category-gener","category-general","category-ife","category-infantil-i-primaria","category-juliol","category-juny","category-maig","category-marc","category-novembre","category-octubre","category-portada","category-sensorial","category-setembre","category-tva"],"post_mailing_queue_ids":[],"_links":{"self":[{"href":"https:\/\/agora.xtec.cat\/escolajeronidemoragas\/wp-json\/wp\/v2\/posts\/5071","targetHints":{"allow":["GET"]}}],"collection":[{"href":"https:\/\/agora.xtec.cat\/escolajeronidemoragas\/wp-json\/wp\/v2\/posts"}],"about":[{"href":"https:\/\/agora.xtec.cat\/escolajeronidemoragas\/wp-json\/wp\/v2\/types\/post"}],"author":[{"embeddable":true,"href":"https:\/\/agora.xtec.cat\/escolajeronidemoragas\/wp-json\/wp\/v2\/users\/1"}],"replies":[{"embeddable":true,"href":"https:\/\/agora.xtec.cat\/escolajeronidemoragas\/wp-json\/wp\/v2\/comments?post=5071"}],"version-history":[{"count":3,"href":"https:\/\/agora.xtec.cat\/escolajeronidemoragas\/wp-json\/wp\/v2\/posts\/5071\/revisions"}],"predecessor-version":[{"id":5077,"href":"https:\/\/agora.xtec.cat\/escolajeronidemoragas\/wp-json\/wp\/v2\/posts\/5071\/revisions\/5077"}],"wp:featuredmedia":[{"embeddable":true,"href":"https:\/\/agora.xtec.cat\/escolajeronidemoragas\/wp-json\/wp\/v2\/media\/5074"}],"wp:attachment":[{"href":"https:\/\/agora.xtec.cat\/escolajeronidemoragas\/wp-json\/wp\/v2\/media?parent=5071"}],"wp:term":[{"taxonomy":"category","embeddable":true,"href":"https:\/\/agora.xtec.cat\/escolajeronidemoragas\/wp-json\/wp\/v2\/categories?post=5071"},{"taxonomy":"post_tag","embeddable":true,"href":"https:\/\/agora.xtec.cat\/escolajeronidemoragas\/wp-json\/wp\/v2\/tags?post=5071"}],"curies":[{"name":"wp","href":"https:\/\/api.w.org\/{rel}","templated":true}]}}