{"id":5024,"date":"2026-02-14T11:12:07","date_gmt":"2026-02-14T10:12:07","guid":{"rendered":"https:\/\/agora.xtec.cat\/escolajeronidemoragas\/?p=5024"},"modified":"2026-02-16T09:08:40","modified_gmt":"2026-02-16T08:08:40","slug":"sortida-labobral-a-xocolates-simon-coll-i-caves-blancher-%f0%9f%8d%ab%f0%9f%8d%87","status":"publish","type":"post","link":"https:\/\/agora.xtec.cat\/escolajeronidemoragas\/general\/sortida-labobral-a-xocolates-simon-coll-i-caves-blancher-%f0%9f%8d%ab%f0%9f%8d%87\/","title":{"rendered":"SORTIDA LABORAL A XOCOLATES SIMON COLL I CAVES BLANCHER \ud83c\udf6b\ud83c\udf47"},"content":{"rendered":"<p style=\"text-align: justify;\" data-pm-slice=\"1 1 []\">Aquest divendres, l\u2019alumnat de TVA ha realitzat una nova sortida laboral a <a href=\"https:\/\/espaixocolata.simoncoll.com\/es\/?gad_source=1&amp;gad_campaignid=21544715698&amp;gbraid=0AAAAAo9KGSboRj5PLu2UiUzF3tqKeszUe&amp;gclid=Cj0KCQiA18DMBhDeARIsABtYwT1_VcEL3RX40w0iLsDGuQowjNAmtWXrv-MlscgLUICPJz4le5t23gMaAjeqEALw_wcB\"><strong>Xocolates Simon Coll<\/strong> <\/a>i <a href=\"https:\/\/www.blancher.es\/\"><strong>Caves Blancher<\/strong>.<\/a> Malgrat la pluja, la jornada es va portar a terme amb molt bon ambient i amb moltes ganes d\u2019aprendre i descobrir nous entorns professionals.<\/p>\n<p style=\"text-align: justify;\">La primera parada va ser a Xocolates Simon Coll, on vam con\u00e8ixer la hist\u00f2ria de l\u2019empresa i els seus or\u00edgens familiars, aix\u00ed com l\u2019evoluci\u00f3 de la marca al llarg dels anys. L\u2019alumnat va poder observar de prop el proc\u00e9s d\u2019elaboraci\u00f3 de la xocolata: des del gra de cacau, passant pels <em>nibs<\/em> (els trossets de cacau un cop torrat i trencat), fins a la m\u00f2lta i el refinament que permeten obtenir la textura fina i brillant que tots coneixem. Tamb\u00e9 vam descobrir la import\u00e0ncia de la planta del cacau, el seu cultiu i la selecci\u00f3 dels grans per garantir la qualitat del producte final.<\/p>\n<p style=\"text-align: justify;\">Un dels moments m\u00e9s esperats va ser la degustaci\u00f3. Vam aprendre a tastar la xocolata amb tots els sentits: observar-ne el color i la brillantor, olorar-ne els aromes, escoltar el \u201cclic\u201d en trencar-la i, finalment, assaborir-la lentament per identificar-ne els matisos. L\u2019experi\u00e8ncia va culminar a l\u2019espai de botiga, on va ser gaireb\u00e9 irresistible no endur-se algun record dol\u00e7 de la visita.<\/p>\n<p style=\"text-align: justify;\">Despr\u00e9s vam continuar la jornada a Caves Blancher, on ens esperaven per iniciar la ruta guiada. Vam con\u00e8ixer la hist\u00f2ria dels caves i la tradici\u00f3 vitivin\u00edcola del territori, aix\u00ed com tot el proc\u00e9s d\u2019elaboraci\u00f3 dels caves i vins: des de la verema fins a la fermentaci\u00f3, el rep\u00f2s a les botes i el temps necessari perqu\u00e8 cada producte arribi al seu punt \u00f2ptim. Vam poder visitar la f\u00e0brica, el celler i observar de primera m\u00e0 les botes on es conserva el producte. A m\u00e9s, vam tenir l\u2019oportunitat de degustar el most, que ens va sorprendre pel seu sabor dol\u00e7 i exquisit.<\/p>\n<p style=\"text-align: justify;\">M\u00e9s enll\u00e0 del contingut t\u00e8cnic, aquesta sortida ha perm\u00e8s apropar-se al m\u00f3n laboral real, con\u00e8ixer diferents perfils professionals (producci\u00f3, qualitat, atenci\u00f3 al client, log\u00edstica\u2026) i entendre la import\u00e0ncia del treball en equip dins d\u2019una empresa. Per al nostre alumnat, aquestes experi\u00e8ncies s\u00f3n fonamentals per desenvolupar habilitats socials, autonomia, orientaci\u00f3 laboral i confian\u00e7a en les mateixes capacitats.<\/p>\n<p style=\"text-align: justify;\">La jornada va acabar compartint el dinar en un espai molt acollidor, un moment perfecte per comentar tot el que s&#8217;ha apr\u00e8s, refor\u00e7ar la cohesi\u00f3 del grup i gaudir d\u2019una estona distesa.<\/p>\n<p style=\"text-align: justify;\">Ha estat, sens dubte, una <strong>experi\u00e8ncia molt enriquidora i plena d\u2019aprenentatges<\/strong> significatius, que ens ajuda a continuar construint camins cap al futur laboral del nostre alumnat.<\/p>\n\n\t\t<style type=\"text\/css\">\n\t\t\t#gallery-1 {\n\t\t\t\tmargin: auto;\n\t\t\t}\n\t\t\t#gallery-1 .gallery-item {\n\t\t\t\tfloat: left;\n\t\t\t\tmargin-top: 10px;\n\t\t\t\ttext-align: center;\n\t\t\t\twidth: 33%;\n\t\t\t}\n\t\t\t#gallery-1 img {\n\t\t\t\tborder: 2px solid #cfcfcf;\n\t\t\t}\n\t\t\t#gallery-1 .gallery-caption {\n\t\t\t\tmargin-left: 0;\n\t\t\t}\n\t\t\t\/* see gallery_shortcode() in wp-includes\/media.php *\/\n\t\t<\/style>\n\t\t<div id='gallery-1' class='gallery galleryid-5024 gallery-columns-3 gallery-size-large'><dl class='gallery-item'>\n\t\t\t<dt class='gallery-icon landscape'>\n\t\t\t\t<a href='https:\/\/agora.xtec.cat\/escolajeronidemoragas\/general\/sortida-labobral-a-xocolates-simon-coll-i-caves-blancher-%f0%9f%8d%ab%f0%9f%8d%87\/attachment\/20260213_113501-3\/'><img loading=\"lazy\" decoding=\"async\" width=\"1024\" height=\"685\" src=\"https:\/\/agora.xtec.cat\/escolajeronidemoragas\/wp-content\/uploads\/usu2509\/2026\/02\/20260213_113501-2-1024x685.jpg\" class=\"attachment-large size-large\" alt=\"\" srcset=\"https:\/\/agora.xtec.cat\/escolajeronidemoragas\/wp-content\/uploads\/usu2509\/2026\/02\/20260213_113501-2-1024x685.jpg 1024w, https:\/\/agora.xtec.cat\/escolajeronidemoragas\/wp-content\/uploads\/usu2509\/2026\/02\/20260213_113501-2-300x201.jpg 300w, https:\/\/agora.xtec.cat\/escolajeronidemoragas\/wp-content\/uploads\/usu2509\/2026\/02\/20260213_113501-2-768x514.jpg 768w, https:\/\/agora.xtec.cat\/escolajeronidemoragas\/wp-content\/uploads\/usu2509\/2026\/02\/20260213_113501-2-1536x1027.jpg 1536w, https:\/\/agora.xtec.cat\/escolajeronidemoragas\/wp-content\/uploads\/usu2509\/2026\/02\/20260213_113501-2-2048x1370.jpg 2048w\" sizes=\"auto, (max-width: 1024px) 100vw, 1024px\" \/><\/a>\n\t\t\t<\/dt><\/dl><dl class='gallery-item'>\n\t\t\t<dt class='gallery-icon portrait'>\n\t\t\t\t<a href='https:\/\/agora.xtec.cat\/escolajeronidemoragas\/general\/sortida-labobral-a-xocolates-simon-coll-i-caves-blancher-%f0%9f%8d%ab%f0%9f%8d%87\/attachment\/20260213_120329-2\/'><img loading=\"lazy\" decoding=\"async\" width=\"768\" height=\"1024\" src=\"https:\/\/agora.xtec.cat\/escolajeronidemoragas\/wp-content\/uploads\/usu2509\/2026\/02\/20260213_120329-1-768x1024.jpg\" class=\"attachment-large size-large\" alt=\"\" srcset=\"https:\/\/agora.xtec.cat\/escolajeronidemoragas\/wp-content\/uploads\/usu2509\/2026\/02\/20260213_120329-1-768x1024.jpg 768w, https:\/\/agora.xtec.cat\/escolajeronidemoragas\/wp-content\/uploads\/usu2509\/2026\/02\/20260213_120329-1-225x300.jpg 225w, https:\/\/agora.xtec.cat\/escolajeronidemoragas\/wp-content\/uploads\/usu2509\/2026\/02\/20260213_120329-1-1152x1536.jpg 1152w, https:\/\/agora.xtec.cat\/escolajeronidemoragas\/wp-content\/uploads\/usu2509\/2026\/02\/20260213_120329-1-1536x2048.jpg 1536w, https:\/\/agora.xtec.cat\/escolajeronidemoragas\/wp-content\/uploads\/usu2509\/2026\/02\/20260213_120329-1-scaled.jpg 1920w\" sizes=\"auto, (max-width: 768px) 100vw, 768px\" \/><\/a>\n\t\t\t<\/dt><\/dl><dl class='gallery-item'>\n\t\t\t<dt class='gallery-icon portrait'>\n\t\t\t\t<a href='https:\/\/agora.xtec.cat\/escolajeronidemoragas\/general\/sortida-labobral-a-xocolates-simon-coll-i-caves-blancher-%f0%9f%8d%ab%f0%9f%8d%87\/attachment\/20260213_120433-2\/'><img loading=\"lazy\" decoding=\"async\" width=\"768\" height=\"1024\" src=\"https:\/\/agora.xtec.cat\/escolajeronidemoragas\/wp-content\/uploads\/usu2509\/2026\/02\/20260213_120433-1-768x1024.jpg\" class=\"attachment-large size-large\" alt=\"\" srcset=\"https:\/\/agora.xtec.cat\/escolajeronidemoragas\/wp-content\/uploads\/usu2509\/2026\/02\/20260213_120433-1-768x1024.jpg 768w, https:\/\/agora.xtec.cat\/escolajeronidemoragas\/wp-content\/uploads\/usu2509\/2026\/02\/20260213_120433-1-225x300.jpg 225w, https:\/\/agora.xtec.cat\/escolajeronidemoragas\/wp-content\/uploads\/usu2509\/2026\/02\/20260213_120433-1-1152x1536.jpg 1152w, https:\/\/agora.xtec.cat\/escolajeronidemoragas\/wp-content\/uploads\/usu2509\/2026\/02\/20260213_120433-1-1536x2048.jpg 1536w, https:\/\/agora.xtec.cat\/escolajeronidemoragas\/wp-content\/uploads\/usu2509\/2026\/02\/20260213_120433-1-scaled.jpg 1920w\" sizes=\"auto, (max-width: 768px) 100vw, 768px\" \/><\/a>\n\t\t\t<\/dt><\/dl><br style=\"clear: both\" \/><dl class='gallery-item'>\n\t\t\t<dt class='gallery-icon landscape'>\n\t\t\t\t<a href='https:\/\/agora.xtec.cat\/escolajeronidemoragas\/general\/sortida-labobral-a-xocolates-simon-coll-i-caves-blancher-%f0%9f%8d%ab%f0%9f%8d%87\/attachment\/20260213_113510-2\/'><img loading=\"lazy\" decoding=\"async\" width=\"1024\" height=\"768\" src=\"https:\/\/agora.xtec.cat\/escolajeronidemoragas\/wp-content\/uploads\/usu2509\/2026\/02\/20260213_113510-1-1024x768.jpg\" class=\"attachment-large size-large\" alt=\"\" srcset=\"https:\/\/agora.xtec.cat\/escolajeronidemoragas\/wp-content\/uploads\/usu2509\/2026\/02\/20260213_113510-1-1024x768.jpg 1024w, https:\/\/agora.xtec.cat\/escolajeronidemoragas\/wp-content\/uploads\/usu2509\/2026\/02\/20260213_113510-1-300x225.jpg 300w, https:\/\/agora.xtec.cat\/escolajeronidemoragas\/wp-content\/uploads\/usu2509\/2026\/02\/20260213_113510-1-768x576.jpg 768w, https:\/\/agora.xtec.cat\/escolajeronidemoragas\/wp-content\/uploads\/usu2509\/2026\/02\/20260213_113510-1-1536x1152.jpg 1536w, https:\/\/agora.xtec.cat\/escolajeronidemoragas\/wp-content\/uploads\/usu2509\/2026\/02\/20260213_113510-1-2048x1536.jpg 2048w, https:\/\/agora.xtec.cat\/escolajeronidemoragas\/wp-content\/uploads\/usu2509\/2026\/02\/20260213_113510-1-200x150.jpg 200w\" sizes=\"auto, (max-width: 1024px) 100vw, 1024px\" \/><\/a>\n\t\t\t<\/dt><\/dl><dl class='gallery-item'>\n\t\t\t<dt class='gallery-icon portrait'>\n\t\t\t\t<a href='https:\/\/agora.xtec.cat\/escolajeronidemoragas\/general\/sortida-labobral-a-xocolates-simon-coll-i-caves-blancher-%f0%9f%8d%ab%f0%9f%8d%87\/attachment\/20260213_120434-2\/'><img loading=\"lazy\" decoding=\"async\" width=\"768\" height=\"1024\" src=\"https:\/\/agora.xtec.cat\/escolajeronidemoragas\/wp-content\/uploads\/usu2509\/2026\/02\/20260213_120434-1-768x1024.jpg\" class=\"attachment-large size-large\" alt=\"\" srcset=\"https:\/\/agora.xtec.cat\/escolajeronidemoragas\/wp-content\/uploads\/usu2509\/2026\/02\/20260213_120434-1-768x1024.jpg 768w, https:\/\/agora.xtec.cat\/escolajeronidemoragas\/wp-content\/uploads\/usu2509\/2026\/02\/20260213_120434-1-225x300.jpg 225w, https:\/\/agora.xtec.cat\/escolajeronidemoragas\/wp-content\/uploads\/usu2509\/2026\/02\/20260213_120434-1-1152x1536.jpg 1152w, https:\/\/agora.xtec.cat\/escolajeronidemoragas\/wp-content\/uploads\/usu2509\/2026\/02\/20260213_120434-1-1536x2048.jpg 1536w, https:\/\/agora.xtec.cat\/escolajeronidemoragas\/wp-content\/uploads\/usu2509\/2026\/02\/20260213_120434-1-scaled.jpg 1920w\" sizes=\"auto, (max-width: 768px) 100vw, 768px\" \/><\/a>\n\t\t\t<\/dt><\/dl><dl class='gallery-item'>\n\t\t\t<dt class='gallery-icon portrait'>\n\t\t\t\t<a href='https:\/\/agora.xtec.cat\/escolajeronidemoragas\/general\/sortida-labobral-a-xocolates-simon-coll-i-caves-blancher-%f0%9f%8d%ab%f0%9f%8d%87\/attachment\/whatsapp-image-2026-02-14-at-08-35-52-1-3\/'><img loading=\"lazy\" decoding=\"async\" width=\"909\" height=\"1024\" src=\"https:\/\/agora.xtec.cat\/escolajeronidemoragas\/wp-content\/uploads\/usu2509\/2026\/02\/WhatsApp-Image-2026-02-14-at-08.35.52-1-2-909x1024.jpeg\" class=\"attachment-large size-large\" alt=\"\" srcset=\"https:\/\/agora.xtec.cat\/escolajeronidemoragas\/wp-content\/uploads\/usu2509\/2026\/02\/WhatsApp-Image-2026-02-14-at-08.35.52-1-2-909x1024.jpeg 909w, https:\/\/agora.xtec.cat\/escolajeronidemoragas\/wp-content\/uploads\/usu2509\/2026\/02\/WhatsApp-Image-2026-02-14-at-08.35.52-1-2-266x300.jpeg 266w, https:\/\/agora.xtec.cat\/escolajeronidemoragas\/wp-content\/uploads\/usu2509\/2026\/02\/WhatsApp-Image-2026-02-14-at-08.35.52-1-2-768x865.jpeg 768w, https:\/\/agora.xtec.cat\/escolajeronidemoragas\/wp-content\/uploads\/usu2509\/2026\/02\/WhatsApp-Image-2026-02-14-at-08.35.52-1-2-1364x1536.jpeg 1364w, https:\/\/agora.xtec.cat\/escolajeronidemoragas\/wp-content\/uploads\/usu2509\/2026\/02\/WhatsApp-Image-2026-02-14-at-08.35.52-1-2.jpeg 1532w\" sizes=\"auto, (max-width: 909px) 100vw, 909px\" \/><\/a>\n\t\t\t<\/dt><\/dl><br style=\"clear: both\" \/><dl class='gallery-item'>\n\t\t\t<dt class='gallery-icon portrait'>\n\t\t\t\t<a href='https:\/\/agora.xtec.cat\/escolajeronidemoragas\/general\/sortida-labobral-a-xocolates-simon-coll-i-caves-blancher-%f0%9f%8d%ab%f0%9f%8d%87\/attachment\/20260213_121943-2\/'><img loading=\"lazy\" decoding=\"async\" width=\"768\" height=\"1024\" src=\"https:\/\/agora.xtec.cat\/escolajeronidemoragas\/wp-content\/uploads\/usu2509\/2026\/02\/20260213_121943-1-768x1024.jpg\" class=\"attachment-large size-large\" alt=\"\" srcset=\"https:\/\/agora.xtec.cat\/escolajeronidemoragas\/wp-content\/uploads\/usu2509\/2026\/02\/20260213_121943-1-768x1024.jpg 768w, https:\/\/agora.xtec.cat\/escolajeronidemoragas\/wp-content\/uploads\/usu2509\/2026\/02\/20260213_121943-1-225x300.jpg 225w, https:\/\/agora.xtec.cat\/escolajeronidemoragas\/wp-content\/uploads\/usu2509\/2026\/02\/20260213_121943-1-1152x1536.jpg 1152w, https:\/\/agora.xtec.cat\/escolajeronidemoragas\/wp-content\/uploads\/usu2509\/2026\/02\/20260213_121943-1-1536x2048.jpg 1536w, https:\/\/agora.xtec.cat\/escolajeronidemoragas\/wp-content\/uploads\/usu2509\/2026\/02\/20260213_121943-1-scaled.jpg 1920w\" sizes=\"auto, (max-width: 768px) 100vw, 768px\" \/><\/a>\n\t\t\t<\/dt><\/dl><dl class='gallery-item'>\n\t\t\t<dt class='gallery-icon portrait'>\n\t\t\t\t<a href='https:\/\/agora.xtec.cat\/escolajeronidemoragas\/general\/sortida-labobral-a-xocolates-simon-coll-i-caves-blancher-%f0%9f%8d%ab%f0%9f%8d%87\/attachment\/whatsapp-image-2026-02-13-at-17-45-15-2\/'><img loading=\"lazy\" decoding=\"async\" width=\"768\" height=\"1024\" src=\"https:\/\/agora.xtec.cat\/escolajeronidemoragas\/wp-content\/uploads\/usu2509\/2026\/02\/WhatsApp-Image-2026-02-13-at-17.45.15-1-768x1024.jpeg\" class=\"attachment-large size-large\" alt=\"\" srcset=\"https:\/\/agora.xtec.cat\/escolajeronidemoragas\/wp-content\/uploads\/usu2509\/2026\/02\/WhatsApp-Image-2026-02-13-at-17.45.15-1-768x1024.jpeg 768w, https:\/\/agora.xtec.cat\/escolajeronidemoragas\/wp-content\/uploads\/usu2509\/2026\/02\/WhatsApp-Image-2026-02-13-at-17.45.15-1-225x300.jpeg 225w, https:\/\/agora.xtec.cat\/escolajeronidemoragas\/wp-content\/uploads\/usu2509\/2026\/02\/WhatsApp-Image-2026-02-13-at-17.45.15-1-1152x1536.jpeg 1152w, https:\/\/agora.xtec.cat\/escolajeronidemoragas\/wp-content\/uploads\/usu2509\/2026\/02\/WhatsApp-Image-2026-02-13-at-17.45.15-1.jpeg 1500w\" sizes=\"auto, (max-width: 768px) 100vw, 768px\" \/><\/a>\n\t\t\t<\/dt><\/dl><dl class='gallery-item'>\n\t\t\t<dt class='gallery-icon landscape'>\n\t\t\t\t<a href='https:\/\/agora.xtec.cat\/escolajeronidemoragas\/general\/sortida-labobral-a-xocolates-simon-coll-i-caves-blancher-%f0%9f%8d%ab%f0%9f%8d%87\/attachment\/20260213_130453-2\/'><img loading=\"lazy\" decoding=\"async\" width=\"1024\" height=\"926\" src=\"https:\/\/agora.xtec.cat\/escolajeronidemoragas\/wp-content\/uploads\/usu2509\/2026\/02\/20260213_130453-1-1024x926.jpg\" class=\"attachment-large size-large\" alt=\"\" srcset=\"https:\/\/agora.xtec.cat\/escolajeronidemoragas\/wp-content\/uploads\/usu2509\/2026\/02\/20260213_130453-1-1024x926.jpg 1024w, https:\/\/agora.xtec.cat\/escolajeronidemoragas\/wp-content\/uploads\/usu2509\/2026\/02\/20260213_130453-1-300x271.jpg 300w, https:\/\/agora.xtec.cat\/escolajeronidemoragas\/wp-content\/uploads\/usu2509\/2026\/02\/20260213_130453-1-768x695.jpg 768w, https:\/\/agora.xtec.cat\/escolajeronidemoragas\/wp-content\/uploads\/usu2509\/2026\/02\/20260213_130453-1-1536x1389.jpg 1536w, https:\/\/agora.xtec.cat\/escolajeronidemoragas\/wp-content\/uploads\/usu2509\/2026\/02\/20260213_130453-1-2048x1852.jpg 2048w\" sizes=\"auto, (max-width: 1024px) 100vw, 1024px\" \/><\/a>\n\t\t\t<\/dt><\/dl><br style=\"clear: both\" \/><dl class='gallery-item'>\n\t\t\t<dt class='gallery-icon landscape'>\n\t\t\t\t<a href='https:\/\/agora.xtec.cat\/escolajeronidemoragas\/general\/sortida-labobral-a-xocolates-simon-coll-i-caves-blancher-%f0%9f%8d%ab%f0%9f%8d%87\/attachment\/20260213_125807-2\/'><img loading=\"lazy\" decoding=\"async\" width=\"1024\" height=\"768\" src=\"https:\/\/agora.xtec.cat\/escolajeronidemoragas\/wp-content\/uploads\/usu2509\/2026\/02\/20260213_125807-1-1024x768.jpg\" class=\"attachment-large size-large\" alt=\"\" srcset=\"https:\/\/agora.xtec.cat\/escolajeronidemoragas\/wp-content\/uploads\/usu2509\/2026\/02\/20260213_125807-1-1024x768.jpg 1024w, https:\/\/agora.xtec.cat\/escolajeronidemoragas\/wp-content\/uploads\/usu2509\/2026\/02\/20260213_125807-1-300x225.jpg 300w, https:\/\/agora.xtec.cat\/escolajeronidemoragas\/wp-content\/uploads\/usu2509\/2026\/02\/20260213_125807-1-768x576.jpg 768w, https:\/\/agora.xtec.cat\/escolajeronidemoragas\/wp-content\/uploads\/usu2509\/2026\/02\/20260213_125807-1-1536x1152.jpg 1536w, https:\/\/agora.xtec.cat\/escolajeronidemoragas\/wp-content\/uploads\/usu2509\/2026\/02\/20260213_125807-1-2048x1536.jpg 2048w, https:\/\/agora.xtec.cat\/escolajeronidemoragas\/wp-content\/uploads\/usu2509\/2026\/02\/20260213_125807-1-200x150.jpg 200w\" sizes=\"auto, (max-width: 1024px) 100vw, 1024px\" \/><\/a>\n\t\t\t<\/dt><\/dl><dl class='gallery-item'>\n\t\t\t<dt class='gallery-icon landscape'>\n\t\t\t\t<a href='https:\/\/agora.xtec.cat\/escolajeronidemoragas\/general\/sortida-labobral-a-xocolates-simon-coll-i-caves-blancher-%f0%9f%8d%ab%f0%9f%8d%87\/attachment\/whatsapp-image-2026-02-13-at-17-45-11-1-2\/'><img loading=\"lazy\" decoding=\"async\" width=\"1024\" height=\"615\" src=\"https:\/\/agora.xtec.cat\/escolajeronidemoragas\/wp-content\/uploads\/usu2509\/2026\/02\/WhatsApp-Image-2026-02-13-at-17.45.11-1-1-1024x615.jpeg\" class=\"attachment-large size-large\" alt=\"\" srcset=\"https:\/\/agora.xtec.cat\/escolajeronidemoragas\/wp-content\/uploads\/usu2509\/2026\/02\/WhatsApp-Image-2026-02-13-at-17.45.11-1-1-1024x615.jpeg 1024w, https:\/\/agora.xtec.cat\/escolajeronidemoragas\/wp-content\/uploads\/usu2509\/2026\/02\/WhatsApp-Image-2026-02-13-at-17.45.11-1-1-300x180.jpeg 300w, https:\/\/agora.xtec.cat\/escolajeronidemoragas\/wp-content\/uploads\/usu2509\/2026\/02\/WhatsApp-Image-2026-02-13-at-17.45.11-1-1-768x462.jpeg 768w, https:\/\/agora.xtec.cat\/escolajeronidemoragas\/wp-content\/uploads\/usu2509\/2026\/02\/WhatsApp-Image-2026-02-13-at-17.45.11-1-1-1536x923.jpeg 1536w, https:\/\/agora.xtec.cat\/escolajeronidemoragas\/wp-content\/uploads\/usu2509\/2026\/02\/WhatsApp-Image-2026-02-13-at-17.45.11-1-1.jpeg 2000w\" sizes=\"auto, (max-width: 1024px) 100vw, 1024px\" \/><\/a>\n\t\t\t<\/dt><\/dl><dl class='gallery-item'>\n\t\t\t<dt class='gallery-icon landscape'>\n\t\t\t\t<a href='https:\/\/agora.xtec.cat\/escolajeronidemoragas\/general\/sortida-labobral-a-xocolates-simon-coll-i-caves-blancher-%f0%9f%8d%ab%f0%9f%8d%87\/attachment\/20260213_131447-2\/'><img loading=\"lazy\" decoding=\"async\" width=\"1024\" height=\"768\" src=\"https:\/\/agora.xtec.cat\/escolajeronidemoragas\/wp-content\/uploads\/usu2509\/2026\/02\/20260213_131447-1-1024x768.jpg\" class=\"attachment-large size-large\" alt=\"\" srcset=\"https:\/\/agora.xtec.cat\/escolajeronidemoragas\/wp-content\/uploads\/usu2509\/2026\/02\/20260213_131447-1-1024x768.jpg 1024w, https:\/\/agora.xtec.cat\/escolajeronidemoragas\/wp-content\/uploads\/usu2509\/2026\/02\/20260213_131447-1-300x225.jpg 300w, https:\/\/agora.xtec.cat\/escolajeronidemoragas\/wp-content\/uploads\/usu2509\/2026\/02\/20260213_131447-1-768x576.jpg 768w, https:\/\/agora.xtec.cat\/escolajeronidemoragas\/wp-content\/uploads\/usu2509\/2026\/02\/20260213_131447-1-1536x1152.jpg 1536w, https:\/\/agora.xtec.cat\/escolajeronidemoragas\/wp-content\/uploads\/usu2509\/2026\/02\/20260213_131447-1-2048x1536.jpg 2048w, https:\/\/agora.xtec.cat\/escolajeronidemoragas\/wp-content\/uploads\/usu2509\/2026\/02\/20260213_131447-1-200x150.jpg 200w\" sizes=\"auto, (max-width: 1024px) 100vw, 1024px\" \/><\/a>\n\t\t\t<\/dt><\/dl><br style=\"clear: both\" \/><dl class='gallery-item'>\n\t\t\t<dt class='gallery-icon landscape'>\n\t\t\t\t<a href='https:\/\/agora.xtec.cat\/escolajeronidemoragas\/general\/sortida-labobral-a-xocolates-simon-coll-i-caves-blancher-%f0%9f%8d%ab%f0%9f%8d%87\/attachment\/whatsapp-image-2026-02-14-at-08-35-52-2-3\/'><img loading=\"lazy\" decoding=\"async\" width=\"1024\" height=\"766\" src=\"https:\/\/agora.xtec.cat\/escolajeronidemoragas\/wp-content\/uploads\/usu2509\/2026\/02\/WhatsApp-Image-2026-02-14-at-08.35.52-2-2-1024x766.jpeg\" class=\"attachment-large size-large\" alt=\"\" srcset=\"https:\/\/agora.xtec.cat\/escolajeronidemoragas\/wp-content\/uploads\/usu2509\/2026\/02\/WhatsApp-Image-2026-02-14-at-08.35.52-2-2-1024x766.jpeg 1024w, https:\/\/agora.xtec.cat\/escolajeronidemoragas\/wp-content\/uploads\/usu2509\/2026\/02\/WhatsApp-Image-2026-02-14-at-08.35.52-2-2-300x224.jpeg 300w, https:\/\/agora.xtec.cat\/escolajeronidemoragas\/wp-content\/uploads\/usu2509\/2026\/02\/WhatsApp-Image-2026-02-14-at-08.35.52-2-2-768x575.jpeg 768w, https:\/\/agora.xtec.cat\/escolajeronidemoragas\/wp-content\/uploads\/usu2509\/2026\/02\/WhatsApp-Image-2026-02-14-at-08.35.52-2-2-1536x1149.jpeg 1536w, https:\/\/agora.xtec.cat\/escolajeronidemoragas\/wp-content\/uploads\/usu2509\/2026\/02\/WhatsApp-Image-2026-02-14-at-08.35.52-2-2-200x150.jpeg 200w, https:\/\/agora.xtec.cat\/escolajeronidemoragas\/wp-content\/uploads\/usu2509\/2026\/02\/WhatsApp-Image-2026-02-14-at-08.35.52-2-2.jpeg 2048w\" sizes=\"auto, (max-width: 1024px) 100vw, 1024px\" \/><\/a>\n\t\t\t<\/dt><\/dl><dl class='gallery-item'>\n\t\t\t<dt class='gallery-icon portrait'>\n\t\t\t\t<a href='https:\/\/agora.xtec.cat\/escolajeronidemoragas\/general\/sortida-labobral-a-xocolates-simon-coll-i-caves-blancher-%f0%9f%8d%ab%f0%9f%8d%87\/attachment\/whatsapp-image-2026-02-13-at-17-45-04-1-3\/'><img loading=\"lazy\" decoding=\"async\" width=\"768\" height=\"1024\" src=\"https:\/\/agora.xtec.cat\/escolajeronidemoragas\/wp-content\/uploads\/usu2509\/2026\/02\/WhatsApp-Image-2026-02-13-at-17.45.04-1-2-768x1024.jpeg\" class=\"attachment-large size-large\" alt=\"\" srcset=\"https:\/\/agora.xtec.cat\/escolajeronidemoragas\/wp-content\/uploads\/usu2509\/2026\/02\/WhatsApp-Image-2026-02-13-at-17.45.04-1-2-768x1024.jpeg 768w, https:\/\/agora.xtec.cat\/escolajeronidemoragas\/wp-content\/uploads\/usu2509\/2026\/02\/WhatsApp-Image-2026-02-13-at-17.45.04-1-2-225x300.jpeg 225w, https:\/\/agora.xtec.cat\/escolajeronidemoragas\/wp-content\/uploads\/usu2509\/2026\/02\/WhatsApp-Image-2026-02-13-at-17.45.04-1-2-1152x1536.jpeg 1152w, https:\/\/agora.xtec.cat\/escolajeronidemoragas\/wp-content\/uploads\/usu2509\/2026\/02\/WhatsApp-Image-2026-02-13-at-17.45.04-1-2.jpeg 1500w\" sizes=\"auto, (max-width: 768px) 100vw, 768px\" \/><\/a>\n\t\t\t<\/dt><\/dl><dl class='gallery-item'>\n\t\t\t<dt class='gallery-icon portrait'>\n\t\t\t\t<a href='https:\/\/agora.xtec.cat\/escolajeronidemoragas\/general\/sortida-labobral-a-xocolates-simon-coll-i-caves-blancher-%f0%9f%8d%ab%f0%9f%8d%87\/attachment\/whatsapp-image-2026-02-13-at-17-45-04-2\/'><img loading=\"lazy\" decoding=\"async\" width=\"768\" height=\"1024\" src=\"https:\/\/agora.xtec.cat\/escolajeronidemoragas\/wp-content\/uploads\/usu2509\/2026\/02\/WhatsApp-Image-2026-02-13-at-17.45.04-2-768x1024.jpeg\" class=\"attachment-large size-large\" alt=\"\" srcset=\"https:\/\/agora.xtec.cat\/escolajeronidemoragas\/wp-content\/uploads\/usu2509\/2026\/02\/WhatsApp-Image-2026-02-13-at-17.45.04-2-768x1024.jpeg 768w, https:\/\/agora.xtec.cat\/escolajeronidemoragas\/wp-content\/uploads\/usu2509\/2026\/02\/WhatsApp-Image-2026-02-13-at-17.45.04-2-225x300.jpeg 225w, https:\/\/agora.xtec.cat\/escolajeronidemoragas\/wp-content\/uploads\/usu2509\/2026\/02\/WhatsApp-Image-2026-02-13-at-17.45.04-2-1152x1536.jpeg 1152w, https:\/\/agora.xtec.cat\/escolajeronidemoragas\/wp-content\/uploads\/usu2509\/2026\/02\/WhatsApp-Image-2026-02-13-at-17.45.04-2.jpeg 1500w\" sizes=\"auto, (max-width: 768px) 100vw, 768px\" \/><\/a>\n\t\t\t<\/dt><\/dl><br style=\"clear: both\" \/><dl class='gallery-item'>\n\t\t\t<dt class='gallery-icon portrait'>\n\t\t\t\t<a href='https:\/\/agora.xtec.cat\/escolajeronidemoragas\/general\/sortida-labobral-a-xocolates-simon-coll-i-caves-blancher-%f0%9f%8d%ab%f0%9f%8d%87\/attachment\/whatsapp-image-2026-02-13-at-17-45-06-2\/'><img loading=\"lazy\" decoding=\"async\" width=\"768\" height=\"1024\" src=\"https:\/\/agora.xtec.cat\/escolajeronidemoragas\/wp-content\/uploads\/usu2509\/2026\/02\/WhatsApp-Image-2026-02-13-at-17.45.06-1-768x1024.jpeg\" class=\"attachment-large size-large\" alt=\"\" srcset=\"https:\/\/agora.xtec.cat\/escolajeronidemoragas\/wp-content\/uploads\/usu2509\/2026\/02\/WhatsApp-Image-2026-02-13-at-17.45.06-1-768x1024.jpeg 768w, https:\/\/agora.xtec.cat\/escolajeronidemoragas\/wp-content\/uploads\/usu2509\/2026\/02\/WhatsApp-Image-2026-02-13-at-17.45.06-1-225x300.jpeg 225w, https:\/\/agora.xtec.cat\/escolajeronidemoragas\/wp-content\/uploads\/usu2509\/2026\/02\/WhatsApp-Image-2026-02-13-at-17.45.06-1-1152x1536.jpeg 1152w, https:\/\/agora.xtec.cat\/escolajeronidemoragas\/wp-content\/uploads\/usu2509\/2026\/02\/WhatsApp-Image-2026-02-13-at-17.45.06-1.jpeg 1500w\" sizes=\"auto, (max-width: 768px) 100vw, 768px\" \/><\/a>\n\t\t\t<\/dt><\/dl><dl class='gallery-item'>\n\t\t\t<dt class='gallery-icon landscape'>\n\t\t\t\t<a href='https:\/\/agora.xtec.cat\/escolajeronidemoragas\/general\/sortida-labobral-a-xocolates-simon-coll-i-caves-blancher-%f0%9f%8d%ab%f0%9f%8d%87\/attachment\/20260213_131526-2\/'><img loading=\"lazy\" decoding=\"async\" width=\"1024\" height=\"768\" src=\"https:\/\/agora.xtec.cat\/escolajeronidemoragas\/wp-content\/uploads\/usu2509\/2026\/02\/20260213_131526-1-1024x768.jpg\" class=\"attachment-large size-large\" alt=\"\" srcset=\"https:\/\/agora.xtec.cat\/escolajeronidemoragas\/wp-content\/uploads\/usu2509\/2026\/02\/20260213_131526-1-1024x768.jpg 1024w, https:\/\/agora.xtec.cat\/escolajeronidemoragas\/wp-content\/uploads\/usu2509\/2026\/02\/20260213_131526-1-300x225.jpg 300w, https:\/\/agora.xtec.cat\/escolajeronidemoragas\/wp-content\/uploads\/usu2509\/2026\/02\/20260213_131526-1-768x576.jpg 768w, https:\/\/agora.xtec.cat\/escolajeronidemoragas\/wp-content\/uploads\/usu2509\/2026\/02\/20260213_131526-1-1536x1152.jpg 1536w, https:\/\/agora.xtec.cat\/escolajeronidemoragas\/wp-content\/uploads\/usu2509\/2026\/02\/20260213_131526-1-2048x1536.jpg 2048w, https:\/\/agora.xtec.cat\/escolajeronidemoragas\/wp-content\/uploads\/usu2509\/2026\/02\/20260213_131526-1-200x150.jpg 200w\" sizes=\"auto, (max-width: 1024px) 100vw, 1024px\" \/><\/a>\n\t\t\t<\/dt><\/dl>\n\t\t\t<br style='clear: both' \/>\n\t\t<\/div>\n\n","protected":false},"excerpt":{"rendered":"<p>Aquest divendres, l\u2019alumnat de TVA ha realitzat una nova sortida laboral a <a href=\"https:\/\/espaixocolata.simoncoll.com\/es\/?gad_source=1&amp;gad_campaignid=21544715698&amp;gbraid=0AAAAAo9KGSboRj5PLu2UiUzF3tqKeszUe&amp;gclid=Cj0KCQiA18DMBhDeARIsABtYwT1_VcEL3RX40w0iLsDGuQowjNAmtWXrv-MlscgLUICPJz4le5t23gMaAjeqEALw_wcB\">Xocolates Simon Coll <\/a>i <a href=\"https:\/\/www.blancher.es\/\">Caves Blancher.<\/a> Malgrat la pluja, la jornada es va portar a terme amb molt bon ambient i amb moltes ganes d\u2019aprendre i descobrir nous entorns professionals.<br \/>\nLa primera&hellip;  <a href=\"https:\/\/agora.xtec.cat\/escolajeronidemoragas\/general\/sortida-labobral-a-xocolates-simon-coll-i-caves-blancher-%f0%9f%8d%ab%f0%9f%8d%87\/\" title=\"Read SORTIDA LABORAL A XOCOLATES SIMON COLL I CAVES BLANCHER \ud83c\udf6b\ud83c\udf47\">Llegeix m\u00e9s\u00bb<\/a><\/p>\n","protected":false},"author":1,"featured_media":5064,"comment_status":"open","ping_status":"open","sticky":false,"template":"","format":"standard","meta":{"_bbp_topic_count":0,"_bbp_reply_count":0,"_bbp_total_topic_count":0,"_bbp_total_reply_count":0,"_bbp_voice_count":0,"_bbp_anonymous_reply_count":0,"_bbp_topic_count_hidden":0,"_bbp_reply_count_hidden":0,"_bbp_forum_subforum_count":0,"footnotes":""},"categories":[87,72,1,4,85,84],"tags":[],"class_list":["post-5024","post","type-post","status-publish","format-standard","has-post-thumbnail","hentry","category-curs-2025-26","category-febrer","category-general","category-portada","category-sensorial","category-tva"],"post_mailing_queue_ids":[],"_links":{"self":[{"href":"https:\/\/agora.xtec.cat\/escolajeronidemoragas\/wp-json\/wp\/v2\/posts\/5024","targetHints":{"allow":["GET"]}}],"collection":[{"href":"https:\/\/agora.xtec.cat\/escolajeronidemoragas\/wp-json\/wp\/v2\/posts"}],"about":[{"href":"https:\/\/agora.xtec.cat\/escolajeronidemoragas\/wp-json\/wp\/v2\/types\/post"}],"author":[{"embeddable":true,"href":"https:\/\/agora.xtec.cat\/escolajeronidemoragas\/wp-json\/wp\/v2\/users\/1"}],"replies":[{"embeddable":true,"href":"https:\/\/agora.xtec.cat\/escolajeronidemoragas\/wp-json\/wp\/v2\/comments?post=5024"}],"version-history":[{"count":3,"href":"https:\/\/agora.xtec.cat\/escolajeronidemoragas\/wp-json\/wp\/v2\/posts\/5024\/revisions"}],"predecessor-version":[{"id":5069,"href":"https:\/\/agora.xtec.cat\/escolajeronidemoragas\/wp-json\/wp\/v2\/posts\/5024\/revisions\/5069"}],"wp:featuredmedia":[{"embeddable":true,"href":"https:\/\/agora.xtec.cat\/escolajeronidemoragas\/wp-json\/wp\/v2\/media\/5064"}],"wp:attachment":[{"href":"https:\/\/agora.xtec.cat\/escolajeronidemoragas\/wp-json\/wp\/v2\/media?parent=5024"}],"wp:term":[{"taxonomy":"category","embeddable":true,"href":"https:\/\/agora.xtec.cat\/escolajeronidemoragas\/wp-json\/wp\/v2\/categories?post=5024"},{"taxonomy":"post_tag","embeddable":true,"href":"https:\/\/agora.xtec.cat\/escolajeronidemoragas\/wp-json\/wp\/v2\/tags?post=5024"}],"curies":[{"name":"wp","href":"https:\/\/api.w.org\/{rel}","templated":true}]}}