{"id":5013,"date":"2026-02-06T20:16:20","date_gmt":"2026-02-06T19:16:20","guid":{"rendered":"https:\/\/agora.xtec.cat\/escolajeronidemoragas\/?p=5013"},"modified":"2026-02-07T09:58:46","modified_gmt":"2026-02-07T08:58:46","slug":"%f0%9f%8e%ad-arriba-la-setmana-boja-a-lescola-%f0%9f%8e%ad","status":"publish","type":"post","link":"https:\/\/agora.xtec.cat\/escolajeronidemoragas\/general\/%f0%9f%8e%ad-arriba-la-setmana-boja-a-lescola-%f0%9f%8e%ad\/","title":{"rendered":"\ud83c\udfad ARRIBA LA SETMANA BOJA A L&#8217;ESCOLA! \ud83c\udfad"},"content":{"rendered":"<p style=\"text-align: justify;\" data-start=\"239\" data-end=\"488\">La gresca i la disbauxa ja s\u00f3n aqu\u00ed! El <strong data-start=\"279\" data-end=\"299\">Rei Carnestoltes<\/strong> ha arribat a l\u2019escola carregat d\u2019energia i ens ha deixat un seguit de <strong data-start=\"370\" data-end=\"396\">consignes esbojarrades<\/strong> per convertir cada dia d\u2019aquesta setmana en una festa plena de color, rialles i imaginaci\u00f3.<\/p>\n<p style=\"text-align: justify;\" data-start=\"490\" data-end=\"545\">\ud83d\udcc5 <strong data-start=\"493\" data-end=\"545\">Aquestes s\u00f3n les consignes que haurem de seguir:<\/strong><\/p>\n<p style=\"text-align: justify;\" data-start=\"490\" data-end=\"545\">\ud83d\udfe1 <strong data-start=\"550\" data-end=\"563\">Dilluns 9 : <\/strong>Comencem la setmana amb comoditat total! Tothom a l\u2019escola <strong data-start=\"625\" data-end=\"639\">amb pijama<\/strong>. Val a dir que badalls i somriures estan m\u00e9s\u00a0 \u00a0que permesos!<\/p>\n<p style=\"text-align: justify;\" data-start=\"700\" data-end=\"851\">\ud83d\udd34 <strong data-start=\"703\" data-end=\"717\">Dimarts 10: <\/strong>Deixa volar la creativitat! Vine a l\u2019escola <strong data-start=\"764\" data-end=\"808\">amb un complement o un pentinat original<\/strong>. Tot s\u2019hi val si \u00e9s divertit i\u00a0 \u00a0 \u00a0 \u00a0 \u00a0 \u00a0 sorprenent!<\/p>\n<p style=\"text-align: justify;\" data-start=\"853\" data-end=\"999\">\ud83d\udfe2 <strong data-start=\"856\" data-end=\"871\">Dimecres 11: <\/strong>Eleg\u00e0ncia m\u00e0xima! Ens vestim de gala: <strong data-start=\"912\" data-end=\"946\">vestits, americanes, corbates\u2026<\/strong> L\u2019escola es convertir\u00e0 en una aut\u00e8ntica\u00a0 \u00a0 \u00a0 \u00a0 \u00a0 \u00a0 \u00a0passarel\u00b7la!<\/p>\n<p style=\"text-align: justify;\" data-start=\"853\" data-end=\"999\">\ud83d\udfe0 <strong data-start=\"1004\" data-end=\"1017\">Dijous 12: <\/strong>Dia de colors! Vine a l\u2019escola <strong data-start=\"1051\" data-end=\"1080\">amb mitjons de cada color<\/strong>. Com m\u00e9s diferents, millor!<\/p>\n<p style=\"text-align: justify;\" data-start=\"1001\" data-end=\"1108\">\ud83d\udd35 <strong data-start=\"1113\" data-end=\"1129\">Divendres 13:\u00a0<\/strong>I per acabar la setmana com cal, <strong data-start=\"137\" data-end=\"175\">divendres ens posarem la disfressa<\/strong> i sortirem a fer una <strong data-start=\"197\" data-end=\"230\">rua pels voltants de\u00a0 \u00a0 \u00a0 \u00a0 \u00a0 \u00a0 \u00a0 l\u2019escola<\/strong>, omplint els carrers de m\u00fasica, color i alegria. Preparats\/des per veure personatges incre\u00efbles?<\/p>\n<p style=\"text-align: justify;\" data-start=\"1267\" data-end=\"1474\">\ud83c\udf89 Us animem a <strong data-start=\"1282\" data-end=\"1323\">participar, riure, compartir i gaudir<\/strong> d\u2019aquesta Setmana Boja. Recordeu: com m\u00e9s hi participeu, m\u00e9s divertida ser\u00e0! El Rei Carnestoltes ens observa\u2026 i no li agrada gens la gent avorrida! \ud83d\ude09<\/p>\n<p style=\"text-align: justify;\" data-start=\"1476\" data-end=\"1502\"><strong>Que comenci la festa! \ud83e\udd73\ud83c\udfad<\/strong><\/p>\n<p data-start=\"1476\" data-end=\"1502\"><a href=\"https:\/\/agora.xtec.cat\/escolajeronidemoragas\/wp-content\/uploads\/usu2509\/2026\/02\/WhatsApp-Image-2026-02-06-at-10.02.07.jpeg\"><img loading=\"lazy\" decoding=\"async\" class=\"size-large wp-image-5014 aligncenter\" src=\"https:\/\/agora.xtec.cat\/escolajeronidemoragas\/wp-content\/uploads\/usu2509\/2026\/02\/WhatsApp-Image-2026-02-06-at-10.02.07-1024x557.jpeg\" alt=\"\" width=\"1024\" height=\"557\" srcset=\"https:\/\/agora.xtec.cat\/escolajeronidemoragas\/wp-content\/uploads\/usu2509\/2026\/02\/WhatsApp-Image-2026-02-06-at-10.02.07-1024x557.jpeg 1024w, https:\/\/agora.xtec.cat\/escolajeronidemoragas\/wp-content\/uploads\/usu2509\/2026\/02\/WhatsApp-Image-2026-02-06-at-10.02.07-300x163.jpeg 300w, https:\/\/agora.xtec.cat\/escolajeronidemoragas\/wp-content\/uploads\/usu2509\/2026\/02\/WhatsApp-Image-2026-02-06-at-10.02.07-768x418.jpeg 768w, https:\/\/agora.xtec.cat\/escolajeronidemoragas\/wp-content\/uploads\/usu2509\/2026\/02\/WhatsApp-Image-2026-02-06-at-10.02.07.jpeg 1234w\" sizes=\"auto, (max-width: 1024px) 100vw, 1024px\" \/><\/a><\/p>\n","protected":false},"excerpt":{"rendered":"<p>La gresca i la disbauxa ja s\u00f3n aqu\u00ed! El Rei Carnestoltes ha arribat a l\u2019escola carregat d\u2019energia i ens ha deixat un seguit de consignes esbojarrades per convertir cada dia d\u2019aquesta setmana en una festa plena de color, rialles i imaginaci\u00f3.<br \/>\n\ud83d\udcc5 Aquestes s\u00f3n les consignes&hellip;  <a href=\"https:\/\/agora.xtec.cat\/escolajeronidemoragas\/general\/%f0%9f%8e%ad-arriba-la-setmana-boja-a-lescola-%f0%9f%8e%ad\/\" title=\"Read \ud83c\udfad ARRIBA LA SETMANA BOJA A L&#8217;ESCOLA! \ud83c\udfad\">Llegeix m\u00e9s\u00bb<\/a><\/p>\n","protected":false},"author":1,"featured_media":5014,"comment_status":"open","ping_status":"open","sticky":false,"template":"","format":"standard","meta":{"_bbp_topic_count":0,"_bbp_reply_count":0,"_bbp_total_topic_count":0,"_bbp_total_reply_count":0,"_bbp_voice_count":0,"_bbp_anonymous_reply_count":0,"_bbp_topic_count_hidden":0,"_bbp_reply_count_hidden":0,"_bbp_forum_subforum_count":0,"footnotes":""},"categories":[10,11,12,13,14,15,7,87,83,72,1,88,2,4,85,84],"tags":[],"class_list":["post-5013","post","type-post","status-publish","format-standard","has-post-thumbnail","hentry","category-1r","category-2n","category-3r","category-4t","category-5e","category-6e","category-ampa","category-curs-2025-26","category-eso","category-febrer","category-general","category-ife","category-infantil-i-primaria","category-portada","category-sensorial","category-tva"],"post_mailing_queue_ids":[],"_links":{"self":[{"href":"https:\/\/agora.xtec.cat\/escolajeronidemoragas\/wp-json\/wp\/v2\/posts\/5013","targetHints":{"allow":["GET"]}}],"collection":[{"href":"https:\/\/agora.xtec.cat\/escolajeronidemoragas\/wp-json\/wp\/v2\/posts"}],"about":[{"href":"https:\/\/agora.xtec.cat\/escolajeronidemoragas\/wp-json\/wp\/v2\/types\/post"}],"author":[{"embeddable":true,"href":"https:\/\/agora.xtec.cat\/escolajeronidemoragas\/wp-json\/wp\/v2\/users\/1"}],"replies":[{"embeddable":true,"href":"https:\/\/agora.xtec.cat\/escolajeronidemoragas\/wp-json\/wp\/v2\/comments?post=5013"}],"version-history":[{"count":3,"href":"https:\/\/agora.xtec.cat\/escolajeronidemoragas\/wp-json\/wp\/v2\/posts\/5013\/revisions"}],"predecessor-version":[{"id":5018,"href":"https:\/\/agora.xtec.cat\/escolajeronidemoragas\/wp-json\/wp\/v2\/posts\/5013\/revisions\/5018"}],"wp:featuredmedia":[{"embeddable":true,"href":"https:\/\/agora.xtec.cat\/escolajeronidemoragas\/wp-json\/wp\/v2\/media\/5014"}],"wp:attachment":[{"href":"https:\/\/agora.xtec.cat\/escolajeronidemoragas\/wp-json\/wp\/v2\/media?parent=5013"}],"wp:term":[{"taxonomy":"category","embeddable":true,"href":"https:\/\/agora.xtec.cat\/escolajeronidemoragas\/wp-json\/wp\/v2\/categories?post=5013"},{"taxonomy":"post_tag","embeddable":true,"href":"https:\/\/agora.xtec.cat\/escolajeronidemoragas\/wp-json\/wp\/v2\/tags?post=5013"}],"curies":[{"name":"wp","href":"https:\/\/api.w.org\/{rel}","templated":true}]}}