{"id":5002,"date":"2026-02-04T14:28:18","date_gmt":"2026-02-04T13:28:18","guid":{"rendered":"https:\/\/agora.xtec.cat\/escolajeronidemoragas\/?p=5002"},"modified":"2026-02-04T14:28:18","modified_gmt":"2026-02-04T13:28:18","slug":"robaviva-moda-responsable-i-solidaritat-a-lescola","status":"publish","type":"post","link":"https:\/\/agora.xtec.cat\/escolajeronidemoragas\/general\/robaviva-moda-responsable-i-solidaritat-a-lescola\/","title":{"rendered":"ROBAVIVA: MODA RESPONSABLE I SOLIDARITAT A L&#8217;ESCOLA"},"content":{"rendered":"<p style=\"text-align: justify;\" data-start=\"176\" data-end=\"346\">Aquest <strong data-start=\"183\" data-end=\"208\">divendres 6 de febrer<\/strong>, d\u2019<strong data-start=\"212\" data-end=\"227\">11 h a 13 h<\/strong>, la <strong data-start=\"232\" data-end=\"243\">Cantina<\/strong> acollir\u00e0 una nova edici\u00f3 del <strong data-start=\"273\" data-end=\"285\">RobaViva<\/strong>, el <strong>Mercat Solidari de Roba de Segona M\u00e0<\/strong> impulsat per l\u2019IFE.<\/p>\n<p style=\"text-align: justify;\" data-start=\"348\" data-end=\"538\">Durant el mat\u00ed, hi trobareu <strong data-start=\"376\" data-end=\"420\">roba de segona m\u00e0 a preus molt econ\u00f2mics<\/strong>, una oportunitat ideal per apostar per una <strong data-start=\"464\" data-end=\"497\">moda responsable i sostenible<\/strong> i contribuir a la cura del medi ambient.<\/p>\n<p style=\"text-align: justify;\" data-start=\"540\" data-end=\"760\">A m\u00e9s del mercat, s\u2019han programat <strong data-start=\"574\" data-end=\"616\">diverses activitats i tallers gratu\u00efts<\/strong> oberts a tothom: pintacares, bombolles, tallers d\u2019avions de paper, i moltes sorpreses m\u00e9s per gaudir en fam\u00edlia o amb els companys i companyes.<\/p>\n<p style=\"text-align: justify;\" data-start=\"762\" data-end=\"922\">\ud83d\udd14 <strong data-start=\"765\" data-end=\"818\">Recordeu que les compres s\u2019han de fer en efectiu. <\/strong>Tots els diners recaptats es destinaran a un <strong data-start=\"866\" data-end=\"887\">projecte solidari<\/strong> que es desenvolupar\u00e0 des de l\u2019IFE.<\/p>\n<p style=\"text-align: justify;\" data-start=\"924\" data-end=\"1041\">Us animem a venir a passejar, gaudir i participar en les activitats i <strong data-start=\"985\" data-end=\"1019\">col\u00b7laborar amb una bona causa<\/strong>. <strong data-start=\"1023\" data-end=\"1041\">Us hi esperem!<\/strong><\/p>\n<p data-start=\"924\" data-end=\"1041\"><a href=\"https:\/\/agora.xtec.cat\/escolajeronidemoragas\/wp-content\/uploads\/usu2509\/2026\/02\/RobaViva_5-Mercat-Solidari-de-Roba-de-Segona-Ma.jpg\"><img loading=\"lazy\" decoding=\"async\" class=\"wp-image-5003 aligncenter\" src=\"https:\/\/agora.xtec.cat\/escolajeronidemoragas\/wp-content\/uploads\/usu2509\/2026\/02\/RobaViva_5-Mercat-Solidari-de-Roba-de-Segona-Ma-724x1024.jpg\" alt=\"\" width=\"466\" height=\"659\" srcset=\"https:\/\/agora.xtec.cat\/escolajeronidemoragas\/wp-content\/uploads\/usu2509\/2026\/02\/RobaViva_5-Mercat-Solidari-de-Roba-de-Segona-Ma-724x1024.jpg 724w, https:\/\/agora.xtec.cat\/escolajeronidemoragas\/wp-content\/uploads\/usu2509\/2026\/02\/RobaViva_5-Mercat-Solidari-de-Roba-de-Segona-Ma-212x300.jpg 212w, https:\/\/agora.xtec.cat\/escolajeronidemoragas\/wp-content\/uploads\/usu2509\/2026\/02\/RobaViva_5-Mercat-Solidari-de-Roba-de-Segona-Ma-768x1086.jpg 768w, https:\/\/agora.xtec.cat\/escolajeronidemoragas\/wp-content\/uploads\/usu2509\/2026\/02\/RobaViva_5-Mercat-Solidari-de-Roba-de-Segona-Ma-1086x1536.jpg 1086w, https:\/\/agora.xtec.cat\/escolajeronidemoragas\/wp-content\/uploads\/usu2509\/2026\/02\/RobaViva_5-Mercat-Solidari-de-Roba-de-Segona-Ma-1448x2048.jpg 1448w, https:\/\/agora.xtec.cat\/escolajeronidemoragas\/wp-content\/uploads\/usu2509\/2026\/02\/RobaViva_5-Mercat-Solidari-de-Roba-de-Segona-Ma.jpg 1587w\" sizes=\"auto, (max-width: 466px) 100vw, 466px\" \/><\/a><\/p>\n<p data-start=\"924\" data-end=\"1041\">\n","protected":false},"excerpt":{"rendered":"<p>Aquest divendres 6 de febrer, d\u201911 h a 13 h, la Cantina acollir\u00e0 una nova edici\u00f3 del RobaViva, el Mercat Solidari de Roba de Segona M\u00e0 impulsat per l\u2019IFE.<br \/>\nDurant el mat\u00ed, hi trobareu roba de segona m\u00e0 a preus molt econ\u00f2mics, una oportunitat ideal per&hellip;  <a href=\"https:\/\/agora.xtec.cat\/escolajeronidemoragas\/general\/robaviva-moda-responsable-i-solidaritat-a-lescola\/\" title=\"Read ROBAVIVA: MODA RESPONSABLE I SOLIDARITAT A L&#8217;ESCOLA\">Llegeix m\u00e9s\u00bb<\/a><\/p>\n","protected":false},"author":1,"featured_media":5003,"comment_status":"open","ping_status":"open","sticky":false,"template":"","format":"standard","meta":{"_bbp_topic_count":0,"_bbp_reply_count":0,"_bbp_total_topic_count":0,"_bbp_total_reply_count":0,"_bbp_voice_count":0,"_bbp_anonymous_reply_count":0,"_bbp_topic_count_hidden":0,"_bbp_reply_count_hidden":0,"_bbp_forum_subforum_count":0,"footnotes":""},"categories":[10,11,12,13,14,15,7,87,83,72,1,88,2,4,85],"tags":[],"class_list":["post-5002","post","type-post","status-publish","format-standard","has-post-thumbnail","hentry","category-1r","category-2n","category-3r","category-4t","category-5e","category-6e","category-ampa","category-curs-2025-26","category-eso","category-febrer","category-general","category-ife","category-infantil-i-primaria","category-portada","category-sensorial"],"post_mailing_queue_ids":[],"_links":{"self":[{"href":"https:\/\/agora.xtec.cat\/escolajeronidemoragas\/wp-json\/wp\/v2\/posts\/5002","targetHints":{"allow":["GET"]}}],"collection":[{"href":"https:\/\/agora.xtec.cat\/escolajeronidemoragas\/wp-json\/wp\/v2\/posts"}],"about":[{"href":"https:\/\/agora.xtec.cat\/escolajeronidemoragas\/wp-json\/wp\/v2\/types\/post"}],"author":[{"embeddable":true,"href":"https:\/\/agora.xtec.cat\/escolajeronidemoragas\/wp-json\/wp\/v2\/users\/1"}],"replies":[{"embeddable":true,"href":"https:\/\/agora.xtec.cat\/escolajeronidemoragas\/wp-json\/wp\/v2\/comments?post=5002"}],"version-history":[{"count":1,"href":"https:\/\/agora.xtec.cat\/escolajeronidemoragas\/wp-json\/wp\/v2\/posts\/5002\/revisions"}],"predecessor-version":[{"id":5004,"href":"https:\/\/agora.xtec.cat\/escolajeronidemoragas\/wp-json\/wp\/v2\/posts\/5002\/revisions\/5004"}],"wp:featuredmedia":[{"embeddable":true,"href":"https:\/\/agora.xtec.cat\/escolajeronidemoragas\/wp-json\/wp\/v2\/media\/5003"}],"wp:attachment":[{"href":"https:\/\/agora.xtec.cat\/escolajeronidemoragas\/wp-json\/wp\/v2\/media?parent=5002"}],"wp:term":[{"taxonomy":"category","embeddable":true,"href":"https:\/\/agora.xtec.cat\/escolajeronidemoragas\/wp-json\/wp\/v2\/categories?post=5002"},{"taxonomy":"post_tag","embeddable":true,"href":"https:\/\/agora.xtec.cat\/escolajeronidemoragas\/wp-json\/wp\/v2\/tags?post=5002"}],"curies":[{"name":"wp","href":"https:\/\/api.w.org\/{rel}","templated":true}]}}