{"id":4965,"date":"2025-12-19T17:24:55","date_gmt":"2025-12-19T16:24:55","guid":{"rendered":"https:\/\/agora.xtec.cat\/escolajeronidemoragas\/?p=4965"},"modified":"2025-12-19T17:26:35","modified_gmt":"2025-12-19T16:26:35","slug":"leescola-recapta-486-e-per-a-la-marato-2025","status":"publish","type":"post","link":"https:\/\/agora.xtec.cat\/escolajeronidemoragas\/general\/leescola-recapta-486-e-per-a-la-marato-2025\/","title":{"rendered":"L\u2019ESCOLA RECAPTA 486 \u20ac PER A LA MARAT\u00d3 2025"},"content":{"rendered":"<p style=\"text-align: justify;\" data-start=\"201\" data-end=\"439\">La solidaritat de la comunitat educativa ha fet possible que l\u2019Escola hagi aconseguit recaptar un total de <span style=\"color: #3366ff;\"><strong data-start=\"308\" data-end=\"338\">486 \u20ac per a la Marat\u00f3 2025<\/strong>,<\/span> una iniciativa solid\u00e0ria destinada a impulsar la investigaci\u00f3 de cures i tractaments per al c\u00e0ncer.<\/p>\n<p><strong style=\"text-align: justify;\" data-start=\"582\" data-end=\"642\"><a style=\"color: #2795b6;\" href=\"https:\/\/agora.xtec.cat\/escolajeronidemoragas\/wp-content\/uploads\/usu2509\/2025\/12\/1.jpg\"><img loading=\"lazy\" decoding=\"async\" class=\"alignright wp-image-4924\" src=\"https:\/\/agora.xtec.cat\/escolajeronidemoragas\/wp-content\/uploads\/usu2509\/2025\/12\/1.jpg\" alt=\"\" width=\"197\" height=\"197\" srcset=\"https:\/\/agora.xtec.cat\/escolajeronidemoragas\/wp-content\/uploads\/usu2509\/2025\/12\/1.jpg 320w, https:\/\/agora.xtec.cat\/escolajeronidemoragas\/wp-content\/uploads\/usu2509\/2025\/12\/1-300x300.jpg 300w, https:\/\/agora.xtec.cat\/escolajeronidemoragas\/wp-content\/uploads\/usu2509\/2025\/12\/1-150x150.jpg 150w\" sizes=\"auto, (max-width: 197px) 100vw, 197px\" \/><\/a><\/strong><\/p>\n<p style=\"text-align: justify;\" data-start=\"441\" data-end=\"902\">Aquesta quantitat \u00e9s fruit de la suma de diverses accions solid\u00e0ries dutes a terme durant les darreres setmanes. D\u2019una banda, s\u2019han recollit <strong data-start=\"582\" data-end=\"642\">247 \u20ac\u00a0gr\u00e0cies a la guardiola solid\u00e0ria impulsada per TVA<\/strong>, que ha comptat amb la participaci\u00f3 de l\u2019alumnat, el professorat i les fam\u00edlies. D\u2019altra banda, el <strong data-start=\"742\" data-end=\"801\">Mercat de Nadal Solidari organitzat per l\u2019alumnat d\u2019IFE<\/strong> ha perm\u00e8s recaptar <strong data-start=\"821\" data-end=\"830\">239 \u20ac<\/strong>, tot fomentant valors com la cooperaci\u00f3, el comprom\u00eds i la solidaritat.<\/p>\n<p style=\"text-align: justify;\" data-start=\"904\" data-end=\"1087\">Accions com aquestes posen de manifest la implicaci\u00f3 de tota la comunitat educativa i el valor educatiu de participar en iniciatives que contribueixen a causes socials tan importants.<\/p>\n<p style=\"text-align: justify;\" data-start=\"1089\" data-end=\"1286\">Des de l\u2019Escola volem agrair sincerament la col\u00b7laboraci\u00f3 de totes les persones que han fet possible aquesta recaptaci\u00f3. <strong data-start=\"1210\" data-end=\"1286\">Gr\u00e0cies per demostrar, un cop m\u00e9s, que junts podem marcar la difer\u00e8ncia.<\/strong><\/p>\n","protected":false},"excerpt":{"rendered":"<p>La solidaritat de la comunitat educativa ha fet possible que l\u2019Escola hagi aconseguit recaptar un total de 486 \u20ac per a la Marat\u00f3 2025, una iniciativa solid\u00e0ria destinada a impulsar la investigaci\u00f3 de cures i tractaments per al c\u00e0ncer.<br \/>\n<a style=\"color: #2795b6;\" href=\"https:\/\/agora.xtec.cat\/escolajeronidemoragas\/wp-content\/uploads\/usu2509\/2025\/12\/1.jpg\"><\/a><br \/>\nAquesta quantitat \u00e9s fruit&hellip;  <a href=\"https:\/\/agora.xtec.cat\/escolajeronidemoragas\/general\/leescola-recapta-486-e-per-a-la-marato-2025\/\" title=\"Read L\u2019ESCOLA RECAPTA 486 \u20ac PER A LA MARAT\u00d3 2025\">Llegeix m\u00e9s\u00bb<\/a><\/p>\n","protected":false},"author":1,"featured_media":4925,"comment_status":"open","ping_status":"open","sticky":false,"template":"","format":"standard","meta":{"_bbp_topic_count":0,"_bbp_reply_count":0,"_bbp_total_topic_count":0,"_bbp_total_reply_count":0,"_bbp_voice_count":0,"_bbp_anonymous_reply_count":0,"_bbp_topic_count_hidden":0,"_bbp_reply_count_hidden":0,"_bbp_forum_subforum_count":0,"footnotes":""},"categories":[10,11,12,13,14,15,87,82,83,1,2,4,85,84],"tags":[],"class_list":["post-4965","post","type-post","status-publish","format-standard","has-post-thumbnail","hentry","category-1r","category-2n","category-3r","category-4t","category-5e","category-6e","category-curs-2025-26","category-desembre","category-eso","category-general","category-infantil-i-primaria","category-portada","category-sensorial","category-tva"],"post_mailing_queue_ids":[],"_links":{"self":[{"href":"https:\/\/agora.xtec.cat\/escolajeronidemoragas\/wp-json\/wp\/v2\/posts\/4965","targetHints":{"allow":["GET"]}}],"collection":[{"href":"https:\/\/agora.xtec.cat\/escolajeronidemoragas\/wp-json\/wp\/v2\/posts"}],"about":[{"href":"https:\/\/agora.xtec.cat\/escolajeronidemoragas\/wp-json\/wp\/v2\/types\/post"}],"author":[{"embeddable":true,"href":"https:\/\/agora.xtec.cat\/escolajeronidemoragas\/wp-json\/wp\/v2\/users\/1"}],"replies":[{"embeddable":true,"href":"https:\/\/agora.xtec.cat\/escolajeronidemoragas\/wp-json\/wp\/v2\/comments?post=4965"}],"version-history":[{"count":3,"href":"https:\/\/agora.xtec.cat\/escolajeronidemoragas\/wp-json\/wp\/v2\/posts\/4965\/revisions"}],"predecessor-version":[{"id":4968,"href":"https:\/\/agora.xtec.cat\/escolajeronidemoragas\/wp-json\/wp\/v2\/posts\/4965\/revisions\/4968"}],"wp:featuredmedia":[{"embeddable":true,"href":"https:\/\/agora.xtec.cat\/escolajeronidemoragas\/wp-json\/wp\/v2\/media\/4925"}],"wp:attachment":[{"href":"https:\/\/agora.xtec.cat\/escolajeronidemoragas\/wp-json\/wp\/v2\/media?parent=4965"}],"wp:term":[{"taxonomy":"category","embeddable":true,"href":"https:\/\/agora.xtec.cat\/escolajeronidemoragas\/wp-json\/wp\/v2\/categories?post=4965"},{"taxonomy":"post_tag","embeddable":true,"href":"https:\/\/agora.xtec.cat\/escolajeronidemoragas\/wp-json\/wp\/v2\/tags?post=4965"}],"curies":[{"name":"wp","href":"https:\/\/api.w.org\/{rel}","templated":true}]}}