{"id":4889,"date":"2025-12-02T22:38:42","date_gmt":"2025-12-02T21:38:42","guid":{"rendered":"https:\/\/agora.xtec.cat\/escolajeronidemoragas\/?p=4889"},"modified":"2025-12-02T22:38:42","modified_gmt":"2025-12-02T21:38:42","slug":"mati-esportiu-amb-el-quercus-%f0%9f%92%aa","status":"publish","type":"post","link":"https:\/\/agora.xtec.cat\/escolajeronidemoragas\/general\/mati-esportiu-amb-el-quercus-%f0%9f%92%aa\/","title":{"rendered":"MAT\u00cd ESPORTIU AMB EL QUERCUS \ud83d\udcaa"},"content":{"rendered":"<p data-start=\"103\" data-end=\"173\"><strong data-start=\"103\" data-end=\"173\">L\u2019alumnat de TVA gaudeix d\u2019un mat\u00ed esportiu amb l\u2019Institut Quercus<\/strong><\/p>\n<p data-start=\"175\" data-end=\"521\">L\u2019alumnat de TVA ha compartit un mat\u00ed ple d\u2019activitats esportives amb l\u2019Institut <strong>Quercus<\/strong>, concretament amb els estudiants del cicle formatiu de grau mitj\u00e0 d\u2019<strong>Activitats F\u00edsiques i Esportives en el Medi Natural<\/strong>. La trobada ha perm\u00e8s crear un espai de conviv\u00e8ncia on tots els joves han pogut gaudir, col\u00b7laborar i aprendre els uns dels altres.<\/p>\n<p data-start=\"523\" data-end=\"950\">L\u2019alumnat del Quercus ha dinamitzat diferents propostes esportives adaptades, aportant-hi el seu entusiasme i posant en pr\u00e0ctica els coneixements que adquireixen durant la seva formaci\u00f3. Aquesta experi\u00e8ncia no nom\u00e9s ha estat un moment per viure l\u2019esport d\u2019una manera l\u00fadica, sin\u00f3 tamb\u00e9 una oportunitat perqu\u00e8 els futurs professionals experimentessin de primera m\u00e0 la import\u00e0ncia de la inclusi\u00f3, l\u2019empatia i el treball en equip\ud83e\udd1d.<\/p>\n<p data-start=\"952\" data-end=\"1226\">La jornada ha estat molt gratificant, de la qual destaquen el bon ambient, la complicitat generada i la import\u00e0ncia de crear vincles entre centres educatius. Sens dubte, una experi\u00e8ncia enriquidora que deixa ganes de repetir ben aviat\ud83e\udde1.<\/p>\n\n\t\t<style type=\"text\/css\">\n\t\t\t#gallery-1 {\n\t\t\t\tmargin: auto;\n\t\t\t}\n\t\t\t#gallery-1 .gallery-item {\n\t\t\t\tfloat: left;\n\t\t\t\tmargin-top: 10px;\n\t\t\t\ttext-align: center;\n\t\t\t\twidth: 33%;\n\t\t\t}\n\t\t\t#gallery-1 img {\n\t\t\t\tborder: 2px solid #cfcfcf;\n\t\t\t}\n\t\t\t#gallery-1 .gallery-caption {\n\t\t\t\tmargin-left: 0;\n\t\t\t}\n\t\t\t\/* see gallery_shortcode() in wp-includes\/media.php *\/\n\t\t<\/style>\n\t\t<div id='gallery-1' class='gallery galleryid-4889 gallery-columns-3 gallery-size-large'><dl class='gallery-item'>\n\t\t\t<dt class='gallery-icon portrait'>\n\t\t\t\t<a href='https:\/\/agora.xtec.cat\/escolajeronidemoragas\/general\/mati-esportiu-amb-el-quercus-%f0%9f%92%aa\/attachment\/whatsapp-image-2025-12-02-at-08-41-41-2\/'><img loading=\"lazy\" decoding=\"async\" width=\"766\" height=\"1024\" src=\"https:\/\/agora.xtec.cat\/escolajeronidemoragas\/wp-content\/uploads\/usu2509\/2025\/12\/WhatsApp-Image-2025-12-02-at-08.41.41-2-766x1024.jpeg\" class=\"attachment-large size-large\" alt=\"\" srcset=\"https:\/\/agora.xtec.cat\/escolajeronidemoragas\/wp-content\/uploads\/usu2509\/2025\/12\/WhatsApp-Image-2025-12-02-at-08.41.41-2-766x1024.jpeg 766w, https:\/\/agora.xtec.cat\/escolajeronidemoragas\/wp-content\/uploads\/usu2509\/2025\/12\/WhatsApp-Image-2025-12-02-at-08.41.41-2-224x300.jpeg 224w, https:\/\/agora.xtec.cat\/escolajeronidemoragas\/wp-content\/uploads\/usu2509\/2025\/12\/WhatsApp-Image-2025-12-02-at-08.41.41-2-768x1027.jpeg 768w, https:\/\/agora.xtec.cat\/escolajeronidemoragas\/wp-content\/uploads\/usu2509\/2025\/12\/WhatsApp-Image-2025-12-02-at-08.41.41-2-1149x1536.jpeg 1149w, https:\/\/agora.xtec.cat\/escolajeronidemoragas\/wp-content\/uploads\/usu2509\/2025\/12\/WhatsApp-Image-2025-12-02-at-08.41.41-2.jpeg 1197w\" sizes=\"auto, (max-width: 766px) 100vw, 766px\" \/><\/a>\n\t\t\t<\/dt><\/dl><dl class='gallery-item'>\n\t\t\t<dt class='gallery-icon portrait'>\n\t\t\t\t<a href='https:\/\/agora.xtec.cat\/escolajeronidemoragas\/general\/mati-esportiu-amb-el-quercus-%f0%9f%92%aa\/attachment\/whatsapp-image-2025-12-02-at-08-41-41-1\/'><img loading=\"lazy\" decoding=\"async\" width=\"766\" height=\"1024\" src=\"https:\/\/agora.xtec.cat\/escolajeronidemoragas\/wp-content\/uploads\/usu2509\/2025\/12\/WhatsApp-Image-2025-12-02-at-08.41.41-1-766x1024.jpeg\" class=\"attachment-large size-large\" alt=\"\" srcset=\"https:\/\/agora.xtec.cat\/escolajeronidemoragas\/wp-content\/uploads\/usu2509\/2025\/12\/WhatsApp-Image-2025-12-02-at-08.41.41-1-766x1024.jpeg 766w, https:\/\/agora.xtec.cat\/escolajeronidemoragas\/wp-content\/uploads\/usu2509\/2025\/12\/WhatsApp-Image-2025-12-02-at-08.41.41-1-224x300.jpeg 224w, https:\/\/agora.xtec.cat\/escolajeronidemoragas\/wp-content\/uploads\/usu2509\/2025\/12\/WhatsApp-Image-2025-12-02-at-08.41.41-1-768x1027.jpeg 768w, https:\/\/agora.xtec.cat\/escolajeronidemoragas\/wp-content\/uploads\/usu2509\/2025\/12\/WhatsApp-Image-2025-12-02-at-08.41.41-1-1149x1536.jpeg 1149w, https:\/\/agora.xtec.cat\/escolajeronidemoragas\/wp-content\/uploads\/usu2509\/2025\/12\/WhatsApp-Image-2025-12-02-at-08.41.41-1.jpeg 1197w\" sizes=\"auto, (max-width: 766px) 100vw, 766px\" \/><\/a>\n\t\t\t<\/dt><\/dl><dl class='gallery-item'>\n\t\t\t<dt class='gallery-icon portrait'>\n\t\t\t\t<a href='https:\/\/agora.xtec.cat\/escolajeronidemoragas\/general\/mati-esportiu-amb-el-quercus-%f0%9f%92%aa\/attachment\/whatsapp-image-2025-12-02-at-08-41-41\/'><img loading=\"lazy\" decoding=\"async\" width=\"766\" height=\"1024\" src=\"https:\/\/agora.xtec.cat\/escolajeronidemoragas\/wp-content\/uploads\/usu2509\/2025\/12\/WhatsApp-Image-2025-12-02-at-08.41.41-766x1024.jpeg\" class=\"attachment-large size-large\" alt=\"\" srcset=\"https:\/\/agora.xtec.cat\/escolajeronidemoragas\/wp-content\/uploads\/usu2509\/2025\/12\/WhatsApp-Image-2025-12-02-at-08.41.41-766x1024.jpeg 766w, https:\/\/agora.xtec.cat\/escolajeronidemoragas\/wp-content\/uploads\/usu2509\/2025\/12\/WhatsApp-Image-2025-12-02-at-08.41.41-224x300.jpeg 224w, https:\/\/agora.xtec.cat\/escolajeronidemoragas\/wp-content\/uploads\/usu2509\/2025\/12\/WhatsApp-Image-2025-12-02-at-08.41.41-768x1027.jpeg 768w, https:\/\/agora.xtec.cat\/escolajeronidemoragas\/wp-content\/uploads\/usu2509\/2025\/12\/WhatsApp-Image-2025-12-02-at-08.41.41-1149x1536.jpeg 1149w, https:\/\/agora.xtec.cat\/escolajeronidemoragas\/wp-content\/uploads\/usu2509\/2025\/12\/WhatsApp-Image-2025-12-02-at-08.41.41.jpeg 1197w\" sizes=\"auto, (max-width: 766px) 100vw, 766px\" \/><\/a>\n\t\t\t<\/dt><\/dl><br style=\"clear: both\" \/><dl class='gallery-item'>\n\t\t\t<dt class='gallery-icon portrait'>\n\t\t\t\t<a href='https:\/\/agora.xtec.cat\/escolajeronidemoragas\/general\/mati-esportiu-amb-el-quercus-%f0%9f%92%aa\/attachment\/whatsapp-image-2025-12-02-at-08-41-40-2\/'><img loading=\"lazy\" decoding=\"async\" width=\"766\" height=\"1024\" src=\"https:\/\/agora.xtec.cat\/escolajeronidemoragas\/wp-content\/uploads\/usu2509\/2025\/12\/WhatsApp-Image-2025-12-02-at-08.41.40-2-766x1024.jpeg\" class=\"attachment-large size-large\" alt=\"\" srcset=\"https:\/\/agora.xtec.cat\/escolajeronidemoragas\/wp-content\/uploads\/usu2509\/2025\/12\/WhatsApp-Image-2025-12-02-at-08.41.40-2-766x1024.jpeg 766w, https:\/\/agora.xtec.cat\/escolajeronidemoragas\/wp-content\/uploads\/usu2509\/2025\/12\/WhatsApp-Image-2025-12-02-at-08.41.40-2-224x300.jpeg 224w, https:\/\/agora.xtec.cat\/escolajeronidemoragas\/wp-content\/uploads\/usu2509\/2025\/12\/WhatsApp-Image-2025-12-02-at-08.41.40-2-768x1027.jpeg 768w, https:\/\/agora.xtec.cat\/escolajeronidemoragas\/wp-content\/uploads\/usu2509\/2025\/12\/WhatsApp-Image-2025-12-02-at-08.41.40-2-1149x1536.jpeg 1149w, https:\/\/agora.xtec.cat\/escolajeronidemoragas\/wp-content\/uploads\/usu2509\/2025\/12\/WhatsApp-Image-2025-12-02-at-08.41.40-2.jpeg 1197w\" sizes=\"auto, (max-width: 766px) 100vw, 766px\" \/><\/a>\n\t\t\t<\/dt><\/dl><dl class='gallery-item'>\n\t\t\t<dt class='gallery-icon portrait'>\n\t\t\t\t<a href='https:\/\/agora.xtec.cat\/escolajeronidemoragas\/general\/mati-esportiu-amb-el-quercus-%f0%9f%92%aa\/attachment\/whatsapp-image-2025-12-02-at-08-41-40-1\/'><img loading=\"lazy\" decoding=\"async\" width=\"766\" height=\"1024\" src=\"https:\/\/agora.xtec.cat\/escolajeronidemoragas\/wp-content\/uploads\/usu2509\/2025\/12\/WhatsApp-Image-2025-12-02-at-08.41.40-1-766x1024.jpeg\" class=\"attachment-large size-large\" alt=\"\" srcset=\"https:\/\/agora.xtec.cat\/escolajeronidemoragas\/wp-content\/uploads\/usu2509\/2025\/12\/WhatsApp-Image-2025-12-02-at-08.41.40-1-766x1024.jpeg 766w, https:\/\/agora.xtec.cat\/escolajeronidemoragas\/wp-content\/uploads\/usu2509\/2025\/12\/WhatsApp-Image-2025-12-02-at-08.41.40-1-224x300.jpeg 224w, https:\/\/agora.xtec.cat\/escolajeronidemoragas\/wp-content\/uploads\/usu2509\/2025\/12\/WhatsApp-Image-2025-12-02-at-08.41.40-1-768x1027.jpeg 768w, https:\/\/agora.xtec.cat\/escolajeronidemoragas\/wp-content\/uploads\/usu2509\/2025\/12\/WhatsApp-Image-2025-12-02-at-08.41.40-1-1149x1536.jpeg 1149w, https:\/\/agora.xtec.cat\/escolajeronidemoragas\/wp-content\/uploads\/usu2509\/2025\/12\/WhatsApp-Image-2025-12-02-at-08.41.40-1.jpeg 1197w\" sizes=\"auto, (max-width: 766px) 100vw, 766px\" \/><\/a>\n\t\t\t<\/dt><\/dl><dl class='gallery-item'>\n\t\t\t<dt class='gallery-icon portrait'>\n\t\t\t\t<a href='https:\/\/agora.xtec.cat\/escolajeronidemoragas\/general\/mati-esportiu-amb-el-quercus-%f0%9f%92%aa\/attachment\/whatsapp-image-2025-12-02-at-08-41-40\/'><img loading=\"lazy\" decoding=\"async\" width=\"766\" height=\"1024\" src=\"https:\/\/agora.xtec.cat\/escolajeronidemoragas\/wp-content\/uploads\/usu2509\/2025\/12\/WhatsApp-Image-2025-12-02-at-08.41.40-766x1024.jpeg\" class=\"attachment-large size-large\" alt=\"\" srcset=\"https:\/\/agora.xtec.cat\/escolajeronidemoragas\/wp-content\/uploads\/usu2509\/2025\/12\/WhatsApp-Image-2025-12-02-at-08.41.40-766x1024.jpeg 766w, https:\/\/agora.xtec.cat\/escolajeronidemoragas\/wp-content\/uploads\/usu2509\/2025\/12\/WhatsApp-Image-2025-12-02-at-08.41.40-224x300.jpeg 224w, https:\/\/agora.xtec.cat\/escolajeronidemoragas\/wp-content\/uploads\/usu2509\/2025\/12\/WhatsApp-Image-2025-12-02-at-08.41.40-768x1027.jpeg 768w, https:\/\/agora.xtec.cat\/escolajeronidemoragas\/wp-content\/uploads\/usu2509\/2025\/12\/WhatsApp-Image-2025-12-02-at-08.41.40-1149x1536.jpeg 1149w, https:\/\/agora.xtec.cat\/escolajeronidemoragas\/wp-content\/uploads\/usu2509\/2025\/12\/WhatsApp-Image-2025-12-02-at-08.41.40.jpeg 1197w\" sizes=\"auto, (max-width: 766px) 100vw, 766px\" \/><\/a>\n\t\t\t<\/dt><\/dl><br style=\"clear: both\" \/><dl class='gallery-item'>\n\t\t\t<dt class='gallery-icon landscape'>\n\t\t\t\t<a href='https:\/\/agora.xtec.cat\/escolajeronidemoragas\/general\/mati-esportiu-amb-el-quercus-%f0%9f%92%aa\/attachment\/whatsapp-image-2025-12-02-at-08-41-39\/'><img loading=\"lazy\" decoding=\"async\" width=\"1024\" height=\"766\" src=\"https:\/\/agora.xtec.cat\/escolajeronidemoragas\/wp-content\/uploads\/usu2509\/2025\/12\/WhatsApp-Image-2025-12-02-at-08.41.39-1024x766.jpeg\" class=\"attachment-large size-large\" alt=\"\" srcset=\"https:\/\/agora.xtec.cat\/escolajeronidemoragas\/wp-content\/uploads\/usu2509\/2025\/12\/WhatsApp-Image-2025-12-02-at-08.41.39-1024x766.jpeg 1024w, https:\/\/agora.xtec.cat\/escolajeronidemoragas\/wp-content\/uploads\/usu2509\/2025\/12\/WhatsApp-Image-2025-12-02-at-08.41.39-300x224.jpeg 300w, https:\/\/agora.xtec.cat\/escolajeronidemoragas\/wp-content\/uploads\/usu2509\/2025\/12\/WhatsApp-Image-2025-12-02-at-08.41.39-768x575.jpeg 768w, https:\/\/agora.xtec.cat\/escolajeronidemoragas\/wp-content\/uploads\/usu2509\/2025\/12\/WhatsApp-Image-2025-12-02-at-08.41.39-1536x1149.jpeg 1536w, https:\/\/agora.xtec.cat\/escolajeronidemoragas\/wp-content\/uploads\/usu2509\/2025\/12\/WhatsApp-Image-2025-12-02-at-08.41.39-200x150.jpeg 200w, https:\/\/agora.xtec.cat\/escolajeronidemoragas\/wp-content\/uploads\/usu2509\/2025\/12\/WhatsApp-Image-2025-12-02-at-08.41.39.jpeg 1600w\" sizes=\"auto, (max-width: 1024px) 100vw, 1024px\" \/><\/a>\n\t\t\t<\/dt><\/dl>\n\t\t\t<br style='clear: both' \/>\n\t\t<\/div>\n\n","protected":false},"excerpt":{"rendered":"<p>L\u2019alumnat de TVA gaudeix d\u2019un mat\u00ed esportiu amb l\u2019Institut Quercus<br \/>\nL\u2019alumnat de TVA ha compartit un mat\u00ed ple d\u2019activitats esportives amb l\u2019Institut Quercus, concretament amb els estudiants del cicle formatiu de grau mitj\u00e0 d\u2019Activitats F\u00edsiques i Esportives en el Medi Natural. La trobada ha perm\u00e8s crear&hellip;  <a href=\"https:\/\/agora.xtec.cat\/escolajeronidemoragas\/general\/mati-esportiu-amb-el-quercus-%f0%9f%92%aa\/\" title=\"Read MAT\u00cd ESPORTIU AMB EL QUERCUS \ud83d\udcaa\">Llegeix m\u00e9s\u00bb<\/a><\/p>\n","protected":false},"author":1,"featured_media":4892,"comment_status":"open","ping_status":"open","sticky":false,"template":"","format":"standard","meta":{"_bbp_topic_count":0,"_bbp_reply_count":0,"_bbp_total_topic_count":0,"_bbp_total_reply_count":0,"_bbp_voice_count":0,"_bbp_anonymous_reply_count":0,"_bbp_topic_count_hidden":0,"_bbp_reply_count_hidden":0,"_bbp_forum_subforum_count":0,"footnotes":""},"categories":[1],"tags":[],"class_list":["post-4889","post","type-post","status-publish","format-standard","has-post-thumbnail","hentry","category-general"],"post_mailing_queue_ids":[],"_links":{"self":[{"href":"https:\/\/agora.xtec.cat\/escolajeronidemoragas\/wp-json\/wp\/v2\/posts\/4889","targetHints":{"allow":["GET"]}}],"collection":[{"href":"https:\/\/agora.xtec.cat\/escolajeronidemoragas\/wp-json\/wp\/v2\/posts"}],"about":[{"href":"https:\/\/agora.xtec.cat\/escolajeronidemoragas\/wp-json\/wp\/v2\/types\/post"}],"author":[{"embeddable":true,"href":"https:\/\/agora.xtec.cat\/escolajeronidemoragas\/wp-json\/wp\/v2\/users\/1"}],"replies":[{"embeddable":true,"href":"https:\/\/agora.xtec.cat\/escolajeronidemoragas\/wp-json\/wp\/v2\/comments?post=4889"}],"version-history":[{"count":1,"href":"https:\/\/agora.xtec.cat\/escolajeronidemoragas\/wp-json\/wp\/v2\/posts\/4889\/revisions"}],"predecessor-version":[{"id":4897,"href":"https:\/\/agora.xtec.cat\/escolajeronidemoragas\/wp-json\/wp\/v2\/posts\/4889\/revisions\/4897"}],"wp:featuredmedia":[{"embeddable":true,"href":"https:\/\/agora.xtec.cat\/escolajeronidemoragas\/wp-json\/wp\/v2\/media\/4892"}],"wp:attachment":[{"href":"https:\/\/agora.xtec.cat\/escolajeronidemoragas\/wp-json\/wp\/v2\/media?parent=4889"}],"wp:term":[{"taxonomy":"category","embeddable":true,"href":"https:\/\/agora.xtec.cat\/escolajeronidemoragas\/wp-json\/wp\/v2\/categories?post=4889"},{"taxonomy":"post_tag","embeddable":true,"href":"https:\/\/agora.xtec.cat\/escolajeronidemoragas\/wp-json\/wp\/v2\/tags?post=4889"}],"curies":[{"name":"wp","href":"https:\/\/api.w.org\/{rel}","templated":true}]}}