{"id":4766,"date":"2025-11-24T15:17:21","date_gmt":"2025-11-24T14:17:21","guid":{"rendered":"https:\/\/agora.xtec.cat\/escolajeronidemoragas\/?p=4766"},"modified":"2025-11-24T15:17:48","modified_gmt":"2025-11-24T14:17:48","slug":"celebrem-santa-cecilia-amb-la-canco-testimo-bastant%f0%9f%8e%b6","status":"publish","type":"post","link":"https:\/\/agora.xtec.cat\/escolajeronidemoragas\/general\/celebrem-santa-cecilia-amb-la-canco-testimo-bastant%f0%9f%8e%b6\/","title":{"rendered":"CELEBREM SANTA CEC\u00cdLIA AMB LA CAN\u00c7\u00d3 &#8220;T&#8217;ESTIMO BASTANT&#8221;\ud83c\udfb6"},"content":{"rendered":"<p data-pm-slice=\"1 1 []\">Aquest dilluns 24 de novembre, l\u2019escola celebra <strong>Santa Cec\u00edlia, el Dia de la M\u00fasica,<\/strong> amb una proposta conjunta que uneix a tots els alumnes, des d\u2019Infantil fins a Transici\u00f3 a la Vida Adulta. Enguany, la comunitat educativa ha compartit una mateixa banda sonora: <strong>\u201cT\u2019estimo bastant\u201d<\/strong>, del grup <strong>Xiula<\/strong>, una can\u00e7\u00f3 que parla d\u2019afecte, de cuidar-nos i de valorar els vincles que ens uneixen\ud83d\udc9b.<\/p>\n<p>Cada grup ha interpretat i expressat la can\u00e7\u00f3 d\u2019una manera \u00fanica, reflectint la gran diversitat de formes de comunicar-se i sentir que conviuen a l\u2019escola, reflexionant sobre qu\u00e8 els fa sentir, qu\u00e8 els inspira o qu\u00e8 els recorda. A partir d\u2019aquest proc\u00e9s, cada grup ha creat un mural\u00a0 on han expressat de mil maneres que representa per a ells la can\u00e7\u00f3 <a href=\"https:\/\/www.youtube.com\/watch?v=dmLwi0FojjA&amp;list=RDdmLwi0FojjA&amp;start_radio=1\" target=\"_blank\" rel=\"noopener noreferrer nofollow\"><strong>\u201cT\u2019estimo bastant\u201d<\/strong><\/a>.<\/p>\n<p>Tots aquests treballs estan exposats al hall de l&#8217;escola, convertint-lo en un espai ple de m\u00fasica, emocions i creativitat compartida. Ha estat una ocasi\u00f3 especial per veure com un mateix missatge pot transformar-se en m\u00faltiples expressions art\u00edstiques segons les viv\u00e8ncies i sensibilitats de cada grup. Us en deixem un tastet!<\/p>\n<p>En dies com avui, l\u2019escola reafirma el seu comprom\u00eds amb la m\u00fasica com a llenguatge compartit i espai de trobada. Que la m\u00fasica continu\u00ef sent el fil que ens uneix i ens fa cr\u00e9ixer junts\ud83c\udf1f.<\/p>\n\n\t\t<style type=\"text\/css\">\n\t\t\t#gallery-1 {\n\t\t\t\tmargin: auto;\n\t\t\t}\n\t\t\t#gallery-1 .gallery-item {\n\t\t\t\tfloat: left;\n\t\t\t\tmargin-top: 10px;\n\t\t\t\ttext-align: center;\n\t\t\t\twidth: 33%;\n\t\t\t}\n\t\t\t#gallery-1 img {\n\t\t\t\tborder: 2px solid #cfcfcf;\n\t\t\t}\n\t\t\t#gallery-1 .gallery-caption {\n\t\t\t\tmargin-left: 0;\n\t\t\t}\n\t\t\t\/* see gallery_shortcode() in wp-includes\/media.php *\/\n\t\t<\/style>\n\t\t<div id='gallery-1' class='gallery galleryid-4766 gallery-columns-3 gallery-size-large'><dl class='gallery-item'>\n\t\t\t<dt class='gallery-icon landscape'>\n\t\t\t\t<a href='https:\/\/agora.xtec.cat\/escolajeronidemoragas\/general\/celebrem-santa-cecilia-amb-la-canco-testimo-bastant%f0%9f%8e%b6\/attachment\/whatsapp-image-2025-11-24-at-15-06-14-1\/'><img loading=\"lazy\" decoding=\"async\" width=\"1024\" height=\"768\" src=\"https:\/\/agora.xtec.cat\/escolajeronidemoragas\/wp-content\/uploads\/usu2509\/2025\/11\/WhatsApp-Image-2025-11-24-at-15.06.14-1-1024x768.jpeg\" class=\"attachment-large size-large\" alt=\"\" srcset=\"https:\/\/agora.xtec.cat\/escolajeronidemoragas\/wp-content\/uploads\/usu2509\/2025\/11\/WhatsApp-Image-2025-11-24-at-15.06.14-1-1024x768.jpeg 1024w, https:\/\/agora.xtec.cat\/escolajeronidemoragas\/wp-content\/uploads\/usu2509\/2025\/11\/WhatsApp-Image-2025-11-24-at-15.06.14-1-300x225.jpeg 300w, https:\/\/agora.xtec.cat\/escolajeronidemoragas\/wp-content\/uploads\/usu2509\/2025\/11\/WhatsApp-Image-2025-11-24-at-15.06.14-1-768x576.jpeg 768w, https:\/\/agora.xtec.cat\/escolajeronidemoragas\/wp-content\/uploads\/usu2509\/2025\/11\/WhatsApp-Image-2025-11-24-at-15.06.14-1-1536x1152.jpeg 1536w, https:\/\/agora.xtec.cat\/escolajeronidemoragas\/wp-content\/uploads\/usu2509\/2025\/11\/WhatsApp-Image-2025-11-24-at-15.06.14-1-200x150.jpeg 200w, https:\/\/agora.xtec.cat\/escolajeronidemoragas\/wp-content\/uploads\/usu2509\/2025\/11\/WhatsApp-Image-2025-11-24-at-15.06.14-1.jpeg 1600w\" sizes=\"auto, (max-width: 1024px) 100vw, 1024px\" \/><\/a>\n\t\t\t<\/dt><\/dl><dl class='gallery-item'>\n\t\t\t<dt class='gallery-icon landscape'>\n\t\t\t\t<a href='https:\/\/agora.xtec.cat\/escolajeronidemoragas\/general\/celebrem-santa-cecilia-amb-la-canco-testimo-bastant%f0%9f%8e%b6\/attachment\/whatsapp-image-2025-11-24-at-15-06-14-2\/'><img loading=\"lazy\" decoding=\"async\" width=\"1024\" height=\"768\" src=\"https:\/\/agora.xtec.cat\/escolajeronidemoragas\/wp-content\/uploads\/usu2509\/2025\/11\/WhatsApp-Image-2025-11-24-at-15.06.14-2-1024x768.jpeg\" class=\"attachment-large size-large\" alt=\"\" srcset=\"https:\/\/agora.xtec.cat\/escolajeronidemoragas\/wp-content\/uploads\/usu2509\/2025\/11\/WhatsApp-Image-2025-11-24-at-15.06.14-2-1024x768.jpeg 1024w, https:\/\/agora.xtec.cat\/escolajeronidemoragas\/wp-content\/uploads\/usu2509\/2025\/11\/WhatsApp-Image-2025-11-24-at-15.06.14-2-300x225.jpeg 300w, https:\/\/agora.xtec.cat\/escolajeronidemoragas\/wp-content\/uploads\/usu2509\/2025\/11\/WhatsApp-Image-2025-11-24-at-15.06.14-2-768x576.jpeg 768w, https:\/\/agora.xtec.cat\/escolajeronidemoragas\/wp-content\/uploads\/usu2509\/2025\/11\/WhatsApp-Image-2025-11-24-at-15.06.14-2-1536x1152.jpeg 1536w, https:\/\/agora.xtec.cat\/escolajeronidemoragas\/wp-content\/uploads\/usu2509\/2025\/11\/WhatsApp-Image-2025-11-24-at-15.06.14-2-200x150.jpeg 200w, https:\/\/agora.xtec.cat\/escolajeronidemoragas\/wp-content\/uploads\/usu2509\/2025\/11\/WhatsApp-Image-2025-11-24-at-15.06.14-2.jpeg 1600w\" sizes=\"auto, (max-width: 1024px) 100vw, 1024px\" \/><\/a>\n\t\t\t<\/dt><\/dl><dl class='gallery-item'>\n\t\t\t<dt class='gallery-icon landscape'>\n\t\t\t\t<a href='https:\/\/agora.xtec.cat\/escolajeronidemoragas\/general\/celebrem-santa-cecilia-amb-la-canco-testimo-bastant%f0%9f%8e%b6\/attachment\/whatsapp-image-2025-11-24-at-15-06-14\/'><img loading=\"lazy\" decoding=\"async\" width=\"1024\" height=\"768\" src=\"https:\/\/agora.xtec.cat\/escolajeronidemoragas\/wp-content\/uploads\/usu2509\/2025\/11\/WhatsApp-Image-2025-11-24-at-15.06.14-1024x768.jpeg\" class=\"attachment-large size-large\" alt=\"\" srcset=\"https:\/\/agora.xtec.cat\/escolajeronidemoragas\/wp-content\/uploads\/usu2509\/2025\/11\/WhatsApp-Image-2025-11-24-at-15.06.14-1024x768.jpeg 1024w, https:\/\/agora.xtec.cat\/escolajeronidemoragas\/wp-content\/uploads\/usu2509\/2025\/11\/WhatsApp-Image-2025-11-24-at-15.06.14-300x225.jpeg 300w, https:\/\/agora.xtec.cat\/escolajeronidemoragas\/wp-content\/uploads\/usu2509\/2025\/11\/WhatsApp-Image-2025-11-24-at-15.06.14-768x576.jpeg 768w, https:\/\/agora.xtec.cat\/escolajeronidemoragas\/wp-content\/uploads\/usu2509\/2025\/11\/WhatsApp-Image-2025-11-24-at-15.06.14-1536x1152.jpeg 1536w, https:\/\/agora.xtec.cat\/escolajeronidemoragas\/wp-content\/uploads\/usu2509\/2025\/11\/WhatsApp-Image-2025-11-24-at-15.06.14-200x150.jpeg 200w, https:\/\/agora.xtec.cat\/escolajeronidemoragas\/wp-content\/uploads\/usu2509\/2025\/11\/WhatsApp-Image-2025-11-24-at-15.06.14.jpeg 1600w\" sizes=\"auto, (max-width: 1024px) 100vw, 1024px\" \/><\/a>\n\t\t\t<\/dt><\/dl><br style=\"clear: both\" \/><dl class='gallery-item'>\n\t\t\t<dt class='gallery-icon portrait'>\n\t\t\t\t<a href='https:\/\/agora.xtec.cat\/escolajeronidemoragas\/general\/celebrem-santa-cecilia-amb-la-canco-testimo-bastant%f0%9f%8e%b6\/attachment\/whatsapp-image-2025-11-24-at-15-08-18-1\/'><img loading=\"lazy\" decoding=\"async\" width=\"625\" height=\"1024\" src=\"https:\/\/agora.xtec.cat\/escolajeronidemoragas\/wp-content\/uploads\/usu2509\/2025\/11\/WhatsApp-Image-2025-11-24-at-15.08.18-1-625x1024.jpeg\" class=\"attachment-large size-large\" alt=\"\" srcset=\"https:\/\/agora.xtec.cat\/escolajeronidemoragas\/wp-content\/uploads\/usu2509\/2025\/11\/WhatsApp-Image-2025-11-24-at-15.08.18-1-625x1024.jpeg 625w, https:\/\/agora.xtec.cat\/escolajeronidemoragas\/wp-content\/uploads\/usu2509\/2025\/11\/WhatsApp-Image-2025-11-24-at-15.08.18-1-183x300.jpeg 183w, https:\/\/agora.xtec.cat\/escolajeronidemoragas\/wp-content\/uploads\/usu2509\/2025\/11\/WhatsApp-Image-2025-11-24-at-15.08.18-1.jpeg 718w\" sizes=\"auto, (max-width: 625px) 100vw, 625px\" \/><\/a>\n\t\t\t<\/dt><\/dl><dl class='gallery-item'>\n\t\t\t<dt class='gallery-icon portrait'>\n\t\t\t\t<a href='https:\/\/agora.xtec.cat\/escolajeronidemoragas\/general\/celebrem-santa-cecilia-amb-la-canco-testimo-bastant%f0%9f%8e%b6\/attachment\/whatsapp-image-2025-11-24-at-15-08-18-2\/'><img loading=\"lazy\" decoding=\"async\" width=\"842\" height=\"1024\" src=\"https:\/\/agora.xtec.cat\/escolajeronidemoragas\/wp-content\/uploads\/usu2509\/2025\/11\/WhatsApp-Image-2025-11-24-at-15.08.18-2-842x1024.jpeg\" class=\"attachment-large size-large\" alt=\"\" srcset=\"https:\/\/agora.xtec.cat\/escolajeronidemoragas\/wp-content\/uploads\/usu2509\/2025\/11\/WhatsApp-Image-2025-11-24-at-15.08.18-2-842x1024.jpeg 842w, https:\/\/agora.xtec.cat\/escolajeronidemoragas\/wp-content\/uploads\/usu2509\/2025\/11\/WhatsApp-Image-2025-11-24-at-15.08.18-2-247x300.jpeg 247w, https:\/\/agora.xtec.cat\/escolajeronidemoragas\/wp-content\/uploads\/usu2509\/2025\/11\/WhatsApp-Image-2025-11-24-at-15.08.18-2-768x934.jpeg 768w, https:\/\/agora.xtec.cat\/escolajeronidemoragas\/wp-content\/uploads\/usu2509\/2025\/11\/WhatsApp-Image-2025-11-24-at-15.08.18-2.jpeg 1148w\" sizes=\"auto, (max-width: 842px) 100vw, 842px\" \/><\/a>\n\t\t\t<\/dt><\/dl><dl class='gallery-item'>\n\t\t\t<dt class='gallery-icon landscape'>\n\t\t\t\t<a href='https:\/\/agora.xtec.cat\/escolajeronidemoragas\/general\/celebrem-santa-cecilia-amb-la-canco-testimo-bastant%f0%9f%8e%b6\/attachment\/whatsapp-image-2025-11-24-at-15-08-18-3\/'><img loading=\"lazy\" decoding=\"async\" width=\"1024\" height=\"683\" src=\"https:\/\/agora.xtec.cat\/escolajeronidemoragas\/wp-content\/uploads\/usu2509\/2025\/11\/WhatsApp-Image-2025-11-24-at-15.08.18-3-1024x683.jpeg\" class=\"attachment-large size-large\" alt=\"\" srcset=\"https:\/\/agora.xtec.cat\/escolajeronidemoragas\/wp-content\/uploads\/usu2509\/2025\/11\/WhatsApp-Image-2025-11-24-at-15.08.18-3-1024x683.jpeg 1024w, https:\/\/agora.xtec.cat\/escolajeronidemoragas\/wp-content\/uploads\/usu2509\/2025\/11\/WhatsApp-Image-2025-11-24-at-15.08.18-3-300x200.jpeg 300w, https:\/\/agora.xtec.cat\/escolajeronidemoragas\/wp-content\/uploads\/usu2509\/2025\/11\/WhatsApp-Image-2025-11-24-at-15.08.18-3-768x512.jpeg 768w, https:\/\/agora.xtec.cat\/escolajeronidemoragas\/wp-content\/uploads\/usu2509\/2025\/11\/WhatsApp-Image-2025-11-24-at-15.08.18-3.jpeg 1490w\" sizes=\"auto, (max-width: 1024px) 100vw, 1024px\" \/><\/a>\n\t\t\t<\/dt><\/dl><br style=\"clear: both\" \/><dl class='gallery-item'>\n\t\t\t<dt class='gallery-icon portrait'>\n\t\t\t\t<a href='https:\/\/agora.xtec.cat\/escolajeronidemoragas\/general\/celebrem-santa-cecilia-amb-la-canco-testimo-bastant%f0%9f%8e%b6\/attachment\/whatsapp-image-2025-11-24-at-15-08-18-4\/'><img loading=\"lazy\" decoding=\"async\" width=\"768\" height=\"1024\" src=\"https:\/\/agora.xtec.cat\/escolajeronidemoragas\/wp-content\/uploads\/usu2509\/2025\/11\/WhatsApp-Image-2025-11-24-at-15.08.18-4-768x1024.jpeg\" class=\"attachment-large size-large\" alt=\"\" srcset=\"https:\/\/agora.xtec.cat\/escolajeronidemoragas\/wp-content\/uploads\/usu2509\/2025\/11\/WhatsApp-Image-2025-11-24-at-15.08.18-4-768x1024.jpeg 768w, https:\/\/agora.xtec.cat\/escolajeronidemoragas\/wp-content\/uploads\/usu2509\/2025\/11\/WhatsApp-Image-2025-11-24-at-15.08.18-4-225x300.jpeg 225w, https:\/\/agora.xtec.cat\/escolajeronidemoragas\/wp-content\/uploads\/usu2509\/2025\/11\/WhatsApp-Image-2025-11-24-at-15.08.18-4-1152x1536.jpeg 1152w, https:\/\/agora.xtec.cat\/escolajeronidemoragas\/wp-content\/uploads\/usu2509\/2025\/11\/WhatsApp-Image-2025-11-24-at-15.08.18-4.jpeg 1200w\" sizes=\"auto, (max-width: 768px) 100vw, 768px\" \/><\/a>\n\t\t\t<\/dt><\/dl><dl class='gallery-item'>\n\t\t\t<dt class='gallery-icon portrait'>\n\t\t\t\t<a href='https:\/\/agora.xtec.cat\/escolajeronidemoragas\/general\/celebrem-santa-cecilia-amb-la-canco-testimo-bastant%f0%9f%8e%b6\/attachment\/whatsapp-image-2025-11-24-at-15-08-18-5\/'><img loading=\"lazy\" decoding=\"async\" width=\"768\" height=\"1024\" src=\"https:\/\/agora.xtec.cat\/escolajeronidemoragas\/wp-content\/uploads\/usu2509\/2025\/11\/WhatsApp-Image-2025-11-24-at-15.08.18-5-768x1024.jpeg\" class=\"attachment-large size-large\" alt=\"\" srcset=\"https:\/\/agora.xtec.cat\/escolajeronidemoragas\/wp-content\/uploads\/usu2509\/2025\/11\/WhatsApp-Image-2025-11-24-at-15.08.18-5-768x1024.jpeg 768w, https:\/\/agora.xtec.cat\/escolajeronidemoragas\/wp-content\/uploads\/usu2509\/2025\/11\/WhatsApp-Image-2025-11-24-at-15.08.18-5-225x300.jpeg 225w, https:\/\/agora.xtec.cat\/escolajeronidemoragas\/wp-content\/uploads\/usu2509\/2025\/11\/WhatsApp-Image-2025-11-24-at-15.08.18-5-1152x1536.jpeg 1152w, https:\/\/agora.xtec.cat\/escolajeronidemoragas\/wp-content\/uploads\/usu2509\/2025\/11\/WhatsApp-Image-2025-11-24-at-15.08.18-5.jpeg 1200w\" sizes=\"auto, (max-width: 768px) 100vw, 768px\" \/><\/a>\n\t\t\t<\/dt><\/dl><dl class='gallery-item'>\n\t\t\t<dt class='gallery-icon portrait'>\n\t\t\t\t<a href='https:\/\/agora.xtec.cat\/escolajeronidemoragas\/general\/celebrem-santa-cecilia-amb-la-canco-testimo-bastant%f0%9f%8e%b6\/attachment\/whatsapp-image-2025-11-24-at-15-08-18-6\/'><img loading=\"lazy\" decoding=\"async\" width=\"768\" height=\"1024\" src=\"https:\/\/agora.xtec.cat\/escolajeronidemoragas\/wp-content\/uploads\/usu2509\/2025\/11\/WhatsApp-Image-2025-11-24-at-15.08.18-6-768x1024.jpeg\" class=\"attachment-large size-large\" alt=\"\" srcset=\"https:\/\/agora.xtec.cat\/escolajeronidemoragas\/wp-content\/uploads\/usu2509\/2025\/11\/WhatsApp-Image-2025-11-24-at-15.08.18-6-768x1024.jpeg 768w, https:\/\/agora.xtec.cat\/escolajeronidemoragas\/wp-content\/uploads\/usu2509\/2025\/11\/WhatsApp-Image-2025-11-24-at-15.08.18-6-225x300.jpeg 225w, https:\/\/agora.xtec.cat\/escolajeronidemoragas\/wp-content\/uploads\/usu2509\/2025\/11\/WhatsApp-Image-2025-11-24-at-15.08.18-6-1152x1536.jpeg 1152w, https:\/\/agora.xtec.cat\/escolajeronidemoragas\/wp-content\/uploads\/usu2509\/2025\/11\/WhatsApp-Image-2025-11-24-at-15.08.18-6.jpeg 1200w\" sizes=\"auto, (max-width: 768px) 100vw, 768px\" \/><\/a>\n\t\t\t<\/dt><\/dl><br style=\"clear: both\" \/><dl class='gallery-item'>\n\t\t\t<dt class='gallery-icon landscape'>\n\t\t\t\t<a href='https:\/\/agora.xtec.cat\/escolajeronidemoragas\/general\/celebrem-santa-cecilia-amb-la-canco-testimo-bastant%f0%9f%8e%b6\/attachment\/whatsapp-image-2025-11-24-at-15-08-18-7\/'><img loading=\"lazy\" decoding=\"async\" width=\"1024\" height=\"768\" src=\"https:\/\/agora.xtec.cat\/escolajeronidemoragas\/wp-content\/uploads\/usu2509\/2025\/11\/WhatsApp-Image-2025-11-24-at-15.08.18-7-1024x768.jpeg\" class=\"attachment-large size-large\" alt=\"\" srcset=\"https:\/\/agora.xtec.cat\/escolajeronidemoragas\/wp-content\/uploads\/usu2509\/2025\/11\/WhatsApp-Image-2025-11-24-at-15.08.18-7-1024x768.jpeg 1024w, https:\/\/agora.xtec.cat\/escolajeronidemoragas\/wp-content\/uploads\/usu2509\/2025\/11\/WhatsApp-Image-2025-11-24-at-15.08.18-7-300x225.jpeg 300w, https:\/\/agora.xtec.cat\/escolajeronidemoragas\/wp-content\/uploads\/usu2509\/2025\/11\/WhatsApp-Image-2025-11-24-at-15.08.18-7-768x576.jpeg 768w, https:\/\/agora.xtec.cat\/escolajeronidemoragas\/wp-content\/uploads\/usu2509\/2025\/11\/WhatsApp-Image-2025-11-24-at-15.08.18-7-1536x1152.jpeg 1536w, https:\/\/agora.xtec.cat\/escolajeronidemoragas\/wp-content\/uploads\/usu2509\/2025\/11\/WhatsApp-Image-2025-11-24-at-15.08.18-7-200x150.jpeg 200w, https:\/\/agora.xtec.cat\/escolajeronidemoragas\/wp-content\/uploads\/usu2509\/2025\/11\/WhatsApp-Image-2025-11-24-at-15.08.18-7.jpeg 1600w\" sizes=\"auto, (max-width: 1024px) 100vw, 1024px\" \/><\/a>\n\t\t\t<\/dt><\/dl><dl class='gallery-item'>\n\t\t\t<dt class='gallery-icon portrait'>\n\t\t\t\t<a href='https:\/\/agora.xtec.cat\/escolajeronidemoragas\/general\/celebrem-santa-cecilia-amb-la-canco-testimo-bastant%f0%9f%8e%b6\/attachment\/whatsapp-image-2025-11-24-at-15-08-18-8\/'><img loading=\"lazy\" decoding=\"async\" width=\"798\" height=\"1024\" src=\"https:\/\/agora.xtec.cat\/escolajeronidemoragas\/wp-content\/uploads\/usu2509\/2025\/11\/WhatsApp-Image-2025-11-24-at-15.08.18-8-798x1024.jpeg\" class=\"attachment-large size-large\" alt=\"\" srcset=\"https:\/\/agora.xtec.cat\/escolajeronidemoragas\/wp-content\/uploads\/usu2509\/2025\/11\/WhatsApp-Image-2025-11-24-at-15.08.18-8-798x1024.jpeg 798w, https:\/\/agora.xtec.cat\/escolajeronidemoragas\/wp-content\/uploads\/usu2509\/2025\/11\/WhatsApp-Image-2025-11-24-at-15.08.18-8-234x300.jpeg 234w, https:\/\/agora.xtec.cat\/escolajeronidemoragas\/wp-content\/uploads\/usu2509\/2025\/11\/WhatsApp-Image-2025-11-24-at-15.08.18-8-768x985.jpeg 768w, https:\/\/agora.xtec.cat\/escolajeronidemoragas\/wp-content\/uploads\/usu2509\/2025\/11\/WhatsApp-Image-2025-11-24-at-15.08.18-8.jpeg 1030w\" sizes=\"auto, (max-width: 798px) 100vw, 798px\" \/><\/a>\n\t\t\t<\/dt><\/dl><dl class='gallery-item'>\n\t\t\t<dt class='gallery-icon landscape'>\n\t\t\t\t<a href='https:\/\/agora.xtec.cat\/escolajeronidemoragas\/general\/celebrem-santa-cecilia-amb-la-canco-testimo-bastant%f0%9f%8e%b6\/attachment\/whatsapp-image-2025-11-24-at-15-08-18-9\/'><img loading=\"lazy\" decoding=\"async\" width=\"1024\" height=\"693\" src=\"https:\/\/agora.xtec.cat\/escolajeronidemoragas\/wp-content\/uploads\/usu2509\/2025\/11\/WhatsApp-Image-2025-11-24-at-15.08.18-9-1024x693.jpeg\" class=\"attachment-large size-large\" alt=\"\" srcset=\"https:\/\/agora.xtec.cat\/escolajeronidemoragas\/wp-content\/uploads\/usu2509\/2025\/11\/WhatsApp-Image-2025-11-24-at-15.08.18-9-1024x693.jpeg 1024w, https:\/\/agora.xtec.cat\/escolajeronidemoragas\/wp-content\/uploads\/usu2509\/2025\/11\/WhatsApp-Image-2025-11-24-at-15.08.18-9-300x203.jpeg 300w, https:\/\/agora.xtec.cat\/escolajeronidemoragas\/wp-content\/uploads\/usu2509\/2025\/11\/WhatsApp-Image-2025-11-24-at-15.08.18-9-768x519.jpeg 768w, https:\/\/agora.xtec.cat\/escolajeronidemoragas\/wp-content\/uploads\/usu2509\/2025\/11\/WhatsApp-Image-2025-11-24-at-15.08.18-9-1536x1039.jpeg 1536w, https:\/\/agora.xtec.cat\/escolajeronidemoragas\/wp-content\/uploads\/usu2509\/2025\/11\/WhatsApp-Image-2025-11-24-at-15.08.18-9.jpeg 1554w\" sizes=\"auto, (max-width: 1024px) 100vw, 1024px\" \/><\/a>\n\t\t\t<\/dt><\/dl><br style=\"clear: both\" \/><dl class='gallery-item'>\n\t\t\t<dt class='gallery-icon portrait'>\n\t\t\t\t<a href='https:\/\/agora.xtec.cat\/escolajeronidemoragas\/general\/celebrem-santa-cecilia-amb-la-canco-testimo-bastant%f0%9f%8e%b6\/attachment\/whatsapp-image-2025-11-24-at-15-08-18-10\/'><img loading=\"lazy\" decoding=\"async\" width=\"780\" height=\"1024\" src=\"https:\/\/agora.xtec.cat\/escolajeronidemoragas\/wp-content\/uploads\/usu2509\/2025\/11\/WhatsApp-Image-2025-11-24-at-15.08.18-10-780x1024.jpeg\" class=\"attachment-large size-large\" alt=\"\" srcset=\"https:\/\/agora.xtec.cat\/escolajeronidemoragas\/wp-content\/uploads\/usu2509\/2025\/11\/WhatsApp-Image-2025-11-24-at-15.08.18-10-780x1024.jpeg 780w, https:\/\/agora.xtec.cat\/escolajeronidemoragas\/wp-content\/uploads\/usu2509\/2025\/11\/WhatsApp-Image-2025-11-24-at-15.08.18-10-228x300.jpeg 228w, https:\/\/agora.xtec.cat\/escolajeronidemoragas\/wp-content\/uploads\/usu2509\/2025\/11\/WhatsApp-Image-2025-11-24-at-15.08.18-10-768x1008.jpeg 768w, https:\/\/agora.xtec.cat\/escolajeronidemoragas\/wp-content\/uploads\/usu2509\/2025\/11\/WhatsApp-Image-2025-11-24-at-15.08.18-10.jpeg 997w\" sizes=\"auto, (max-width: 780px) 100vw, 780px\" \/><\/a>\n\t\t\t<\/dt><\/dl><dl class='gallery-item'>\n\t\t\t<dt class='gallery-icon landscape'>\n\t\t\t\t<a href='https:\/\/agora.xtec.cat\/escolajeronidemoragas\/general\/celebrem-santa-cecilia-amb-la-canco-testimo-bastant%f0%9f%8e%b6\/attachment\/whatsapp-image-2025-11-24-at-15-08-18\/'><img loading=\"lazy\" decoding=\"async\" width=\"829\" height=\"527\" src=\"https:\/\/agora.xtec.cat\/escolajeronidemoragas\/wp-content\/uploads\/usu2509\/2025\/11\/WhatsApp-Image-2025-11-24-at-15.08.18.jpeg\" class=\"attachment-large size-large\" alt=\"\" srcset=\"https:\/\/agora.xtec.cat\/escolajeronidemoragas\/wp-content\/uploads\/usu2509\/2025\/11\/WhatsApp-Image-2025-11-24-at-15.08.18.jpeg 829w, https:\/\/agora.xtec.cat\/escolajeronidemoragas\/wp-content\/uploads\/usu2509\/2025\/11\/WhatsApp-Image-2025-11-24-at-15.08.18-300x191.jpeg 300w, https:\/\/agora.xtec.cat\/escolajeronidemoragas\/wp-content\/uploads\/usu2509\/2025\/11\/WhatsApp-Image-2025-11-24-at-15.08.18-768x488.jpeg 768w\" sizes=\"auto, (max-width: 829px) 100vw, 829px\" \/><\/a>\n\t\t\t<\/dt><\/dl>\n\t\t\t<br style='clear: both' \/>\n\t\t<\/div>\n\n","protected":false},"excerpt":{"rendered":"<p>Aquest dilluns 24 de novembre, l\u2019escola celebra Santa Cec\u00edlia, el Dia de la M\u00fasica, amb una proposta conjunta que uneix a tots els alumnes, des d\u2019Infantil fins a Transici\u00f3 a la Vida Adulta. Enguany, la comunitat educativa ha compartit una mateixa banda sonora: \u201cT\u2019estimo bastant\u201d,&hellip;  <a href=\"https:\/\/agora.xtec.cat\/escolajeronidemoragas\/general\/celebrem-santa-cecilia-amb-la-canco-testimo-bastant%f0%9f%8e%b6\/\" title=\"Read CELEBREM SANTA CEC\u00cdLIA AMB LA CAN\u00c7\u00d3 &#8220;T&#8217;ESTIMO BASTANT&#8221;\ud83c\udfb6\">Llegeix m\u00e9s\u00bb<\/a><\/p>\n","protected":false},"author":1,"featured_media":4769,"comment_status":"open","ping_status":"open","sticky":false,"template":"","format":"standard","meta":{"_bbp_topic_count":0,"_bbp_reply_count":0,"_bbp_total_topic_count":0,"_bbp_total_reply_count":0,"_bbp_voice_count":0,"_bbp_anonymous_reply_count":0,"_bbp_topic_count_hidden":0,"_bbp_reply_count_hidden":0,"_bbp_forum_subforum_count":0,"footnotes":""},"categories":[10,11,12,13,14,15,87,83,1,2,81,4,85,84],"tags":[],"class_list":["post-4766","post","type-post","status-publish","format-standard","has-post-thumbnail","hentry","category-1r","category-2n","category-3r","category-4t","category-5e","category-6e","category-curs-2025-26","category-eso","category-general","category-infantil-i-primaria","category-novembre","category-portada","category-sensorial","category-tva"],"post_mailing_queue_ids":[],"_links":{"self":[{"href":"https:\/\/agora.xtec.cat\/escolajeronidemoragas\/wp-json\/wp\/v2\/posts\/4766","targetHints":{"allow":["GET"]}}],"collection":[{"href":"https:\/\/agora.xtec.cat\/escolajeronidemoragas\/wp-json\/wp\/v2\/posts"}],"about":[{"href":"https:\/\/agora.xtec.cat\/escolajeronidemoragas\/wp-json\/wp\/v2\/types\/post"}],"author":[{"embeddable":true,"href":"https:\/\/agora.xtec.cat\/escolajeronidemoragas\/wp-json\/wp\/v2\/users\/1"}],"replies":[{"embeddable":true,"href":"https:\/\/agora.xtec.cat\/escolajeronidemoragas\/wp-json\/wp\/v2\/comments?post=4766"}],"version-history":[{"count":2,"href":"https:\/\/agora.xtec.cat\/escolajeronidemoragas\/wp-json\/wp\/v2\/posts\/4766\/revisions"}],"predecessor-version":[{"id":4783,"href":"https:\/\/agora.xtec.cat\/escolajeronidemoragas\/wp-json\/wp\/v2\/posts\/4766\/revisions\/4783"}],"wp:featuredmedia":[{"embeddable":true,"href":"https:\/\/agora.xtec.cat\/escolajeronidemoragas\/wp-json\/wp\/v2\/media\/4769"}],"wp:attachment":[{"href":"https:\/\/agora.xtec.cat\/escolajeronidemoragas\/wp-json\/wp\/v2\/media?parent=4766"}],"wp:term":[{"taxonomy":"category","embeddable":true,"href":"https:\/\/agora.xtec.cat\/escolajeronidemoragas\/wp-json\/wp\/v2\/categories?post=4766"},{"taxonomy":"post_tag","embeddable":true,"href":"https:\/\/agora.xtec.cat\/escolajeronidemoragas\/wp-json\/wp\/v2\/tags?post=4766"}],"curies":[{"name":"wp","href":"https:\/\/api.w.org\/{rel}","templated":true}]}}