{"id":4757,"date":"2025-11-21T15:26:14","date_gmt":"2025-11-21T14:26:14","guid":{"rendered":"https:\/\/agora.xtec.cat\/escolajeronidemoragas\/?p=4757"},"modified":"2025-11-21T15:30:45","modified_gmt":"2025-11-21T14:30:45","slug":"%f0%9f%8f%9e%ef%b8%8f-mati-espectacular-al-cim-del-collbaix","status":"publish","type":"post","link":"https:\/\/agora.xtec.cat\/escolajeronidemoragas\/general\/%f0%9f%8f%9e%ef%b8%8f-mati-espectacular-al-cim-del-collbaix\/","title":{"rendered":"\ud83c\udfde\ufe0f MAT\u00cd ESPECTACULAR AL CIM DEL COLLBAIX"},"content":{"rendered":"<p data-start=\"143\" data-end=\"512\">Aquest mat\u00ed, un entusiasta grup d\u2019alumnes de TVA ha realitzat l\u2019ascensi\u00f3 al <strong>Collbaix<\/strong>, un dels cims m\u00e9s emblem\u00e0tics de la comarca. Al llarg d\u2019un recorregut de 5 quil\u00f2metres i 240 metres de desnivell, els nois i noies han superat pistes forestals, trams m\u00e9s pronunciats i zones pedregoses que han posat a prova la seva resist\u00e8ncia i la seva capacitat de treball en equip.<\/p>\n<p data-start=\"514\" data-end=\"736\">L\u2019esfor\u00e7 ha valgut la pena: un cop al cim, han pogut gaudir d\u2019unes vistes espectaculars de la muntanya de Montserrat i dels Pirineus, aix\u00ed com identificar els pobles que envolten la zona des d\u2019una perspectiva privilegiada\ud83d\uddfa\ufe0f.<\/p>\n<p data-start=\"738\" data-end=\"805\">Ha estat un mat\u00ed magn\u00edfic, ple d\u2019esport, natura i bona conviv\u00e8ncia\ud83c\udf1f\ud83c\udf3f!!<\/p>\n\n\t\t<style type=\"text\/css\">\n\t\t\t#gallery-1 {\n\t\t\t\tmargin: auto;\n\t\t\t}\n\t\t\t#gallery-1 .gallery-item {\n\t\t\t\tfloat: left;\n\t\t\t\tmargin-top: 10px;\n\t\t\t\ttext-align: center;\n\t\t\t\twidth: 33%;\n\t\t\t}\n\t\t\t#gallery-1 img {\n\t\t\t\tborder: 2px solid #cfcfcf;\n\t\t\t}\n\t\t\t#gallery-1 .gallery-caption {\n\t\t\t\tmargin-left: 0;\n\t\t\t}\n\t\t\t\/* see gallery_shortcode() in wp-includes\/media.php *\/\n\t\t<\/style>\n\t\t<div id='gallery-1' class='gallery galleryid-4757 gallery-columns-3 gallery-size-large'><dl class='gallery-item'>\n\t\t\t<dt class='gallery-icon landscape'>\n\t\t\t\t<a href='https:\/\/agora.xtec.cat\/escolajeronidemoragas\/general\/%f0%9f%8f%9e%ef%b8%8f-mati-espectacular-al-cim-del-collbaix\/attachment\/whatsapp-image-2025-11-21-at-14-00-53\/'><img loading=\"lazy\" decoding=\"async\" width=\"1024\" height=\"771\" src=\"https:\/\/agora.xtec.cat\/escolajeronidemoragas\/wp-content\/uploads\/usu2509\/2025\/11\/WhatsApp-Image-2025-11-21-at-14.00.53-1024x771.jpeg\" class=\"attachment-large size-large\" alt=\"\" srcset=\"https:\/\/agora.xtec.cat\/escolajeronidemoragas\/wp-content\/uploads\/usu2509\/2025\/11\/WhatsApp-Image-2025-11-21-at-14.00.53-1024x771.jpeg 1024w, https:\/\/agora.xtec.cat\/escolajeronidemoragas\/wp-content\/uploads\/usu2509\/2025\/11\/WhatsApp-Image-2025-11-21-at-14.00.53-300x226.jpeg 300w, https:\/\/agora.xtec.cat\/escolajeronidemoragas\/wp-content\/uploads\/usu2509\/2025\/11\/WhatsApp-Image-2025-11-21-at-14.00.53-768x578.jpeg 768w, https:\/\/agora.xtec.cat\/escolajeronidemoragas\/wp-content\/uploads\/usu2509\/2025\/11\/WhatsApp-Image-2025-11-21-at-14.00.53-1536x1157.jpeg 1536w, https:\/\/agora.xtec.cat\/escolajeronidemoragas\/wp-content\/uploads\/usu2509\/2025\/11\/WhatsApp-Image-2025-11-21-at-14.00.53-200x150.jpeg 200w, https:\/\/agora.xtec.cat\/escolajeronidemoragas\/wp-content\/uploads\/usu2509\/2025\/11\/WhatsApp-Image-2025-11-21-at-14.00.53.jpeg 2040w\" sizes=\"auto, (max-width: 1024px) 100vw, 1024px\" \/><\/a>\n\t\t\t<\/dt><\/dl><dl class='gallery-item'>\n\t\t\t<dt class='gallery-icon landscape'>\n\t\t\t\t<a href='https:\/\/agora.xtec.cat\/escolajeronidemoragas\/general\/%f0%9f%8f%9e%ef%b8%8f-mati-espectacular-al-cim-del-collbaix\/attachment\/whatsapp-image-2025-11-21-at-14-00-54-1\/'><img loading=\"lazy\" decoding=\"async\" width=\"1024\" height=\"766\" src=\"https:\/\/agora.xtec.cat\/escolajeronidemoragas\/wp-content\/uploads\/usu2509\/2025\/11\/WhatsApp-Image-2025-11-21-at-14.00.54-1-1024x766.jpeg\" class=\"attachment-large size-large\" alt=\"\" srcset=\"https:\/\/agora.xtec.cat\/escolajeronidemoragas\/wp-content\/uploads\/usu2509\/2025\/11\/WhatsApp-Image-2025-11-21-at-14.00.54-1-1024x766.jpeg 1024w, https:\/\/agora.xtec.cat\/escolajeronidemoragas\/wp-content\/uploads\/usu2509\/2025\/11\/WhatsApp-Image-2025-11-21-at-14.00.54-1-300x224.jpeg 300w, https:\/\/agora.xtec.cat\/escolajeronidemoragas\/wp-content\/uploads\/usu2509\/2025\/11\/WhatsApp-Image-2025-11-21-at-14.00.54-1-768x575.jpeg 768w, https:\/\/agora.xtec.cat\/escolajeronidemoragas\/wp-content\/uploads\/usu2509\/2025\/11\/WhatsApp-Image-2025-11-21-at-14.00.54-1-1536x1149.jpeg 1536w, https:\/\/agora.xtec.cat\/escolajeronidemoragas\/wp-content\/uploads\/usu2509\/2025\/11\/WhatsApp-Image-2025-11-21-at-14.00.54-1-200x150.jpeg 200w, https:\/\/agora.xtec.cat\/escolajeronidemoragas\/wp-content\/uploads\/usu2509\/2025\/11\/WhatsApp-Image-2025-11-21-at-14.00.54-1.jpeg 1600w\" sizes=\"auto, (max-width: 1024px) 100vw, 1024px\" \/><\/a>\n\t\t\t<\/dt><\/dl><dl class='gallery-item'>\n\t\t\t<dt class='gallery-icon portrait'>\n\t\t\t\t<a href='https:\/\/agora.xtec.cat\/escolajeronidemoragas\/general\/%f0%9f%8f%9e%ef%b8%8f-mati-espectacular-al-cim-del-collbaix\/attachment\/whatsapp-image-2025-11-21-at-14-00-54-2\/'><img loading=\"lazy\" decoding=\"async\" width=\"766\" height=\"1024\" src=\"https:\/\/agora.xtec.cat\/escolajeronidemoragas\/wp-content\/uploads\/usu2509\/2025\/11\/WhatsApp-Image-2025-11-21-at-14.00.54-2-766x1024.jpeg\" class=\"attachment-large size-large\" alt=\"\" srcset=\"https:\/\/agora.xtec.cat\/escolajeronidemoragas\/wp-content\/uploads\/usu2509\/2025\/11\/WhatsApp-Image-2025-11-21-at-14.00.54-2-766x1024.jpeg 766w, https:\/\/agora.xtec.cat\/escolajeronidemoragas\/wp-content\/uploads\/usu2509\/2025\/11\/WhatsApp-Image-2025-11-21-at-14.00.54-2-224x300.jpeg 224w, https:\/\/agora.xtec.cat\/escolajeronidemoragas\/wp-content\/uploads\/usu2509\/2025\/11\/WhatsApp-Image-2025-11-21-at-14.00.54-2-768x1027.jpeg 768w, https:\/\/agora.xtec.cat\/escolajeronidemoragas\/wp-content\/uploads\/usu2509\/2025\/11\/WhatsApp-Image-2025-11-21-at-14.00.54-2-1149x1536.jpeg 1149w, https:\/\/agora.xtec.cat\/escolajeronidemoragas\/wp-content\/uploads\/usu2509\/2025\/11\/WhatsApp-Image-2025-11-21-at-14.00.54-2.jpeg 1197w\" sizes=\"auto, (max-width: 766px) 100vw, 766px\" \/><\/a>\n\t\t\t<\/dt><\/dl><br style=\"clear: both\" \/><dl class='gallery-item'>\n\t\t\t<dt class='gallery-icon portrait'>\n\t\t\t\t<a href='https:\/\/agora.xtec.cat\/escolajeronidemoragas\/general\/%f0%9f%8f%9e%ef%b8%8f-mati-espectacular-al-cim-del-collbaix\/attachment\/whatsapp-image-2025-11-21-at-14-00-54-3\/'><img loading=\"lazy\" decoding=\"async\" width=\"766\" height=\"1024\" src=\"https:\/\/agora.xtec.cat\/escolajeronidemoragas\/wp-content\/uploads\/usu2509\/2025\/11\/WhatsApp-Image-2025-11-21-at-14.00.54-3-766x1024.jpeg\" class=\"attachment-large size-large\" alt=\"\" srcset=\"https:\/\/agora.xtec.cat\/escolajeronidemoragas\/wp-content\/uploads\/usu2509\/2025\/11\/WhatsApp-Image-2025-11-21-at-14.00.54-3-766x1024.jpeg 766w, https:\/\/agora.xtec.cat\/escolajeronidemoragas\/wp-content\/uploads\/usu2509\/2025\/11\/WhatsApp-Image-2025-11-21-at-14.00.54-3-224x300.jpeg 224w, https:\/\/agora.xtec.cat\/escolajeronidemoragas\/wp-content\/uploads\/usu2509\/2025\/11\/WhatsApp-Image-2025-11-21-at-14.00.54-3-768x1027.jpeg 768w, https:\/\/agora.xtec.cat\/escolajeronidemoragas\/wp-content\/uploads\/usu2509\/2025\/11\/WhatsApp-Image-2025-11-21-at-14.00.54-3-1149x1536.jpeg 1149w, https:\/\/agora.xtec.cat\/escolajeronidemoragas\/wp-content\/uploads\/usu2509\/2025\/11\/WhatsApp-Image-2025-11-21-at-14.00.54-3.jpeg 1197w\" sizes=\"auto, (max-width: 766px) 100vw, 766px\" \/><\/a>\n\t\t\t<\/dt><\/dl><dl class='gallery-item'>\n\t\t\t<dt class='gallery-icon portrait'>\n\t\t\t\t<a href='https:\/\/agora.xtec.cat\/escolajeronidemoragas\/general\/%f0%9f%8f%9e%ef%b8%8f-mati-espectacular-al-cim-del-collbaix\/attachment\/whatsapp-image-2025-11-21-at-14-00-54\/'><img loading=\"lazy\" decoding=\"async\" width=\"771\" height=\"1024\" src=\"https:\/\/agora.xtec.cat\/escolajeronidemoragas\/wp-content\/uploads\/usu2509\/2025\/11\/WhatsApp-Image-2025-11-21-at-14.00.54-771x1024.jpeg\" class=\"attachment-large size-large\" alt=\"\" srcset=\"https:\/\/agora.xtec.cat\/escolajeronidemoragas\/wp-content\/uploads\/usu2509\/2025\/11\/WhatsApp-Image-2025-11-21-at-14.00.54-771x1024.jpeg 771w, https:\/\/agora.xtec.cat\/escolajeronidemoragas\/wp-content\/uploads\/usu2509\/2025\/11\/WhatsApp-Image-2025-11-21-at-14.00.54-226x300.jpeg 226w, https:\/\/agora.xtec.cat\/escolajeronidemoragas\/wp-content\/uploads\/usu2509\/2025\/11\/WhatsApp-Image-2025-11-21-at-14.00.54-768x1020.jpeg 768w, https:\/\/agora.xtec.cat\/escolajeronidemoragas\/wp-content\/uploads\/usu2509\/2025\/11\/WhatsApp-Image-2025-11-21-at-14.00.54-1157x1536.jpeg 1157w, https:\/\/agora.xtec.cat\/escolajeronidemoragas\/wp-content\/uploads\/usu2509\/2025\/11\/WhatsApp-Image-2025-11-21-at-14.00.54.jpeg 1536w\" sizes=\"auto, (max-width: 771px) 100vw, 771px\" \/><\/a>\n\t\t\t<\/dt><\/dl><dl class='gallery-item'>\n\t\t\t<dt class='gallery-icon landscape'>\n\t\t\t\t<a href='https:\/\/agora.xtec.cat\/escolajeronidemoragas\/general\/%f0%9f%8f%9e%ef%b8%8f-mati-espectacular-al-cim-del-collbaix\/attachment\/whatsapp-image-2025-11-21-at-14-00-55-1\/'><img loading=\"lazy\" decoding=\"async\" width=\"1024\" height=\"766\" src=\"https:\/\/agora.xtec.cat\/escolajeronidemoragas\/wp-content\/uploads\/usu2509\/2025\/11\/WhatsApp-Image-2025-11-21-at-14.00.55-1-1024x766.jpeg\" class=\"attachment-large size-large\" alt=\"\" srcset=\"https:\/\/agora.xtec.cat\/escolajeronidemoragas\/wp-content\/uploads\/usu2509\/2025\/11\/WhatsApp-Image-2025-11-21-at-14.00.55-1-1024x766.jpeg 1024w, https:\/\/agora.xtec.cat\/escolajeronidemoragas\/wp-content\/uploads\/usu2509\/2025\/11\/WhatsApp-Image-2025-11-21-at-14.00.55-1-300x224.jpeg 300w, https:\/\/agora.xtec.cat\/escolajeronidemoragas\/wp-content\/uploads\/usu2509\/2025\/11\/WhatsApp-Image-2025-11-21-at-14.00.55-1-768x575.jpeg 768w, https:\/\/agora.xtec.cat\/escolajeronidemoragas\/wp-content\/uploads\/usu2509\/2025\/11\/WhatsApp-Image-2025-11-21-at-14.00.55-1-1536x1149.jpeg 1536w, https:\/\/agora.xtec.cat\/escolajeronidemoragas\/wp-content\/uploads\/usu2509\/2025\/11\/WhatsApp-Image-2025-11-21-at-14.00.55-1-200x150.jpeg 200w, https:\/\/agora.xtec.cat\/escolajeronidemoragas\/wp-content\/uploads\/usu2509\/2025\/11\/WhatsApp-Image-2025-11-21-at-14.00.55-1.jpeg 1600w\" sizes=\"auto, (max-width: 1024px) 100vw, 1024px\" \/><\/a>\n\t\t\t<\/dt><\/dl><br style=\"clear: both\" \/><dl class='gallery-item'>\n\t\t\t<dt class='gallery-icon portrait'>\n\t\t\t\t<a href='https:\/\/agora.xtec.cat\/escolajeronidemoragas\/general\/%f0%9f%8f%9e%ef%b8%8f-mati-espectacular-al-cim-del-collbaix\/attachment\/whatsapp-image-2025-11-21-at-14-00-55\/'><img loading=\"lazy\" decoding=\"async\" width=\"766\" height=\"1024\" src=\"https:\/\/agora.xtec.cat\/escolajeronidemoragas\/wp-content\/uploads\/usu2509\/2025\/11\/WhatsApp-Image-2025-11-21-at-14.00.55-766x1024.jpeg\" class=\"attachment-large size-large\" alt=\"\" srcset=\"https:\/\/agora.xtec.cat\/escolajeronidemoragas\/wp-content\/uploads\/usu2509\/2025\/11\/WhatsApp-Image-2025-11-21-at-14.00.55-766x1024.jpeg 766w, https:\/\/agora.xtec.cat\/escolajeronidemoragas\/wp-content\/uploads\/usu2509\/2025\/11\/WhatsApp-Image-2025-11-21-at-14.00.55-224x300.jpeg 224w, https:\/\/agora.xtec.cat\/escolajeronidemoragas\/wp-content\/uploads\/usu2509\/2025\/11\/WhatsApp-Image-2025-11-21-at-14.00.55-768x1027.jpeg 768w, https:\/\/agora.xtec.cat\/escolajeronidemoragas\/wp-content\/uploads\/usu2509\/2025\/11\/WhatsApp-Image-2025-11-21-at-14.00.55-1149x1536.jpeg 1149w, https:\/\/agora.xtec.cat\/escolajeronidemoragas\/wp-content\/uploads\/usu2509\/2025\/11\/WhatsApp-Image-2025-11-21-at-14.00.55.jpeg 1197w\" sizes=\"auto, (max-width: 766px) 100vw, 766px\" \/><\/a>\n\t\t\t<\/dt><\/dl>\n\t\t\t<br style='clear: both' \/>\n\t\t<\/div>\n\n","protected":false},"excerpt":{"rendered":"<p>Aquest mat\u00ed, un entusiasta grup d\u2019alumnes de TVA ha realitzat l\u2019ascensi\u00f3 al Collbaix, un dels cims m\u00e9s emblem\u00e0tics de la comarca. Al llarg d\u2019un recorregut de 5 quil\u00f2metres i 240 metres de desnivell, els nois i noies han superat pistes forestals, trams m\u00e9s pronunciats i&hellip;  <a href=\"https:\/\/agora.xtec.cat\/escolajeronidemoragas\/general\/%f0%9f%8f%9e%ef%b8%8f-mati-espectacular-al-cim-del-collbaix\/\" title=\"Read \ud83c\udfde\ufe0f MAT\u00cd ESPECTACULAR AL CIM DEL COLLBAIX\">Llegeix m\u00e9s\u00bb<\/a><\/p>\n","protected":false},"author":1,"featured_media":4759,"comment_status":"open","ping_status":"open","sticky":false,"template":"","format":"standard","meta":{"_bbp_topic_count":0,"_bbp_reply_count":0,"_bbp_total_topic_count":0,"_bbp_total_reply_count":0,"_bbp_voice_count":0,"_bbp_anonymous_reply_count":0,"_bbp_topic_count_hidden":0,"_bbp_reply_count_hidden":0,"_bbp_forum_subforum_count":0,"footnotes":""},"categories":[87,1,81,4,85,84],"tags":[],"class_list":["post-4757","post","type-post","status-publish","format-standard","has-post-thumbnail","hentry","category-curs-2025-26","category-general","category-novembre","category-portada","category-sensorial","category-tva"],"post_mailing_queue_ids":[],"_links":{"self":[{"href":"https:\/\/agora.xtec.cat\/escolajeronidemoragas\/wp-json\/wp\/v2\/posts\/4757","targetHints":{"allow":["GET"]}}],"collection":[{"href":"https:\/\/agora.xtec.cat\/escolajeronidemoragas\/wp-json\/wp\/v2\/posts"}],"about":[{"href":"https:\/\/agora.xtec.cat\/escolajeronidemoragas\/wp-json\/wp\/v2\/types\/post"}],"author":[{"embeddable":true,"href":"https:\/\/agora.xtec.cat\/escolajeronidemoragas\/wp-json\/wp\/v2\/users\/1"}],"replies":[{"embeddable":true,"href":"https:\/\/agora.xtec.cat\/escolajeronidemoragas\/wp-json\/wp\/v2\/comments?post=4757"}],"version-history":[{"count":1,"href":"https:\/\/agora.xtec.cat\/escolajeronidemoragas\/wp-json\/wp\/v2\/posts\/4757\/revisions"}],"predecessor-version":[{"id":4765,"href":"https:\/\/agora.xtec.cat\/escolajeronidemoragas\/wp-json\/wp\/v2\/posts\/4757\/revisions\/4765"}],"wp:featuredmedia":[{"embeddable":true,"href":"https:\/\/agora.xtec.cat\/escolajeronidemoragas\/wp-json\/wp\/v2\/media\/4759"}],"wp:attachment":[{"href":"https:\/\/agora.xtec.cat\/escolajeronidemoragas\/wp-json\/wp\/v2\/media?parent=4757"}],"wp:term":[{"taxonomy":"category","embeddable":true,"href":"https:\/\/agora.xtec.cat\/escolajeronidemoragas\/wp-json\/wp\/v2\/categories?post=4757"},{"taxonomy":"post_tag","embeddable":true,"href":"https:\/\/agora.xtec.cat\/escolajeronidemoragas\/wp-json\/wp\/v2\/tags?post=4757"}],"curies":[{"name":"wp","href":"https:\/\/api.w.org\/{rel}","templated":true}]}}