{"id":4754,"date":"2025-11-17T07:33:44","date_gmt":"2025-11-17T06:33:44","guid":{"rendered":"https:\/\/agora.xtec.cat\/escolajeronidemoragas\/?p=4754"},"modified":"2025-11-17T07:34:11","modified_gmt":"2025-11-17T06:34:11","slug":"els-companys-visiten-regio-7%f0%9f%93%b0","status":"publish","type":"post","link":"https:\/\/agora.xtec.cat\/escolajeronidemoragas\/general\/els-companys-visiten-regio-7%f0%9f%93%b0\/","title":{"rendered":"ELS COMPANYS VISITEN REGI\u00d3 7\ud83d\udcf0"},"content":{"rendered":"<p style=\"text-align: justify;\" data-start=\"390\" data-end=\"637\">Aquest divendres, un grup d\u2019alumnes de la resid\u00e8ncia-escola <strong data-start=\"450\" data-end=\"486\">Els Companys (Jeroni de Moragas)<\/strong> ha viscut<a href=\"https:\/\/agora.xtec.cat\/escolajeronidemoragas\/wp-content\/uploads\/usu2509\/2025\/11\/Regio7.png\"><img loading=\"lazy\" decoding=\"async\" class=\"alignright wp-image-4755\" src=\"https:\/\/agora.xtec.cat\/escolajeronidemoragas\/wp-content\/uploads\/usu2509\/2025\/11\/Regio7.png\" alt=\"\" width=\"261\" height=\"104\" \/><\/a> una experi\u00e8ncia \u00fanica: visitar la redacci\u00f3 del diari <strong data-start=\"550\" data-end=\"560\">Regi\u00f37<\/strong> i, alhora, participar en la creaci\u00f3 d\u2019una not\u00edcia publicada al mateix mitj\u00e0.<\/p>\n<p style=\"text-align: justify;\" data-start=\"639\" data-end=\"964\">Durant la visita, els joves van descobrir <strong data-start=\"681\" data-end=\"723\">com funciona una redacci\u00f3 period\u00edstica<\/strong>, com s\u2019organitza la feina dels i les professionals del diari i quins passos segueix una not\u00edcia des de la idea inicial fins a la seva publicaci\u00f3, tant a la <a href=\"https:\/\/www.regio7.cat\/\">web <em data-start=\"884\" data-end=\"896\">regio7.cat<\/em><\/a> com a l\u2019edici\u00f3 impresa, un diari amb m\u00e9s de <strong data-start=\"941\" data-end=\"963\">40 anys d\u2019hist\u00f2ria<\/strong>.<\/p>\n<p style=\"text-align: justify;\" data-start=\"966\" data-end=\"1415\">L\u2019equip de Regi\u00f37 va donar-los la benvinguda i els va explicar el proc\u00e9s de redacci\u00f3 i edici\u00f3. A m\u00e9s, els alumnes van poder <strong data-start=\"1090\" data-end=\"1185\">respondre preguntes, compartir impressions i explicar qu\u00e8 els estava agradant de la sortida<\/strong>, contribuint directament als continguts de la <strong><a href=\"https:\/\/www.regio7.cat\/bages\/2025\/11\/14\/alumnes-residencia-escola-els-companys-123711827.html\">not\u00edcia<\/a><\/strong> que el diari va publicar posteriorment. \ud83d\ude00\ud83d\udcbb<\/p>\n<p style=\"text-align: justify;\" data-start=\"1417\" data-end=\"1690\">La sortida va ser una <strong data-start=\"1439\" data-end=\"1468\">experi\u00e8ncia de descoberta<\/strong>, per\u00f2 tamb\u00e9 un espai de diversi\u00f3 i desconnexi\u00f3 de la rutina habitual del centre, les aules i els patis. Per als alumnes, per\u00f2, tot plegat va significar tamb\u00e9 <strong data-start=\"1627\" data-end=\"1651\">un aprenentatge real<\/strong>, connectat amb el m\u00f3n que els envolta.<\/p>\n<p style=\"text-align: justify;\" data-start=\"2186\" data-end=\"2411\">Des de l\u2019escola, valorem molt positivament aquesta col\u00b7laboraci\u00f3 amb Regi\u00f37, que ha perm\u00e8s als alumnes ser <strong data-start=\"2293\" data-end=\"2334\">protagonistes i creadors de contingut<\/strong>, i continuar obrint oportunitats per aprendre a trav\u00e9s d\u2019experi\u00e8ncies reals.<\/p>\n<p style=\"text-align: justify;\" data-start=\"2186\" data-end=\"2411\"><img loading=\"lazy\" decoding=\"async\" class=\"aligncenter\" src=\"https:\/\/estaticos-cdn.prensaiberica.es\/clip\/2c590056-dfef-4276-9608-f99b34921ed3_16-9-aspect-ratio_default_1415636.jpg\" alt=\"Alumnes de l'escola Els Companys en la visita a Regi\u00f37\" width=\"722\" height=\"406\" \/><\/p>\n","protected":false},"excerpt":{"rendered":"<p>Aquest divendres, un grup d\u2019alumnes de la resid\u00e8ncia-escola Els Companys (Jeroni de Moragas) ha viscut<a href=\"https:\/\/agora.xtec.cat\/escolajeronidemoragas\/wp-content\/uploads\/usu2509\/2025\/11\/Regio7.png\"><\/a> una experi\u00e8ncia \u00fanica: visitar la redacci\u00f3 del diari Regi\u00f37 i, alhora, participar en la creaci\u00f3 d\u2019una not\u00edcia publicada al mateix mitj\u00e0.<br \/>\nDurant la visita, els joves van descobrir com funciona&hellip;  <a href=\"https:\/\/agora.xtec.cat\/escolajeronidemoragas\/general\/els-companys-visiten-regio-7%f0%9f%93%b0\/\" title=\"Read ELS COMPANYS VISITEN REGI\u00d3 7\ud83d\udcf0\">Llegeix m\u00e9s\u00bb<\/a><\/p>\n","protected":false},"author":1,"featured_media":4755,"comment_status":"open","ping_status":"open","sticky":false,"template":"","format":"standard","meta":{"_bbp_topic_count":0,"_bbp_reply_count":0,"_bbp_total_topic_count":0,"_bbp_total_reply_count":0,"_bbp_voice_count":0,"_bbp_anonymous_reply_count":0,"_bbp_topic_count_hidden":0,"_bbp_reply_count_hidden":0,"_bbp_forum_subforum_count":0,"footnotes":""},"categories":[10,11,12,13,14,15,87,83,1,81,4,85,79,84],"tags":[],"class_list":["post-4754","post","type-post","status-publish","format-standard","has-post-thumbnail","hentry","category-1r","category-2n","category-3r","category-4t","category-5e","category-6e","category-curs-2025-26","category-eso","category-general","category-novembre","category-portada","category-sensorial","category-setembre","category-tva"],"post_mailing_queue_ids":[],"_links":{"self":[{"href":"https:\/\/agora.xtec.cat\/escolajeronidemoragas\/wp-json\/wp\/v2\/posts\/4754","targetHints":{"allow":["GET"]}}],"collection":[{"href":"https:\/\/agora.xtec.cat\/escolajeronidemoragas\/wp-json\/wp\/v2\/posts"}],"about":[{"href":"https:\/\/agora.xtec.cat\/escolajeronidemoragas\/wp-json\/wp\/v2\/types\/post"}],"author":[{"embeddable":true,"href":"https:\/\/agora.xtec.cat\/escolajeronidemoragas\/wp-json\/wp\/v2\/users\/1"}],"replies":[{"embeddable":true,"href":"https:\/\/agora.xtec.cat\/escolajeronidemoragas\/wp-json\/wp\/v2\/comments?post=4754"}],"version-history":[{"count":1,"href":"https:\/\/agora.xtec.cat\/escolajeronidemoragas\/wp-json\/wp\/v2\/posts\/4754\/revisions"}],"predecessor-version":[{"id":4756,"href":"https:\/\/agora.xtec.cat\/escolajeronidemoragas\/wp-json\/wp\/v2\/posts\/4754\/revisions\/4756"}],"wp:featuredmedia":[{"embeddable":true,"href":"https:\/\/agora.xtec.cat\/escolajeronidemoragas\/wp-json\/wp\/v2\/media\/4755"}],"wp:attachment":[{"href":"https:\/\/agora.xtec.cat\/escolajeronidemoragas\/wp-json\/wp\/v2\/media?parent=4754"}],"wp:term":[{"taxonomy":"category","embeddable":true,"href":"https:\/\/agora.xtec.cat\/escolajeronidemoragas\/wp-json\/wp\/v2\/categories?post=4754"},{"taxonomy":"post_tag","embeddable":true,"href":"https:\/\/agora.xtec.cat\/escolajeronidemoragas\/wp-json\/wp\/v2\/tags?post=4754"}],"curies":[{"name":"wp","href":"https:\/\/api.w.org\/{rel}","templated":true}]}}