{"id":4706,"date":"2025-11-08T08:25:37","date_gmt":"2025-11-08T07:25:37","guid":{"rendered":"https:\/\/agora.xtec.cat\/escolajeronidemoragas\/?p=4706"},"modified":"2025-11-08T11:05:27","modified_gmt":"2025-11-08T10:05:27","slug":"ife-col%c2%b7labora-amb-cor-i-energia-al-gran-recapte-2025%f0%9f%92%99","status":"publish","type":"post","link":"https:\/\/agora.xtec.cat\/escolajeronidemoragas\/general\/ife-col%c2%b7labora-amb-cor-i-energia-al-gran-recapte-2025%f0%9f%92%99\/","title":{"rendered":"IFE COL\u00b7LABORA AMB COR I ENERGIA AL GRAN RECAPTE 2025!\ud83d\udc99"},"content":{"rendered":"<p style=\"text-align: justify;\" data-start=\"212\" data-end=\"522\">Aquest divendres al mat\u00ed, els alumnes de l\u2019Itinerari Formatiu Espec\u00edfic (IFE) han participat activament en la <strong data-start=\"309\" data-end=\"353\">campanya solid\u00e0ria del<a href=\"https:\/\/www.granrecapte.org\/ca\/dona\/?gad_source=1&amp;gad_campaignid=23199110142&amp;gbraid=0AAAAA-Td73L4uWHf1ouIKWq3wHSvJCDdS&amp;gclid=CjwKCAiA8bvIBhBJEiwAu5ayrNoa1-GWLdIT1-De_xcDLJzHeV0-hOPS_g1xbaZ9fhjHAqSoE4VS_BoCLhAQAvD_BwE\"> Gran Recapte 2025<\/a><\/strong>, una iniciativa impulsada pels Bancs dels Aliments d\u2019arreu de Catalunya amb l\u2019objectiu de <strong data-start=\"444\" data-end=\"521\">garantir una alimentaci\u00f3 digna per a totes les fam\u00edlies que ho necessiten<\/strong>.<\/p>\n<p style=\"text-align: justify;\" data-start=\"524\" data-end=\"800\">Els nostres alumnes han fet de <strong data-start=\"555\" data-end=\"569\">voluntaris<\/strong> en diversos punts de recollida, on han ajudat a <strong data-start=\"618\" data-end=\"650\">recollir aliments essencials<\/strong>, <strong data-start=\"652\" data-end=\"678\">informar la ciutadania<\/strong> sobre la import\u00e0ncia de la campanya i <strong data-start=\"717\" data-end=\"760\">fomentar la solidaritat i la cooperaci\u00f3<\/strong> entre les persones que hi participaven.<\/p>\n<p style=\"text-align: justify;\" data-start=\"172\" data-end=\"497\">Aquest divendres al mat\u00ed, els alumnes de l\u2019Itinerari Formatiu Espec\u00edfic (IFE) han participat activament en la campanya solid\u00e0ria del <strong data-start=\"305\" data-end=\"326\">Gran Recapte 2025<\/strong>, una iniciativa impulsada pels <strong data-start=\"358\" data-end=\"402\">Bancs dels Aliments d\u2019arreu de Catalunya<\/strong> amb l\u2019objectiu de garantir una alimentaci\u00f3 digna per a totes les fam\u00edlies que ho necessiten.<\/p>\n<p style=\"text-align: justify;\" data-start=\"499\" data-end=\"765\">Els nostres alumnes han fet de <strong data-start=\"530\" data-end=\"575\">voluntaris en diversos punts de recollida<\/strong>, on han ajudat a recollir aliments essencials, informar la ciutadania sobre la import\u00e0ncia de la campanya i fomentar la solidaritat i la cooperaci\u00f3 entre les persones que hi participaven.<\/p>\n<p style=\"text-align: justify;\"><strong data-start=\"974\" data-end=\"998\"><a style=\"color: #2795b6;\" href=\"https:\/\/agora.xtec.cat\/escolajeronidemoragas\/wp-content\/uploads\/usu2509\/2025\/11\/gran-recapte-dels-aliments.png\"><br class=\"Apple-interchange-newline\" \/><img loading=\"lazy\" decoding=\"async\" class=\"wp-image-4720 alignleft\" src=\"https:\/\/agora.xtec.cat\/escolajeronidemoragas\/wp-content\/uploads\/usu2509\/2025\/11\/gran-recapte-dels-aliments.png\" alt=\"\" width=\"322\" height=\"78\" srcset=\"https:\/\/agora.xtec.cat\/escolajeronidemoragas\/wp-content\/uploads\/usu2509\/2025\/11\/gran-recapte-dels-aliments.png 667w, https:\/\/agora.xtec.cat\/escolajeronidemoragas\/wp-content\/uploads\/usu2509\/2025\/11\/gran-recapte-dels-aliments-300x73.png 300w\" sizes=\"auto, (max-width: 322px) 100vw, 322px\" \/><\/a><\/strong><\/p>\n<p style=\"text-align: justify;\" data-start=\"767\" data-end=\"1097\">\ud83d\udc49 <strong data-start=\"770\" data-end=\"818\">El Canal Taronja va ser present al Carrefour<\/strong>, on un grupet d\u2019alumnes d\u2019IFE hi van participar com a voluntaris. L\u2019<strong data-start=\"911\" data-end=\"921\">Imrane<\/strong>, alumne de 3r, fins i tot va ser protagonista d\u2019una <a href=\"https:\/\/www.youtube.com\/watch?v=PbqiLaeJ2eY\"><strong data-start=\"974\" data-end=\"998\">petita entrevista!<\/strong><\/a><\/p>\n<p style=\"text-align: justify;\" data-start=\"1099\" data-end=\"1354\">A m\u00e9s de col\u00b7laborar amb una causa social molt necess\u00e0ria, aquesta activitat ha estat una <strong data-start=\"1189\" data-end=\"1232\">experi\u00e8ncia d\u2019aprenentatge significatiu<\/strong> per a l\u2019alumnat, que ha pogut posar en pr\u00e0ctica valors com la <strong data-start=\"1295\" data-end=\"1351\">responsabilitat, l\u2019empatia i el comprom\u00eds comunitari<\/strong>.<\/p>\n<p style=\"text-align: justify;\" data-start=\"1356\" data-end=\"1547\">Des de l\u2019escola, volem <strong data-start=\"1379\" data-end=\"1418\">agrair la implicaci\u00f3 i l\u2019entusiasme<\/strong> dels nostres alumnes i tamb\u00e9 de totes les persones que, amb la seva aportaci\u00f3, <strong data-start=\"1498\" data-end=\"1538\">fan possible que cap plat quedi buit<\/strong>. \ud83c\udf7d\ufe0f\ud83d\udc99<\/p>\n<p style=\"text-align: justify;\" data-start=\"802\" data-end=\"1055\">A m\u00e9s de col\u00b7laborar amb una causa social molt necess\u00e0ria, aquesta activitat ha estat una <strong data-start=\"892\" data-end=\"935\">experi\u00e8ncia d\u2019aprenentatge significatiu<\/strong> per a l\u2019alumnat, que ha pogut posar en pr\u00e0ctica valors com la <strong data-start=\"998\" data-end=\"1054\">responsabilitat, l\u2019empatia i el comprom\u00eds comunitari<\/strong>.<\/p>\n<p style=\"text-align: justify;\" data-start=\"802\" data-end=\"1055\">El Canal Taronja va al Carrefour, durant el Gran Recapte, on un grupet d&#8217;alumnes d&#8217;IFE hi vam participar com a voluntaris. L&#8217;Imrane, alumne de 3r, li van fer una petita entrevista \ud83e\udd29. Una molt bona experi\u00e8ncia per a ells i ens ha fet il.lusi\u00f3 veure&#8217;ls en acci\u00f3 \ud83d\udcaa\ud83c\udffd<\/p>\n<p style=\"text-align: justify;\" data-start=\"1057\" data-end=\"1236\">Des de l\u2019escola, <strong data-start=\"1074\" data-end=\"1119\">volem agrair la implicaci\u00f3 i l\u2019entusiasme<\/strong> dels nostres alumnes i tamb\u00e9 de totes les persones que, amb la seva aportaci\u00f3, fan possible que cap plat quedi buit.<\/p>\n<p style=\"text-align: justify;\" data-start=\"1238\" data-end=\"1319\">\ud83d\udce6 <strong data-start=\"1241\" data-end=\"1319\">El Gran Recapte \u00e9s solidaritat en acci\u00f3. Junts fem escola i fem comunitat!<\/strong><\/p>\n\n\t\t<style type=\"text\/css\">\n\t\t\t#gallery-1 {\n\t\t\t\tmargin: auto;\n\t\t\t}\n\t\t\t#gallery-1 .gallery-item {\n\t\t\t\tfloat: left;\n\t\t\t\tmargin-top: 10px;\n\t\t\t\ttext-align: center;\n\t\t\t\twidth: 33%;\n\t\t\t}\n\t\t\t#gallery-1 img {\n\t\t\t\tborder: 2px solid #cfcfcf;\n\t\t\t}\n\t\t\t#gallery-1 .gallery-caption {\n\t\t\t\tmargin-left: 0;\n\t\t\t}\n\t\t\t\/* see gallery_shortcode() in wp-includes\/media.php *\/\n\t\t<\/style>\n\t\t<div id='gallery-1' class='gallery galleryid-4706 gallery-columns-3 gallery-size-large'><dl class='gallery-item'>\n\t\t\t<dt class='gallery-icon landscape'>\n\t\t\t\t<a href='https:\/\/agora.xtec.cat\/escolajeronidemoragas\/general\/ife-col%c2%b7labora-amb-cor-i-energia-al-gran-recapte-2025%f0%9f%92%99\/attachment\/whatsapp-image-2025-11-07-at-22-31-11\/'><img loading=\"lazy\" decoding=\"async\" width=\"1024\" height=\"1024\" src=\"https:\/\/agora.xtec.cat\/escolajeronidemoragas\/wp-content\/uploads\/usu2509\/2025\/11\/WhatsApp-Image-2025-11-07-at-22.31.11-1024x1024.jpeg\" class=\"attachment-large size-large\" alt=\"\" srcset=\"https:\/\/agora.xtec.cat\/escolajeronidemoragas\/wp-content\/uploads\/usu2509\/2025\/11\/WhatsApp-Image-2025-11-07-at-22.31.11-1024x1024.jpeg 1024w, https:\/\/agora.xtec.cat\/escolajeronidemoragas\/wp-content\/uploads\/usu2509\/2025\/11\/WhatsApp-Image-2025-11-07-at-22.31.11-300x300.jpeg 300w, https:\/\/agora.xtec.cat\/escolajeronidemoragas\/wp-content\/uploads\/usu2509\/2025\/11\/WhatsApp-Image-2025-11-07-at-22.31.11-150x150.jpeg 150w, https:\/\/agora.xtec.cat\/escolajeronidemoragas\/wp-content\/uploads\/usu2509\/2025\/11\/WhatsApp-Image-2025-11-07-at-22.31.11-768x768.jpeg 768w, https:\/\/agora.xtec.cat\/escolajeronidemoragas\/wp-content\/uploads\/usu2509\/2025\/11\/WhatsApp-Image-2025-11-07-at-22.31.11.jpeg 1440w\" sizes=\"auto, (max-width: 1024px) 100vw, 1024px\" \/><\/a>\n\t\t\t<\/dt><\/dl><dl class='gallery-item'>\n\t\t\t<dt class='gallery-icon landscape'>\n\t\t\t\t<a href='https:\/\/agora.xtec.cat\/escolajeronidemoragas\/general\/ife-col%c2%b7labora-amb-cor-i-energia-al-gran-recapte-2025%f0%9f%92%99\/attachment\/whatsapp-image-2025-11-07-at-22-25-10\/'><img loading=\"lazy\" decoding=\"async\" width=\"1024\" height=\"1024\" src=\"https:\/\/agora.xtec.cat\/escolajeronidemoragas\/wp-content\/uploads\/usu2509\/2025\/11\/WhatsApp-Image-2025-11-07-at-22.25.10-1024x1024.jpeg\" class=\"attachment-large size-large\" alt=\"\" srcset=\"https:\/\/agora.xtec.cat\/escolajeronidemoragas\/wp-content\/uploads\/usu2509\/2025\/11\/WhatsApp-Image-2025-11-07-at-22.25.10-1024x1024.jpeg 1024w, https:\/\/agora.xtec.cat\/escolajeronidemoragas\/wp-content\/uploads\/usu2509\/2025\/11\/WhatsApp-Image-2025-11-07-at-22.25.10-300x300.jpeg 300w, https:\/\/agora.xtec.cat\/escolajeronidemoragas\/wp-content\/uploads\/usu2509\/2025\/11\/WhatsApp-Image-2025-11-07-at-22.25.10-150x150.jpeg 150w, https:\/\/agora.xtec.cat\/escolajeronidemoragas\/wp-content\/uploads\/usu2509\/2025\/11\/WhatsApp-Image-2025-11-07-at-22.25.10-768x768.jpeg 768w, https:\/\/agora.xtec.cat\/escolajeronidemoragas\/wp-content\/uploads\/usu2509\/2025\/11\/WhatsApp-Image-2025-11-07-at-22.25.10.jpeg 1440w\" sizes=\"auto, (max-width: 1024px) 100vw, 1024px\" \/><\/a>\n\t\t\t<\/dt><\/dl><dl class='gallery-item'>\n\t\t\t<dt class='gallery-icon landscape'>\n\t\t\t\t<a href='https:\/\/agora.xtec.cat\/escolajeronidemoragas\/general\/ife-col%c2%b7labora-amb-cor-i-energia-al-gran-recapte-2025%f0%9f%92%99\/attachment\/whatsapp-image-2025-11-07-at-22-25-10-1\/'><img loading=\"lazy\" decoding=\"async\" width=\"1024\" height=\"1024\" src=\"https:\/\/agora.xtec.cat\/escolajeronidemoragas\/wp-content\/uploads\/usu2509\/2025\/11\/WhatsApp-Image-2025-11-07-at-22.25.10-1-1024x1024.jpeg\" class=\"attachment-large size-large\" alt=\"\" srcset=\"https:\/\/agora.xtec.cat\/escolajeronidemoragas\/wp-content\/uploads\/usu2509\/2025\/11\/WhatsApp-Image-2025-11-07-at-22.25.10-1-1024x1024.jpeg 1024w, https:\/\/agora.xtec.cat\/escolajeronidemoragas\/wp-content\/uploads\/usu2509\/2025\/11\/WhatsApp-Image-2025-11-07-at-22.25.10-1-300x300.jpeg 300w, https:\/\/agora.xtec.cat\/escolajeronidemoragas\/wp-content\/uploads\/usu2509\/2025\/11\/WhatsApp-Image-2025-11-07-at-22.25.10-1-150x150.jpeg 150w, https:\/\/agora.xtec.cat\/escolajeronidemoragas\/wp-content\/uploads\/usu2509\/2025\/11\/WhatsApp-Image-2025-11-07-at-22.25.10-1-768x768.jpeg 768w, https:\/\/agora.xtec.cat\/escolajeronidemoragas\/wp-content\/uploads\/usu2509\/2025\/11\/WhatsApp-Image-2025-11-07-at-22.25.10-1.jpeg 1440w\" sizes=\"auto, (max-width: 1024px) 100vw, 1024px\" \/><\/a>\n\t\t\t<\/dt><\/dl><br style=\"clear: both\" \/><dl class='gallery-item'>\n\t\t\t<dt class='gallery-icon landscape'>\n\t\t\t\t<a href='https:\/\/agora.xtec.cat\/escolajeronidemoragas\/general\/ife-col%c2%b7labora-amb-cor-i-energia-al-gran-recapte-2025%f0%9f%92%99\/attachment\/whatsapp-image-2025-11-07-at-22-25-11\/'><img loading=\"lazy\" decoding=\"async\" width=\"1024\" height=\"1024\" src=\"https:\/\/agora.xtec.cat\/escolajeronidemoragas\/wp-content\/uploads\/usu2509\/2025\/11\/WhatsApp-Image-2025-11-07-at-22.25.11-1024x1024.jpeg\" class=\"attachment-large size-large\" alt=\"\" srcset=\"https:\/\/agora.xtec.cat\/escolajeronidemoragas\/wp-content\/uploads\/usu2509\/2025\/11\/WhatsApp-Image-2025-11-07-at-22.25.11-1024x1024.jpeg 1024w, https:\/\/agora.xtec.cat\/escolajeronidemoragas\/wp-content\/uploads\/usu2509\/2025\/11\/WhatsApp-Image-2025-11-07-at-22.25.11-300x300.jpeg 300w, https:\/\/agora.xtec.cat\/escolajeronidemoragas\/wp-content\/uploads\/usu2509\/2025\/11\/WhatsApp-Image-2025-11-07-at-22.25.11-150x150.jpeg 150w, https:\/\/agora.xtec.cat\/escolajeronidemoragas\/wp-content\/uploads\/usu2509\/2025\/11\/WhatsApp-Image-2025-11-07-at-22.25.11-768x768.jpeg 768w, https:\/\/agora.xtec.cat\/escolajeronidemoragas\/wp-content\/uploads\/usu2509\/2025\/11\/WhatsApp-Image-2025-11-07-at-22.25.11.jpeg 1440w\" sizes=\"auto, (max-width: 1024px) 100vw, 1024px\" \/><\/a>\n\t\t\t<\/dt><\/dl><dl class='gallery-item'>\n\t\t\t<dt class='gallery-icon landscape'>\n\t\t\t\t<a href='https:\/\/agora.xtec.cat\/escolajeronidemoragas\/general\/ife-col%c2%b7labora-amb-cor-i-energia-al-gran-recapte-2025%f0%9f%92%99\/attachment\/whatsapp-image-2025-11-07-at-22-25-11-1\/'><img loading=\"lazy\" decoding=\"async\" width=\"1024\" height=\"1024\" src=\"https:\/\/agora.xtec.cat\/escolajeronidemoragas\/wp-content\/uploads\/usu2509\/2025\/11\/WhatsApp-Image-2025-11-07-at-22.25.11-1-1024x1024.jpeg\" class=\"attachment-large size-large\" alt=\"\" srcset=\"https:\/\/agora.xtec.cat\/escolajeronidemoragas\/wp-content\/uploads\/usu2509\/2025\/11\/WhatsApp-Image-2025-11-07-at-22.25.11-1-1024x1024.jpeg 1024w, https:\/\/agora.xtec.cat\/escolajeronidemoragas\/wp-content\/uploads\/usu2509\/2025\/11\/WhatsApp-Image-2025-11-07-at-22.25.11-1-300x300.jpeg 300w, https:\/\/agora.xtec.cat\/escolajeronidemoragas\/wp-content\/uploads\/usu2509\/2025\/11\/WhatsApp-Image-2025-11-07-at-22.25.11-1-150x150.jpeg 150w, https:\/\/agora.xtec.cat\/escolajeronidemoragas\/wp-content\/uploads\/usu2509\/2025\/11\/WhatsApp-Image-2025-11-07-at-22.25.11-1-768x768.jpeg 768w, https:\/\/agora.xtec.cat\/escolajeronidemoragas\/wp-content\/uploads\/usu2509\/2025\/11\/WhatsApp-Image-2025-11-07-at-22.25.11-1.jpeg 1440w\" sizes=\"auto, (max-width: 1024px) 100vw, 1024px\" \/><\/a>\n\t\t\t<\/dt><\/dl><dl class='gallery-item'>\n\t\t\t<dt class='gallery-icon portrait'>\n\t\t\t\t<a href='https:\/\/agora.xtec.cat\/escolajeronidemoragas\/general\/ife-col%c2%b7labora-amb-cor-i-energia-al-gran-recapte-2025%f0%9f%92%99\/attachment\/whatsapp-image-2025-11-07-at-22-25-11-2\/'><img loading=\"lazy\" decoding=\"async\" width=\"768\" height=\"1024\" src=\"https:\/\/agora.xtec.cat\/escolajeronidemoragas\/wp-content\/uploads\/usu2509\/2025\/11\/WhatsApp-Image-2025-11-07-at-22.25.11-2-768x1024.jpeg\" class=\"attachment-large size-large\" alt=\"\" srcset=\"https:\/\/agora.xtec.cat\/escolajeronidemoragas\/wp-content\/uploads\/usu2509\/2025\/11\/WhatsApp-Image-2025-11-07-at-22.25.11-2-768x1024.jpeg 768w, https:\/\/agora.xtec.cat\/escolajeronidemoragas\/wp-content\/uploads\/usu2509\/2025\/11\/WhatsApp-Image-2025-11-07-at-22.25.11-2-225x300.jpeg 225w, https:\/\/agora.xtec.cat\/escolajeronidemoragas\/wp-content\/uploads\/usu2509\/2025\/11\/WhatsApp-Image-2025-11-07-at-22.25.11-2-1152x1536.jpeg 1152w, https:\/\/agora.xtec.cat\/escolajeronidemoragas\/wp-content\/uploads\/usu2509\/2025\/11\/WhatsApp-Image-2025-11-07-at-22.25.11-2.jpeg 1500w\" sizes=\"auto, (max-width: 768px) 100vw, 768px\" \/><\/a>\n\t\t\t<\/dt><\/dl><br style=\"clear: both\" \/><dl class='gallery-item'>\n\t\t\t<dt class='gallery-icon landscape'>\n\t\t\t\t<a href='https:\/\/agora.xtec.cat\/escolajeronidemoragas\/general\/ife-col%c2%b7labora-amb-cor-i-energia-al-gran-recapte-2025%f0%9f%92%99\/attachment\/whatsapp-image-2025-11-07-at-22-25-11-3\/'><img loading=\"lazy\" decoding=\"async\" width=\"1024\" height=\"1024\" src=\"https:\/\/agora.xtec.cat\/escolajeronidemoragas\/wp-content\/uploads\/usu2509\/2025\/11\/WhatsApp-Image-2025-11-07-at-22.25.11-3-1024x1024.jpeg\" class=\"attachment-large size-large\" alt=\"\" srcset=\"https:\/\/agora.xtec.cat\/escolajeronidemoragas\/wp-content\/uploads\/usu2509\/2025\/11\/WhatsApp-Image-2025-11-07-at-22.25.11-3-1024x1024.jpeg 1024w, https:\/\/agora.xtec.cat\/escolajeronidemoragas\/wp-content\/uploads\/usu2509\/2025\/11\/WhatsApp-Image-2025-11-07-at-22.25.11-3-300x300.jpeg 300w, https:\/\/agora.xtec.cat\/escolajeronidemoragas\/wp-content\/uploads\/usu2509\/2025\/11\/WhatsApp-Image-2025-11-07-at-22.25.11-3-150x150.jpeg 150w, https:\/\/agora.xtec.cat\/escolajeronidemoragas\/wp-content\/uploads\/usu2509\/2025\/11\/WhatsApp-Image-2025-11-07-at-22.25.11-3-768x768.jpeg 768w, https:\/\/agora.xtec.cat\/escolajeronidemoragas\/wp-content\/uploads\/usu2509\/2025\/11\/WhatsApp-Image-2025-11-07-at-22.25.11-3.jpeg 1440w\" sizes=\"auto, (max-width: 1024px) 100vw, 1024px\" \/><\/a>\n\t\t\t<\/dt><\/dl><dl class='gallery-item'>\n\t\t\t<dt class='gallery-icon landscape'>\n\t\t\t\t<a href='https:\/\/agora.xtec.cat\/escolajeronidemoragas\/general\/ife-col%c2%b7labora-amb-cor-i-energia-al-gran-recapte-2025%f0%9f%92%99\/attachment\/whatsapp-image-2025-11-07-at-22-25-12\/'><img loading=\"lazy\" decoding=\"async\" width=\"1024\" height=\"1024\" src=\"https:\/\/agora.xtec.cat\/escolajeronidemoragas\/wp-content\/uploads\/usu2509\/2025\/11\/WhatsApp-Image-2025-11-07-at-22.25.12-1024x1024.jpeg\" class=\"attachment-large size-large\" alt=\"\" srcset=\"https:\/\/agora.xtec.cat\/escolajeronidemoragas\/wp-content\/uploads\/usu2509\/2025\/11\/WhatsApp-Image-2025-11-07-at-22.25.12-1024x1024.jpeg 1024w, https:\/\/agora.xtec.cat\/escolajeronidemoragas\/wp-content\/uploads\/usu2509\/2025\/11\/WhatsApp-Image-2025-11-07-at-22.25.12-300x300.jpeg 300w, https:\/\/agora.xtec.cat\/escolajeronidemoragas\/wp-content\/uploads\/usu2509\/2025\/11\/WhatsApp-Image-2025-11-07-at-22.25.12-150x150.jpeg 150w, https:\/\/agora.xtec.cat\/escolajeronidemoragas\/wp-content\/uploads\/usu2509\/2025\/11\/WhatsApp-Image-2025-11-07-at-22.25.12-768x768.jpeg 768w, https:\/\/agora.xtec.cat\/escolajeronidemoragas\/wp-content\/uploads\/usu2509\/2025\/11\/WhatsApp-Image-2025-11-07-at-22.25.12.jpeg 1440w\" sizes=\"auto, (max-width: 1024px) 100vw, 1024px\" \/><\/a>\n\t\t\t<\/dt><\/dl><dl class='gallery-item'>\n\t\t\t<dt class='gallery-icon portrait'>\n\t\t\t\t<a href='https:\/\/agora.xtec.cat\/escolajeronidemoragas\/general\/ife-col%c2%b7labora-amb-cor-i-energia-al-gran-recapte-2025%f0%9f%92%99\/attachment\/whatsapp-image-2025-11-07-at-22-25-12-1\/'><img loading=\"lazy\" decoding=\"async\" width=\"768\" height=\"1024\" src=\"https:\/\/agora.xtec.cat\/escolajeronidemoragas\/wp-content\/uploads\/usu2509\/2025\/11\/WhatsApp-Image-2025-11-07-at-22.25.12-1-768x1024.jpeg\" class=\"attachment-large size-large\" alt=\"\" srcset=\"https:\/\/agora.xtec.cat\/escolajeronidemoragas\/wp-content\/uploads\/usu2509\/2025\/11\/WhatsApp-Image-2025-11-07-at-22.25.12-1-768x1024.jpeg 768w, https:\/\/agora.xtec.cat\/escolajeronidemoragas\/wp-content\/uploads\/usu2509\/2025\/11\/WhatsApp-Image-2025-11-07-at-22.25.12-1-225x300.jpeg 225w, https:\/\/agora.xtec.cat\/escolajeronidemoragas\/wp-content\/uploads\/usu2509\/2025\/11\/WhatsApp-Image-2025-11-07-at-22.25.12-1-1152x1536.jpeg 1152w, https:\/\/agora.xtec.cat\/escolajeronidemoragas\/wp-content\/uploads\/usu2509\/2025\/11\/WhatsApp-Image-2025-11-07-at-22.25.12-1.jpeg 1200w\" sizes=\"auto, (max-width: 768px) 100vw, 768px\" \/><\/a>\n\t\t\t<\/dt><\/dl><br style=\"clear: both\" \/>\n\t\t<\/div>\n\n","protected":false},"excerpt":{"rendered":"<p>Aquest divendres al mat\u00ed, els alumnes de l\u2019Itinerari Formatiu Espec\u00edfic (IFE) han participat activament en la campanya solid\u00e0ria del<a href=\"https:\/\/www.granrecapte.org\/ca\/dona\/?gad_source=1&amp;gad_campaignid=23199110142&amp;gbraid=0AAAAA-Td73L4uWHf1ouIKWq3wHSvJCDdS&amp;gclid=CjwKCAiA8bvIBhBJEiwAu5ayrNoa1-GWLdIT1-De_xcDLJzHeV0-hOPS_g1xbaZ9fhjHAqSoE4VS_BoCLhAQAvD_BwE\"> Gran Recapte 2025<\/a>, una iniciativa impulsada pels Bancs dels Aliments d\u2019arreu de Catalunya amb l\u2019objectiu de garantir una alimentaci\u00f3 digna per a totes les fam\u00edlies&hellip;  <a href=\"https:\/\/agora.xtec.cat\/escolajeronidemoragas\/general\/ife-col%c2%b7labora-amb-cor-i-energia-al-gran-recapte-2025%f0%9f%92%99\/\" title=\"Read IFE COL\u00b7LABORA AMB COR I ENERGIA AL GRAN RECAPTE 2025!\ud83d\udc99\">Llegeix m\u00e9s\u00bb<\/a><\/p>\n","protected":false},"author":1,"featured_media":4711,"comment_status":"open","ping_status":"open","sticky":false,"template":"","format":"standard","meta":{"_bbp_topic_count":0,"_bbp_reply_count":0,"_bbp_total_topic_count":0,"_bbp_total_reply_count":0,"_bbp_voice_count":0,"_bbp_anonymous_reply_count":0,"_bbp_topic_count_hidden":0,"_bbp_reply_count_hidden":0,"_bbp_forum_subforum_count":0,"footnotes":""},"categories":[10,11,12,13,14,15,87,83,1,2,81,80,4,85,84],"tags":[],"class_list":["post-4706","post","type-post","status-publish","format-standard","has-post-thumbnail","hentry","category-1r","category-2n","category-3r","category-4t","category-5e","category-6e","category-curs-2025-26","category-eso","category-general","category-infantil-i-primaria","category-novembre","category-octubre","category-portada","category-sensorial","category-tva"],"post_mailing_queue_ids":[],"_links":{"self":[{"href":"https:\/\/agora.xtec.cat\/escolajeronidemoragas\/wp-json\/wp\/v2\/posts\/4706","targetHints":{"allow":["GET"]}}],"collection":[{"href":"https:\/\/agora.xtec.cat\/escolajeronidemoragas\/wp-json\/wp\/v2\/posts"}],"about":[{"href":"https:\/\/agora.xtec.cat\/escolajeronidemoragas\/wp-json\/wp\/v2\/types\/post"}],"author":[{"embeddable":true,"href":"https:\/\/agora.xtec.cat\/escolajeronidemoragas\/wp-json\/wp\/v2\/users\/1"}],"replies":[{"embeddable":true,"href":"https:\/\/agora.xtec.cat\/escolajeronidemoragas\/wp-json\/wp\/v2\/comments?post=4706"}],"version-history":[{"count":4,"href":"https:\/\/agora.xtec.cat\/escolajeronidemoragas\/wp-json\/wp\/v2\/posts\/4706\/revisions"}],"predecessor-version":[{"id":4721,"href":"https:\/\/agora.xtec.cat\/escolajeronidemoragas\/wp-json\/wp\/v2\/posts\/4706\/revisions\/4721"}],"wp:featuredmedia":[{"embeddable":true,"href":"https:\/\/agora.xtec.cat\/escolajeronidemoragas\/wp-json\/wp\/v2\/media\/4711"}],"wp:attachment":[{"href":"https:\/\/agora.xtec.cat\/escolajeronidemoragas\/wp-json\/wp\/v2\/media?parent=4706"}],"wp:term":[{"taxonomy":"category","embeddable":true,"href":"https:\/\/agora.xtec.cat\/escolajeronidemoragas\/wp-json\/wp\/v2\/categories?post=4706"},{"taxonomy":"post_tag","embeddable":true,"href":"https:\/\/agora.xtec.cat\/escolajeronidemoragas\/wp-json\/wp\/v2\/tags?post=4706"}],"curies":[{"name":"wp","href":"https:\/\/api.w.org\/{rel}","templated":true}]}}