{"id":4687,"date":"2025-11-03T15:53:21","date_gmt":"2025-11-03T14:53:21","guid":{"rendered":"https:\/\/agora.xtec.cat\/escolajeronidemoragas\/?p=4687"},"modified":"2025-11-03T15:53:21","modified_gmt":"2025-11-03T14:53:21","slug":"45e-concurs-bbva-de-dibuix-escolar-%e2%9c%8f%ef%b8%8f","status":"publish","type":"post","link":"https:\/\/agora.xtec.cat\/escolajeronidemoragas\/general\/45e-concurs-bbva-de-dibuix-escolar-%e2%9c%8f%ef%b8%8f\/","title":{"rendered":"45\u00e8 CONCURS BBVA DE DIBUIX ESCOLAR \u270f\ufe0f"},"content":{"rendered":"<p style=\"text-align: justify;\" data-start=\"261\" data-end=\"621\">Ja est\u00e0 oberta la nova convocat\u00f2ria del <strong data-start=\"299\" data-end=\"333\">Concurs BBVA de Dibuix Escolar<\/strong>, que enguany celebra la seva <strong data-start=\"363\" data-end=\"377\">45a edici\u00f3<\/strong>! \ud83e\udd73<br data-start=\"381\" data-end=\"384\" \/>Aquesta iniciativa, convocada per la <strong data-start=\"421\" data-end=\"466\">Fundaci\u00f3 Antigues Caixes Catalanes (FACC)<\/strong> amb el suport de <strong data-start=\"484\" data-end=\"492\">BBVA<\/strong>, estar\u00e0 oberta <strong data-start=\"508\" data-end=\"540\">fins al 13 de febrer de 2026<\/strong> i porta per t\u00edtol <em data-start=\"559\" data-end=\"618\">\u201c<strong>Els tres desitjos i altres contes per cuidar el planeta<\/strong>\u201d<\/em>.<\/p>\n<p style=\"text-align: justify;\" data-start=\"623\" data-end=\"1005\">L\u2019objectiu del concurs \u00e9s <strong data-start=\"649\" data-end=\"719\">estimular la creativitat i les habilitats art\u00edstiques dels infants<\/strong>, tot <strong data-start=\"725\" data-end=\"759\">fomentant la lectura en catal\u00e0<\/strong>, el <strong data-start=\"764\" data-end=\"799\">treball de l\u2019educaci\u00f3 emocional<\/strong> i el <strong data-start=\"805\" data-end=\"834\">respecte pel medi ambient<\/strong>. Una proposta que uneix art, valors i consci\u00e8ncia ecol\u00f2gica, tot convidant els nois i noies a expressar els seus desitjos per un m\u00f3n millor a trav\u00e9s del dibuix. \u270f\ufe0f\ud83d\udc9a<\/p>\n<p style=\"text-align: justify;\" data-start=\"1007\" data-end=\"1218\">\ud83d\udcda <strong data-start=\"1010\" data-end=\"1032\">Com participar-hi?<\/strong><br data-start=\"1032\" data-end=\"1035\" \/>Els mestres i escoles interessades poden descarregar els <strong data-start=\"1092\" data-end=\"1116\">materials i recursos<\/strong> (contes, bases, full de dibuix, full de participaci\u00f3 i formulari d\u2019inscripci\u00f3) <a class=\"decorated-link\" href=\"https:\/\/www.fcaixescatalanes.cat\/premi\/concurs-dibuix-escolar\/\" rel=\"noopener\" data-start=\"1196\" data-end=\"1215\">fent clic aqu\u00ed<\/a>.<\/p>\n<p style=\"text-align: justify;\" data-start=\"1220\" data-end=\"1516\">A m\u00e9s, al blog <a class=\"decorated-link\" href=\"http:\/\/www.contesperaprendreaser.blogspot.com\" target=\"_new\" rel=\"noopener\" data-start=\"1235\" data-end=\"1326\"><strong data-start=\"1236\" data-end=\"1278\">www.contesperaprendreaser.blogspot.com<\/strong><\/a> trobareu recursos pedag\u00f2gics elaborats per <strong data-start=\"1370\" data-end=\"1386\">J\u00falia Prun\u00e9s<\/strong>, autora dels contes i especialista en educaci\u00f3 emocional, per poder treballar-los a l\u2019aula de manera l\u00fadica i significativa. \ud83c\udf08<\/p>\n<p style=\"text-align: justify;\" data-start=\"1518\" data-end=\"1870\">\ud83c\udfc6 <strong data-start=\"1521\" data-end=\"1547\">Premis i reconeixement: <\/strong>Els <strong data-start=\"1554\" data-end=\"1581\">nens i nenes guardonats<\/strong> seran convidats, juntament amb les seves fam\u00edlies i mestres, a un <strong data-start=\"1648\" data-end=\"1685\">acte de lliurament al mes de maig<\/strong>, on rebran un <strong data-start=\"1700\" data-end=\"1766\">regal, un diploma i el llibre editat amb els dibuixos premiats<\/strong>. Una experi\u00e8ncia molt especial per recon\u00e8ixer el talent i l\u2019esfor\u00e7 dels nostres petits artistes!<\/p>\n<p style=\"text-align: justify;\" data-start=\"1872\" data-end=\"1945\">\ud83d\udce9 Per a qualsevol dubte, podeu escriure a: <strong data-start=\"1916\" data-end=\"1943\"><a class=\"decorated-link cursor-pointer\" rel=\"noopener\" data-start=\"1918\" data-end=\"1941\">concursdibuix@gmail.com<\/a><\/strong><\/p>\n<p style=\"text-align: justify;\" data-start=\"1952\" data-end=\"2001\">Durant les properes setmanes, les escoles rebreu:<\/p>\n<ul style=\"text-align: justify;\" data-start=\"2002\" data-end=\"2181\">\n<li data-start=\"2002\" data-end=\"2116\">\n<p data-start=\"2004\" data-end=\"2116\">\ud83d\udcd8 El <strong data-start=\"2010\" data-end=\"2057\">llibre amb els contes i dibuixos guanyadors<\/strong> de la passada edici\u00f3, per incorporar-lo a la biblioteca.<\/p>\n<\/li>\n<li data-start=\"2117\" data-end=\"2181\">\n<p data-start=\"2119\" data-end=\"2181\">\ud83d\udcdd Les <strong data-start=\"2126\" data-end=\"2144\">bases impreses<\/strong> de la nova convocat\u00f2ria 2025\/2026. Podeu consultar-les <a href=\"https:\/\/www.fcaixescatalanes.cat\/premi\/concurs-dibuix-escolar\/\">aqu\u00ed<\/a>!<\/p>\n<\/li>\n<\/ul>\n<p style=\"text-align: justify;\" data-start=\"2183\" data-end=\"2314\">Us animem a participar-hi i a fer que els nostres alumnes continu\u00efn <strong data-start=\"2251\" data-end=\"2307\">expressant-se, creant i somiant a trav\u00e9s del dibuix!<\/strong> \ud83d\udd8d\ufe0f\u2728<\/p>\n<p data-start=\"2183\" data-end=\"2314\"><a href=\"https:\/\/agora.xtec.cat\/escolajeronidemoragas\/wp-content\/uploads\/usu2509\/2025\/11\/instagramgeneric.jpg\"><img loading=\"lazy\" decoding=\"async\" class=\"size-full wp-image-4690 aligncenter\" src=\"https:\/\/agora.xtec.cat\/escolajeronidemoragas\/wp-content\/uploads\/usu2509\/2025\/11\/instagramgeneric.jpg\" alt=\"\" width=\"417\" height=\"347\" srcset=\"https:\/\/agora.xtec.cat\/escolajeronidemoragas\/wp-content\/uploads\/usu2509\/2025\/11\/instagramgeneric.jpg 417w, https:\/\/agora.xtec.cat\/escolajeronidemoragas\/wp-content\/uploads\/usu2509\/2025\/11\/instagramgeneric-300x250.jpg 300w\" sizes=\"auto, (max-width: 417px) 100vw, 417px\" \/><\/a><\/p>\n","protected":false},"excerpt":{"rendered":"<p>Ja est\u00e0 oberta la nova convocat\u00f2ria del Concurs BBVA de Dibuix Escolar, que enguany celebra la seva 45a edici\u00f3! \ud83e\udd73Aquesta iniciativa, convocada per la Fundaci\u00f3 Antigues Caixes Catalanes (FACC) amb el suport de BBVA, estar\u00e0 oberta fins al 13 de febrer de 2026 i porta&hellip;  <a href=\"https:\/\/agora.xtec.cat\/escolajeronidemoragas\/general\/45e-concurs-bbva-de-dibuix-escolar-%e2%9c%8f%ef%b8%8f\/\" title=\"Read 45\u00e8 CONCURS BBVA DE DIBUIX ESCOLAR \u270f\ufe0f\">Llegeix m\u00e9s\u00bb<\/a><\/p>\n","protected":false},"author":1,"featured_media":4690,"comment_status":"open","ping_status":"open","sticky":false,"template":"","format":"standard","meta":{"_bbp_topic_count":0,"_bbp_reply_count":0,"_bbp_total_topic_count":0,"_bbp_total_reply_count":0,"_bbp_voice_count":0,"_bbp_anonymous_reply_count":0,"_bbp_topic_count_hidden":0,"_bbp_reply_count_hidden":0,"_bbp_forum_subforum_count":0,"footnotes":""},"categories":[10,11,12,13,14,15,74,87,82,83,72,71,1,2,76,75,73,81,80,4,85,79,84],"tags":[],"class_list":["post-4687","post","type-post","status-publish","format-standard","has-post-thumbnail","hentry","category-1r","category-2n","category-3r","category-4t","category-5e","category-6e","category-abril","category-curs-2025-26","category-desembre","category-eso","category-febrer","category-gener","category-general","category-infantil-i-primaria","category-juny","category-maig","category-marc","category-novembre","category-octubre","category-portada","category-sensorial","category-setembre","category-tva"],"post_mailing_queue_ids":[],"_links":{"self":[{"href":"https:\/\/agora.xtec.cat\/escolajeronidemoragas\/wp-json\/wp\/v2\/posts\/4687","targetHints":{"allow":["GET"]}}],"collection":[{"href":"https:\/\/agora.xtec.cat\/escolajeronidemoragas\/wp-json\/wp\/v2\/posts"}],"about":[{"href":"https:\/\/agora.xtec.cat\/escolajeronidemoragas\/wp-json\/wp\/v2\/types\/post"}],"author":[{"embeddable":true,"href":"https:\/\/agora.xtec.cat\/escolajeronidemoragas\/wp-json\/wp\/v2\/users\/1"}],"replies":[{"embeddable":true,"href":"https:\/\/agora.xtec.cat\/escolajeronidemoragas\/wp-json\/wp\/v2\/comments?post=4687"}],"version-history":[{"count":3,"href":"https:\/\/agora.xtec.cat\/escolajeronidemoragas\/wp-json\/wp\/v2\/posts\/4687\/revisions"}],"predecessor-version":[{"id":4691,"href":"https:\/\/agora.xtec.cat\/escolajeronidemoragas\/wp-json\/wp\/v2\/posts\/4687\/revisions\/4691"}],"wp:featuredmedia":[{"embeddable":true,"href":"https:\/\/agora.xtec.cat\/escolajeronidemoragas\/wp-json\/wp\/v2\/media\/4690"}],"wp:attachment":[{"href":"https:\/\/agora.xtec.cat\/escolajeronidemoragas\/wp-json\/wp\/v2\/media?parent=4687"}],"wp:term":[{"taxonomy":"category","embeddable":true,"href":"https:\/\/agora.xtec.cat\/escolajeronidemoragas\/wp-json\/wp\/v2\/categories?post=4687"},{"taxonomy":"post_tag","embeddable":true,"href":"https:\/\/agora.xtec.cat\/escolajeronidemoragas\/wp-json\/wp\/v2\/tags?post=4687"}],"curies":[{"name":"wp","href":"https:\/\/api.w.org\/{rel}","templated":true}]}}