{"id":4628,"date":"2025-10-30T12:37:44","date_gmt":"2025-10-30T11:37:44","guid":{"rendered":"https:\/\/agora.xtec.cat\/escolajeronidemoragas\/?p=4628"},"modified":"2025-10-30T12:39:18","modified_gmt":"2025-10-30T11:39:18","slug":"programa-del-castaween-%f0%9f%8e%83","status":"publish","type":"post","link":"https:\/\/agora.xtec.cat\/escolajeronidemoragas\/general\/programa-del-castaween-%f0%9f%8e%83\/","title":{"rendered":"CASTAWEEN 2025 \ud83c\udf83"},"content":{"rendered":"<p data-start=\"132\" data-end=\"363\">Aquest any, a l\u2019escola unim dues tradicions molt especials: <strong data-start=\"192\" data-end=\"209\">la Castanyada<\/strong> i <strong data-start=\"212\" data-end=\"225\">Halloween<\/strong>!<br data-start=\"226\" data-end=\"229\" \/>Hem preparat un dia ple de <strong data-start=\"256\" data-end=\"288\">diversi\u00f3, m\u00e0gia i tradicions<\/strong>, on castanyes, disfresses i rialles s\u2019ajunten per crear una festa \u00fanica.<\/p>\n<p data-start=\"365\" data-end=\"487\">Gaudirem d\u2019activitats terror\u00edficament divertides, contes i tallers, m\u00fasica i, \u00e9s clar&#8230; les nostres castanyes torrades!<\/p>\n<p data-start=\"489\" data-end=\"630\">\ud83c\udfad <strong data-start=\"492\" data-end=\"540\">Aqu\u00ed teniu el programa del nostre Castaween! \ud83c\udf83\ud83e\udd87<\/strong><br data-start=\"540\" data-end=\"543\" \/>Prepareu-vos per viure una jornada plena de color, bones vibracions i esperit festiu!<\/p>\n<p data-start=\"489\" data-end=\"630\"><a href=\"https:\/\/agora.xtec.cat\/escolajeronidemoragas\/wp-content\/uploads\/usu2509\/2025\/10\/image002.jpg\"><img loading=\"lazy\" decoding=\"async\" class=\"size-full wp-image-4629 aligncenter\" src=\"https:\/\/agora.xtec.cat\/escolajeronidemoragas\/wp-content\/uploads\/usu2509\/2025\/10\/image002.jpg\" alt=\"\" width=\"723\" height=\"1023\" srcset=\"https:\/\/agora.xtec.cat\/escolajeronidemoragas\/wp-content\/uploads\/usu2509\/2025\/10\/image002.jpg 723w, https:\/\/agora.xtec.cat\/escolajeronidemoragas\/wp-content\/uploads\/usu2509\/2025\/10\/image002-212x300.jpg 212w\" sizes=\"auto, (max-width: 723px) 100vw, 723px\" \/><\/a><\/p>\n","protected":false},"excerpt":{"rendered":"<p>Aquest any, a l\u2019escola unim dues tradicions molt especials: la Castanyada i Halloween!Hem preparat un dia ple de diversi\u00f3, m\u00e0gia i tradicions, on castanyes, disfresses i rialles s\u2019ajunten per crear una festa \u00fanica.<br \/>\nGaudirem d\u2019activitats terror\u00edficament divertides, contes i tallers, m\u00fasica i, \u00e9s clar&#8230; les nostres&hellip;  <a href=\"https:\/\/agora.xtec.cat\/escolajeronidemoragas\/general\/programa-del-castaween-%f0%9f%8e%83\/\" title=\"Read CASTAWEEN 2025 \ud83c\udf83\">Llegeix m\u00e9s\u00bb<\/a><\/p>\n","protected":false},"author":1,"featured_media":4629,"comment_status":"open","ping_status":"open","sticky":false,"template":"","format":"standard","meta":{"_bbp_topic_count":0,"_bbp_reply_count":0,"_bbp_total_topic_count":0,"_bbp_total_reply_count":0,"_bbp_voice_count":0,"_bbp_anonymous_reply_count":0,"_bbp_topic_count_hidden":0,"_bbp_reply_count_hidden":0,"_bbp_forum_subforum_count":0,"footnotes":""},"categories":[10,11,12,13,14,15,87,83,1,2,81,80,4,85,79,84],"tags":[],"class_list":["post-4628","post","type-post","status-publish","format-standard","has-post-thumbnail","hentry","category-1r","category-2n","category-3r","category-4t","category-5e","category-6e","category-curs-2025-26","category-eso","category-general","category-infantil-i-primaria","category-novembre","category-octubre","category-portada","category-sensorial","category-setembre","category-tva"],"post_mailing_queue_ids":[],"_links":{"self":[{"href":"https:\/\/agora.xtec.cat\/escolajeronidemoragas\/wp-json\/wp\/v2\/posts\/4628","targetHints":{"allow":["GET"]}}],"collection":[{"href":"https:\/\/agora.xtec.cat\/escolajeronidemoragas\/wp-json\/wp\/v2\/posts"}],"about":[{"href":"https:\/\/agora.xtec.cat\/escolajeronidemoragas\/wp-json\/wp\/v2\/types\/post"}],"author":[{"embeddable":true,"href":"https:\/\/agora.xtec.cat\/escolajeronidemoragas\/wp-json\/wp\/v2\/users\/1"}],"replies":[{"embeddable":true,"href":"https:\/\/agora.xtec.cat\/escolajeronidemoragas\/wp-json\/wp\/v2\/comments?post=4628"}],"version-history":[{"count":2,"href":"https:\/\/agora.xtec.cat\/escolajeronidemoragas\/wp-json\/wp\/v2\/posts\/4628\/revisions"}],"predecessor-version":[{"id":4631,"href":"https:\/\/agora.xtec.cat\/escolajeronidemoragas\/wp-json\/wp\/v2\/posts\/4628\/revisions\/4631"}],"wp:featuredmedia":[{"embeddable":true,"href":"https:\/\/agora.xtec.cat\/escolajeronidemoragas\/wp-json\/wp\/v2\/media\/4629"}],"wp:attachment":[{"href":"https:\/\/agora.xtec.cat\/escolajeronidemoragas\/wp-json\/wp\/v2\/media?parent=4628"}],"wp:term":[{"taxonomy":"category","embeddable":true,"href":"https:\/\/agora.xtec.cat\/escolajeronidemoragas\/wp-json\/wp\/v2\/categories?post=4628"},{"taxonomy":"post_tag","embeddable":true,"href":"https:\/\/agora.xtec.cat\/escolajeronidemoragas\/wp-json\/wp\/v2\/tags?post=4628"}],"curies":[{"name":"wp","href":"https:\/\/api.w.org\/{rel}","templated":true}]}}