{"id":4581,"date":"2025-10-28T15:07:47","date_gmt":"2025-10-28T14:07:47","guid":{"rendered":"https:\/\/agora.xtec.cat\/escolajeronidemoragas\/?p=4581"},"modified":"2025-10-28T15:10:17","modified_gmt":"2025-10-28T14:10:17","slug":"%f0%9f%90%8b-de-la-literatura-al-mar-moby-dick-%f0%9f%8c%8a","status":"publish","type":"post","link":"https:\/\/agora.xtec.cat\/escolajeronidemoragas\/general\/%f0%9f%90%8b-de-la-literatura-al-mar-moby-dick-%f0%9f%8c%8a\/","title":{"rendered":"\ud83d\udc0b DE LA LITERATURA AL MAR: MOBY DICK! \ud83c\udf0a"},"content":{"rendered":"<p data-start=\"204\" data-end=\"413\">Els alumnes de l\u2019aula A3 de TVA han fet una sortida molt especial a <strong data-start=\"272\" data-end=\"299\">l\u2019<a href=\"https:\/\/www.aquariumbcn.com\/\">Aqu\u00e0rium de Barcelona<\/a> \ud83d\udc20<\/strong>, una activitat vinculada amb <strong data-start=\"329\" data-end=\"369\">l\u2019eix del curs\u00a0<\/strong><strong style=\"font-family: inherit; font-size: 1em;\" data-start=\"329\" data-end=\"369\">dedicat a <em data-start=\"356\" data-end=\"367\">Moby Dick<\/em><\/strong><span style=\"font-family: inherit; font-size: 1em;\">, dins del projecte de cl\u00e0ssics literaris.<\/span><\/p>\n<p><img loading=\"lazy\" decoding=\"async\" class=\"alignright\" src=\"https:\/\/gestorbeneficis.fanoc.org\/wp-content\/uploads\/2022\/07\/logo-aquarium-2024.jpg\" alt=\"L'Aqu\u00e0rium Barcelona - Familias Numerosas\" width=\"254\" height=\"146\" \/><\/p>\n<p data-start=\"415\" data-end=\"699\">A trav\u00e9s d\u2019aquesta visita, els nois i noies han pogut <strong data-start=\"469\" data-end=\"499\">endinsar-se en el m\u00f3n mar\u00ed<\/strong>, observant de prop peixos, coralls, taurons i altres esp\u00e8cies que habiten els oceans\ud83e\udd88\ud83d\udc1a. Ha estat una experi\u00e8ncia plena de <strong data-start=\"620\" data-end=\"654\">colors, moviments i sensacions<\/strong> que ha despertat molta curiositat i inter\u00e8s.<\/p>\n<p data-start=\"701\" data-end=\"1173\">Els alumnes han <strong data-start=\"717\" data-end=\"748\">gaudit molt dels contrastos<\/strong> de llum, sons i textures que ofereix aquest espai. En el cas dels alumnes amb <strong data-start=\"827\" data-end=\"862\">pluridiscapacitat o baixa visi\u00f3<\/strong>, l\u2019Aqu\u00e0rium ha estat una oportunitat magn\u00edfica per <strong data-start=\"914\" data-end=\"979\">estimular els sentits i treballar la percepci\u00f3 multisensorial<\/strong>: el so de l\u2019aigua, la llum dels tancs, les formes en moviment i fins<\/p>\n<p><span style=\"font-family: inherit; font-size: 1em;\">\u00a0i tot la temperatura i vibraci\u00f3 dels espais han ajudat a <\/span><strong style=\"font-family: inherit; font-size: 1em;\" data-start=\"1106\" data-end=\"1172\">potenciar l\u2019atenci\u00f3, la comunicaci\u00f3 i la connexi\u00f3 amb l\u2019entorn<\/strong><span style=\"font-family: inherit; font-size: 1em;\">.<\/span><\/p>\n<p data-start=\"1175\" data-end=\"1470\">A m\u00e9s, aquesta activitat ha perm\u00e8s <strong data-start=\"1210\" data-end=\"1247\">enlla\u00e7ar aprenentatges vivencials<\/strong> amb els continguts treballats a l\u2019aula sobre el mar, els animals marins i l\u2019univers literari de <em data-start=\"1344\" data-end=\"1355\">Moby Dick<\/em>. Ha estat una jornada enriquidora, divertida i plena d\u2019emocions! \ud83d\udc99\ud83c\udf0a\ud83d\udc0b<\/p>\n\n\t\t<style type=\"text\/css\">\n\t\t\t#gallery-1 {\n\t\t\t\tmargin: auto;\n\t\t\t}\n\t\t\t#gallery-1 .gallery-item {\n\t\t\t\tfloat: left;\n\t\t\t\tmargin-top: 10px;\n\t\t\t\ttext-align: center;\n\t\t\t\twidth: 33%;\n\t\t\t}\n\t\t\t#gallery-1 img {\n\t\t\t\tborder: 2px solid #cfcfcf;\n\t\t\t}\n\t\t\t#gallery-1 .gallery-caption {\n\t\t\t\tmargin-left: 0;\n\t\t\t}\n\t\t\t\/* see gallery_shortcode() in wp-includes\/media.php *\/\n\t\t<\/style>\n\t\t<div id='gallery-1' class='gallery galleryid-4581 gallery-columns-3 gallery-size-large'><dl class='gallery-item'>\n\t\t\t<dt class='gallery-icon portrait'>\n\t\t\t\t<a href='https:\/\/agora.xtec.cat\/escolajeronidemoragas\/general\/%f0%9f%90%8b-de-la-literatura-al-mar-moby-dick-%f0%9f%8c%8a\/attachment\/whatsapp-image-2025-10-27-at-20-47-31-3\/'><img loading=\"lazy\" decoding=\"async\" width=\"768\" height=\"1024\" src=\"https:\/\/agora.xtec.cat\/escolajeronidemoragas\/wp-content\/uploads\/usu2509\/2025\/10\/WhatsApp-Image-2025-10-27-at-20.47.31-3-768x1024.jpeg\" class=\"attachment-large size-large\" alt=\"\" srcset=\"https:\/\/agora.xtec.cat\/escolajeronidemoragas\/wp-content\/uploads\/usu2509\/2025\/10\/WhatsApp-Image-2025-10-27-at-20.47.31-3-768x1024.jpeg 768w, https:\/\/agora.xtec.cat\/escolajeronidemoragas\/wp-content\/uploads\/usu2509\/2025\/10\/WhatsApp-Image-2025-10-27-at-20.47.31-3-225x300.jpeg 225w, https:\/\/agora.xtec.cat\/escolajeronidemoragas\/wp-content\/uploads\/usu2509\/2025\/10\/WhatsApp-Image-2025-10-27-at-20.47.31-3-1152x1536.jpeg 1152w, https:\/\/agora.xtec.cat\/escolajeronidemoragas\/wp-content\/uploads\/usu2509\/2025\/10\/WhatsApp-Image-2025-10-27-at-20.47.31-3.jpeg 1536w\" sizes=\"auto, (max-width: 768px) 100vw, 768px\" \/><\/a>\n\t\t\t<\/dt><\/dl><dl class='gallery-item'>\n\t\t\t<dt class='gallery-icon portrait'>\n\t\t\t\t<a href='https:\/\/agora.xtec.cat\/escolajeronidemoragas\/general\/%f0%9f%90%8b-de-la-literatura-al-mar-moby-dick-%f0%9f%8c%8a\/attachment\/whatsapp-image-2025-10-27-at-20-47-30-2\/'><img loading=\"lazy\" decoding=\"async\" width=\"768\" height=\"1024\" src=\"https:\/\/agora.xtec.cat\/escolajeronidemoragas\/wp-content\/uploads\/usu2509\/2025\/10\/WhatsApp-Image-2025-10-27-at-20.47.30-2-768x1024.jpeg\" class=\"attachment-large size-large\" alt=\"\" srcset=\"https:\/\/agora.xtec.cat\/escolajeronidemoragas\/wp-content\/uploads\/usu2509\/2025\/10\/WhatsApp-Image-2025-10-27-at-20.47.30-2-768x1024.jpeg 768w, https:\/\/agora.xtec.cat\/escolajeronidemoragas\/wp-content\/uploads\/usu2509\/2025\/10\/WhatsApp-Image-2025-10-27-at-20.47.30-2-225x300.jpeg 225w, https:\/\/agora.xtec.cat\/escolajeronidemoragas\/wp-content\/uploads\/usu2509\/2025\/10\/WhatsApp-Image-2025-10-27-at-20.47.30-2-1152x1536.jpeg 1152w, https:\/\/agora.xtec.cat\/escolajeronidemoragas\/wp-content\/uploads\/usu2509\/2025\/10\/WhatsApp-Image-2025-10-27-at-20.47.30-2.jpeg 1536w\" sizes=\"auto, (max-width: 768px) 100vw, 768px\" \/><\/a>\n\t\t\t<\/dt><\/dl><dl class='gallery-item'>\n\t\t\t<dt class='gallery-icon portrait'>\n\t\t\t\t<a href='https:\/\/agora.xtec.cat\/escolajeronidemoragas\/general\/%f0%9f%90%8b-de-la-literatura-al-mar-moby-dick-%f0%9f%8c%8a\/attachment\/whatsapp-image-2025-10-27-at-20-47-30-1\/'><img loading=\"lazy\" decoding=\"async\" width=\"768\" height=\"1024\" src=\"https:\/\/agora.xtec.cat\/escolajeronidemoragas\/wp-content\/uploads\/usu2509\/2025\/10\/WhatsApp-Image-2025-10-27-at-20.47.30-1-768x1024.jpeg\" class=\"attachment-large size-large\" alt=\"\" srcset=\"https:\/\/agora.xtec.cat\/escolajeronidemoragas\/wp-content\/uploads\/usu2509\/2025\/10\/WhatsApp-Image-2025-10-27-at-20.47.30-1-768x1024.jpeg 768w, https:\/\/agora.xtec.cat\/escolajeronidemoragas\/wp-content\/uploads\/usu2509\/2025\/10\/WhatsApp-Image-2025-10-27-at-20.47.30-1-225x300.jpeg 225w, https:\/\/agora.xtec.cat\/escolajeronidemoragas\/wp-content\/uploads\/usu2509\/2025\/10\/WhatsApp-Image-2025-10-27-at-20.47.30-1-1152x1536.jpeg 1152w, https:\/\/agora.xtec.cat\/escolajeronidemoragas\/wp-content\/uploads\/usu2509\/2025\/10\/WhatsApp-Image-2025-10-27-at-20.47.30-1.jpeg 1536w\" sizes=\"auto, (max-width: 768px) 100vw, 768px\" \/><\/a>\n\t\t\t<\/dt><\/dl><br style=\"clear: both\" \/><dl class='gallery-item'>\n\t\t\t<dt class='gallery-icon portrait'>\n\t\t\t\t<a href='https:\/\/agora.xtec.cat\/escolajeronidemoragas\/general\/%f0%9f%90%8b-de-la-literatura-al-mar-moby-dick-%f0%9f%8c%8a\/attachment\/whatsapp-image-2025-10-28-at-11-28-07\/'><img loading=\"lazy\" decoding=\"async\" width=\"771\" height=\"1024\" src=\"https:\/\/agora.xtec.cat\/escolajeronidemoragas\/wp-content\/uploads\/usu2509\/2025\/10\/WhatsApp-Image-2025-10-28-at-11.28.07-771x1024.jpeg\" class=\"attachment-large size-large\" alt=\"\" srcset=\"https:\/\/agora.xtec.cat\/escolajeronidemoragas\/wp-content\/uploads\/usu2509\/2025\/10\/WhatsApp-Image-2025-10-28-at-11.28.07-771x1024.jpeg 771w, https:\/\/agora.xtec.cat\/escolajeronidemoragas\/wp-content\/uploads\/usu2509\/2025\/10\/WhatsApp-Image-2025-10-28-at-11.28.07-226x300.jpeg 226w, https:\/\/agora.xtec.cat\/escolajeronidemoragas\/wp-content\/uploads\/usu2509\/2025\/10\/WhatsApp-Image-2025-10-28-at-11.28.07-768x1020.jpeg 768w, https:\/\/agora.xtec.cat\/escolajeronidemoragas\/wp-content\/uploads\/usu2509\/2025\/10\/WhatsApp-Image-2025-10-28-at-11.28.07-1157x1536.jpeg 1157w, https:\/\/agora.xtec.cat\/escolajeronidemoragas\/wp-content\/uploads\/usu2509\/2025\/10\/WhatsApp-Image-2025-10-28-at-11.28.07.jpeg 1536w\" sizes=\"auto, (max-width: 771px) 100vw, 771px\" \/><\/a>\n\t\t\t<\/dt><\/dl><dl class='gallery-item'>\n\t\t\t<dt class='gallery-icon portrait'>\n\t\t\t\t<a href='https:\/\/agora.xtec.cat\/escolajeronidemoragas\/general\/%f0%9f%90%8b-de-la-literatura-al-mar-moby-dick-%f0%9f%8c%8a\/attachment\/whatsapp-image-2025-10-28-at-11-28-05\/'><img loading=\"lazy\" decoding=\"async\" width=\"771\" height=\"1024\" src=\"https:\/\/agora.xtec.cat\/escolajeronidemoragas\/wp-content\/uploads\/usu2509\/2025\/10\/WhatsApp-Image-2025-10-28-at-11.28.05-771x1024.jpeg\" class=\"attachment-large size-large\" alt=\"\" srcset=\"https:\/\/agora.xtec.cat\/escolajeronidemoragas\/wp-content\/uploads\/usu2509\/2025\/10\/WhatsApp-Image-2025-10-28-at-11.28.05-771x1024.jpeg 771w, https:\/\/agora.xtec.cat\/escolajeronidemoragas\/wp-content\/uploads\/usu2509\/2025\/10\/WhatsApp-Image-2025-10-28-at-11.28.05-226x300.jpeg 226w, https:\/\/agora.xtec.cat\/escolajeronidemoragas\/wp-content\/uploads\/usu2509\/2025\/10\/WhatsApp-Image-2025-10-28-at-11.28.05-768x1020.jpeg 768w, https:\/\/agora.xtec.cat\/escolajeronidemoragas\/wp-content\/uploads\/usu2509\/2025\/10\/WhatsApp-Image-2025-10-28-at-11.28.05-1157x1536.jpeg 1157w, https:\/\/agora.xtec.cat\/escolajeronidemoragas\/wp-content\/uploads\/usu2509\/2025\/10\/WhatsApp-Image-2025-10-28-at-11.28.05.jpeg 1536w\" sizes=\"auto, (max-width: 771px) 100vw, 771px\" \/><\/a>\n\t\t\t<\/dt><\/dl><dl class='gallery-item'>\n\t\t\t<dt class='gallery-icon portrait'>\n\t\t\t\t<a href='https:\/\/agora.xtec.cat\/escolajeronidemoragas\/general\/%f0%9f%90%8b-de-la-literatura-al-mar-moby-dick-%f0%9f%8c%8a\/attachment\/whatsapp-image-2025-10-27-at-20-47-30-2-min\/'><img loading=\"lazy\" decoding=\"async\" width=\"768\" height=\"1024\" src=\"https:\/\/agora.xtec.cat\/escolajeronidemoragas\/wp-content\/uploads\/usu2509\/2025\/10\/WhatsApp-Image-2025-10-27-at-20.47.30-2-min-768x1024.jpeg\" class=\"attachment-large size-large\" alt=\"\" srcset=\"https:\/\/agora.xtec.cat\/escolajeronidemoragas\/wp-content\/uploads\/usu2509\/2025\/10\/WhatsApp-Image-2025-10-27-at-20.47.30-2-min-768x1024.jpeg 768w, https:\/\/agora.xtec.cat\/escolajeronidemoragas\/wp-content\/uploads\/usu2509\/2025\/10\/WhatsApp-Image-2025-10-27-at-20.47.30-2-min-225x300.jpeg 225w, https:\/\/agora.xtec.cat\/escolajeronidemoragas\/wp-content\/uploads\/usu2509\/2025\/10\/WhatsApp-Image-2025-10-27-at-20.47.30-2-min-1152x1536.jpeg 1152w, https:\/\/agora.xtec.cat\/escolajeronidemoragas\/wp-content\/uploads\/usu2509\/2025\/10\/WhatsApp-Image-2025-10-27-at-20.47.30-2-min.jpeg 1536w\" sizes=\"auto, (max-width: 768px) 100vw, 768px\" \/><\/a>\n\t\t\t<\/dt><\/dl><br style=\"clear: both\" \/><dl class='gallery-item'>\n\t\t\t<dt class='gallery-icon portrait'>\n\t\t\t\t<a href='https:\/\/agora.xtec.cat\/escolajeronidemoragas\/general\/%f0%9f%90%8b-de-la-literatura-al-mar-moby-dick-%f0%9f%8c%8a\/attachment\/whatsapp-image-2025-10-27-at-20-47-31-4-min\/'><img loading=\"lazy\" decoding=\"async\" width=\"768\" height=\"1024\" src=\"https:\/\/agora.xtec.cat\/escolajeronidemoragas\/wp-content\/uploads\/usu2509\/2025\/10\/WhatsApp-Image-2025-10-27-at-20.47.31-4-min-768x1024.jpeg\" class=\"attachment-large size-large\" alt=\"\" srcset=\"https:\/\/agora.xtec.cat\/escolajeronidemoragas\/wp-content\/uploads\/usu2509\/2025\/10\/WhatsApp-Image-2025-10-27-at-20.47.31-4-min-768x1024.jpeg 768w, https:\/\/agora.xtec.cat\/escolajeronidemoragas\/wp-content\/uploads\/usu2509\/2025\/10\/WhatsApp-Image-2025-10-27-at-20.47.31-4-min-225x300.jpeg 225w, https:\/\/agora.xtec.cat\/escolajeronidemoragas\/wp-content\/uploads\/usu2509\/2025\/10\/WhatsApp-Image-2025-10-27-at-20.47.31-4-min-1152x1536.jpeg 1152w, https:\/\/agora.xtec.cat\/escolajeronidemoragas\/wp-content\/uploads\/usu2509\/2025\/10\/WhatsApp-Image-2025-10-27-at-20.47.31-4-min.jpeg 1536w\" sizes=\"auto, (max-width: 768px) 100vw, 768px\" \/><\/a>\n\t\t\t<\/dt><\/dl><dl class='gallery-item'>\n\t\t\t<dt class='gallery-icon portrait'>\n\t\t\t\t<a href='https:\/\/agora.xtec.cat\/escolajeronidemoragas\/general\/%f0%9f%90%8b-de-la-literatura-al-mar-moby-dick-%f0%9f%8c%8a\/attachment\/whatsapp-image-2025-10-27-at-20-47-31-min\/'><img loading=\"lazy\" decoding=\"async\" width=\"768\" height=\"1024\" src=\"https:\/\/agora.xtec.cat\/escolajeronidemoragas\/wp-content\/uploads\/usu2509\/2025\/10\/WhatsApp-Image-2025-10-27-at-20.47.31-min-768x1024.jpeg\" class=\"attachment-large size-large\" alt=\"\" srcset=\"https:\/\/agora.xtec.cat\/escolajeronidemoragas\/wp-content\/uploads\/usu2509\/2025\/10\/WhatsApp-Image-2025-10-27-at-20.47.31-min-768x1024.jpeg 768w, https:\/\/agora.xtec.cat\/escolajeronidemoragas\/wp-content\/uploads\/usu2509\/2025\/10\/WhatsApp-Image-2025-10-27-at-20.47.31-min-225x300.jpeg 225w, https:\/\/agora.xtec.cat\/escolajeronidemoragas\/wp-content\/uploads\/usu2509\/2025\/10\/WhatsApp-Image-2025-10-27-at-20.47.31-min-1152x1536.jpeg 1152w, https:\/\/agora.xtec.cat\/escolajeronidemoragas\/wp-content\/uploads\/usu2509\/2025\/10\/WhatsApp-Image-2025-10-27-at-20.47.31-min.jpeg 1536w\" sizes=\"auto, (max-width: 768px) 100vw, 768px\" \/><\/a>\n\t\t\t<\/dt><\/dl><dl class='gallery-item'>\n\t\t\t<dt class='gallery-icon landscape'>\n\t\t\t\t<a href='https:\/\/agora.xtec.cat\/escolajeronidemoragas\/general\/%f0%9f%90%8b-de-la-literatura-al-mar-moby-dick-%f0%9f%8c%8a\/attachment\/20251027_125517-min\/'><img loading=\"lazy\" decoding=\"async\" width=\"1024\" height=\"768\" src=\"https:\/\/agora.xtec.cat\/escolajeronidemoragas\/wp-content\/uploads\/usu2509\/2025\/10\/20251027_125517-min-1024x768.jpg\" class=\"attachment-large size-large\" alt=\"\" srcset=\"https:\/\/agora.xtec.cat\/escolajeronidemoragas\/wp-content\/uploads\/usu2509\/2025\/10\/20251027_125517-min-1024x768.jpg 1024w, https:\/\/agora.xtec.cat\/escolajeronidemoragas\/wp-content\/uploads\/usu2509\/2025\/10\/20251027_125517-min-300x225.jpg 300w, https:\/\/agora.xtec.cat\/escolajeronidemoragas\/wp-content\/uploads\/usu2509\/2025\/10\/20251027_125517-min-768x576.jpg 768w, https:\/\/agora.xtec.cat\/escolajeronidemoragas\/wp-content\/uploads\/usu2509\/2025\/10\/20251027_125517-min-1536x1152.jpg 1536w, https:\/\/agora.xtec.cat\/escolajeronidemoragas\/wp-content\/uploads\/usu2509\/2025\/10\/20251027_125517-min-2048x1536.jpg 2048w, https:\/\/agora.xtec.cat\/escolajeronidemoragas\/wp-content\/uploads\/usu2509\/2025\/10\/20251027_125517-min-200x150.jpg 200w\" sizes=\"auto, (max-width: 1024px) 100vw, 1024px\" \/><\/a>\n\t\t\t<\/dt><\/dl><br style=\"clear: both\" \/><dl class='gallery-item'>\n\t\t\t<dt class='gallery-icon portrait'>\n\t\t\t\t<a href='https:\/\/agora.xtec.cat\/escolajeronidemoragas\/general\/%f0%9f%90%8b-de-la-literatura-al-mar-moby-dick-%f0%9f%8c%8a\/attachment\/20251027_125612-min\/'><img loading=\"lazy\" decoding=\"async\" width=\"766\" height=\"1024\" src=\"https:\/\/agora.xtec.cat\/escolajeronidemoragas\/wp-content\/uploads\/usu2509\/2025\/10\/20251027_125612-min-766x1024.jpg\" class=\"attachment-large size-large\" alt=\"\" srcset=\"https:\/\/agora.xtec.cat\/escolajeronidemoragas\/wp-content\/uploads\/usu2509\/2025\/10\/20251027_125612-min-766x1024.jpg 766w, https:\/\/agora.xtec.cat\/escolajeronidemoragas\/wp-content\/uploads\/usu2509\/2025\/10\/20251027_125612-min-224x300.jpg 224w, https:\/\/agora.xtec.cat\/escolajeronidemoragas\/wp-content\/uploads\/usu2509\/2025\/10\/20251027_125612-min-768x1027.jpg 768w, https:\/\/agora.xtec.cat\/escolajeronidemoragas\/wp-content\/uploads\/usu2509\/2025\/10\/20251027_125612-min-1149x1536.jpg 1149w, https:\/\/agora.xtec.cat\/escolajeronidemoragas\/wp-content\/uploads\/usu2509\/2025\/10\/20251027_125612-min-1532x2048.jpg 1532w, https:\/\/agora.xtec.cat\/escolajeronidemoragas\/wp-content\/uploads\/usu2509\/2025\/10\/20251027_125612-min-scaled.jpg 1915w\" sizes=\"auto, (max-width: 766px) 100vw, 766px\" \/><\/a>\n\t\t\t<\/dt><\/dl><dl class='gallery-item'>\n\t\t\t<dt class='gallery-icon portrait'>\n\t\t\t\t<a href='https:\/\/agora.xtec.cat\/escolajeronidemoragas\/general\/%f0%9f%90%8b-de-la-literatura-al-mar-moby-dick-%f0%9f%8c%8a\/attachment\/20251027_125616-min\/'><img loading=\"lazy\" decoding=\"async\" width=\"766\" height=\"1024\" src=\"https:\/\/agora.xtec.cat\/escolajeronidemoragas\/wp-content\/uploads\/usu2509\/2025\/10\/20251027_125616-min-766x1024.jpg\" class=\"attachment-large size-large\" alt=\"\" srcset=\"https:\/\/agora.xtec.cat\/escolajeronidemoragas\/wp-content\/uploads\/usu2509\/2025\/10\/20251027_125616-min-766x1024.jpg 766w, https:\/\/agora.xtec.cat\/escolajeronidemoragas\/wp-content\/uploads\/usu2509\/2025\/10\/20251027_125616-min-224x300.jpg 224w, https:\/\/agora.xtec.cat\/escolajeronidemoragas\/wp-content\/uploads\/usu2509\/2025\/10\/20251027_125616-min-768x1027.jpg 768w, https:\/\/agora.xtec.cat\/escolajeronidemoragas\/wp-content\/uploads\/usu2509\/2025\/10\/20251027_125616-min-1149x1536.jpg 1149w, https:\/\/agora.xtec.cat\/escolajeronidemoragas\/wp-content\/uploads\/usu2509\/2025\/10\/20251027_125616-min-1532x2048.jpg 1532w, https:\/\/agora.xtec.cat\/escolajeronidemoragas\/wp-content\/uploads\/usu2509\/2025\/10\/20251027_125616-min-scaled.jpg 1915w\" sizes=\"auto, (max-width: 766px) 100vw, 766px\" \/><\/a>\n\t\t\t<\/dt><\/dl><dl class='gallery-item'>\n\t\t\t<dt class='gallery-icon portrait'>\n\t\t\t\t<a href='https:\/\/agora.xtec.cat\/escolajeronidemoragas\/general\/%f0%9f%90%8b-de-la-literatura-al-mar-moby-dick-%f0%9f%8c%8a\/attachment\/20251027_130310-min\/'><img loading=\"lazy\" decoding=\"async\" width=\"766\" height=\"1024\" src=\"https:\/\/agora.xtec.cat\/escolajeronidemoragas\/wp-content\/uploads\/usu2509\/2025\/10\/20251027_130310-min-766x1024.jpg\" class=\"attachment-large size-large\" alt=\"\" srcset=\"https:\/\/agora.xtec.cat\/escolajeronidemoragas\/wp-content\/uploads\/usu2509\/2025\/10\/20251027_130310-min-766x1024.jpg 766w, https:\/\/agora.xtec.cat\/escolajeronidemoragas\/wp-content\/uploads\/usu2509\/2025\/10\/20251027_130310-min-224x300.jpg 224w, https:\/\/agora.xtec.cat\/escolajeronidemoragas\/wp-content\/uploads\/usu2509\/2025\/10\/20251027_130310-min-768x1027.jpg 768w, https:\/\/agora.xtec.cat\/escolajeronidemoragas\/wp-content\/uploads\/usu2509\/2025\/10\/20251027_130310-min-1149x1536.jpg 1149w, https:\/\/agora.xtec.cat\/escolajeronidemoragas\/wp-content\/uploads\/usu2509\/2025\/10\/20251027_130310-min-1532x2048.jpg 1532w, https:\/\/agora.xtec.cat\/escolajeronidemoragas\/wp-content\/uploads\/usu2509\/2025\/10\/20251027_130310-min-scaled.jpg 1915w\" sizes=\"auto, (max-width: 766px) 100vw, 766px\" \/><\/a>\n\t\t\t<\/dt><\/dl><br style=\"clear: both\" \/><dl class='gallery-item'>\n\t\t\t<dt class='gallery-icon portrait'>\n\t\t\t\t<a href='https:\/\/agora.xtec.cat\/escolajeronidemoragas\/general\/%f0%9f%90%8b-de-la-literatura-al-mar-moby-dick-%f0%9f%8c%8a\/attachment\/20251027_130320-min\/'><img loading=\"lazy\" decoding=\"async\" width=\"766\" height=\"1024\" src=\"https:\/\/agora.xtec.cat\/escolajeronidemoragas\/wp-content\/uploads\/usu2509\/2025\/10\/20251027_130320-min-766x1024.jpg\" class=\"attachment-large size-large\" alt=\"\" srcset=\"https:\/\/agora.xtec.cat\/escolajeronidemoragas\/wp-content\/uploads\/usu2509\/2025\/10\/20251027_130320-min-766x1024.jpg 766w, https:\/\/agora.xtec.cat\/escolajeronidemoragas\/wp-content\/uploads\/usu2509\/2025\/10\/20251027_130320-min-224x300.jpg 224w, https:\/\/agora.xtec.cat\/escolajeronidemoragas\/wp-content\/uploads\/usu2509\/2025\/10\/20251027_130320-min-768x1027.jpg 768w, https:\/\/agora.xtec.cat\/escolajeronidemoragas\/wp-content\/uploads\/usu2509\/2025\/10\/20251027_130320-min-1149x1536.jpg 1149w, https:\/\/agora.xtec.cat\/escolajeronidemoragas\/wp-content\/uploads\/usu2509\/2025\/10\/20251027_130320-min-1532x2048.jpg 1532w, https:\/\/agora.xtec.cat\/escolajeronidemoragas\/wp-content\/uploads\/usu2509\/2025\/10\/20251027_130320-min-scaled.jpg 1915w\" sizes=\"auto, (max-width: 766px) 100vw, 766px\" \/><\/a>\n\t\t\t<\/dt><\/dl><dl class='gallery-item'>\n\t\t\t<dt class='gallery-icon portrait'>\n\t\t\t\t<a href='https:\/\/agora.xtec.cat\/escolajeronidemoragas\/general\/%f0%9f%90%8b-de-la-literatura-al-mar-moby-dick-%f0%9f%8c%8a\/attachment\/20251027_131206-min\/'><img loading=\"lazy\" decoding=\"async\" width=\"766\" height=\"1024\" src=\"https:\/\/agora.xtec.cat\/escolajeronidemoragas\/wp-content\/uploads\/usu2509\/2025\/10\/20251027_131206-min-766x1024.jpg\" class=\"attachment-large size-large\" alt=\"\" srcset=\"https:\/\/agora.xtec.cat\/escolajeronidemoragas\/wp-content\/uploads\/usu2509\/2025\/10\/20251027_131206-min-766x1024.jpg 766w, https:\/\/agora.xtec.cat\/escolajeronidemoragas\/wp-content\/uploads\/usu2509\/2025\/10\/20251027_131206-min-224x300.jpg 224w, https:\/\/agora.xtec.cat\/escolajeronidemoragas\/wp-content\/uploads\/usu2509\/2025\/10\/20251027_131206-min-768x1027.jpg 768w, https:\/\/agora.xtec.cat\/escolajeronidemoragas\/wp-content\/uploads\/usu2509\/2025\/10\/20251027_131206-min-1149x1536.jpg 1149w, https:\/\/agora.xtec.cat\/escolajeronidemoragas\/wp-content\/uploads\/usu2509\/2025\/10\/20251027_131206-min-1532x2048.jpg 1532w, https:\/\/agora.xtec.cat\/escolajeronidemoragas\/wp-content\/uploads\/usu2509\/2025\/10\/20251027_131206-min-scaled.jpg 1915w\" sizes=\"auto, (max-width: 766px) 100vw, 766px\" \/><\/a>\n\t\t\t<\/dt><\/dl><dl class='gallery-item'>\n\t\t\t<dt class='gallery-icon portrait'>\n\t\t\t\t<a href='https:\/\/agora.xtec.cat\/escolajeronidemoragas\/general\/%f0%9f%90%8b-de-la-literatura-al-mar-moby-dick-%f0%9f%8c%8a\/attachment\/20251027_131351-min\/'><img loading=\"lazy\" decoding=\"async\" width=\"766\" height=\"1024\" src=\"https:\/\/agora.xtec.cat\/escolajeronidemoragas\/wp-content\/uploads\/usu2509\/2025\/10\/20251027_131351-min-766x1024.jpg\" class=\"attachment-large size-large\" alt=\"\" srcset=\"https:\/\/agora.xtec.cat\/escolajeronidemoragas\/wp-content\/uploads\/usu2509\/2025\/10\/20251027_131351-min-766x1024.jpg 766w, https:\/\/agora.xtec.cat\/escolajeronidemoragas\/wp-content\/uploads\/usu2509\/2025\/10\/20251027_131351-min-224x300.jpg 224w, https:\/\/agora.xtec.cat\/escolajeronidemoragas\/wp-content\/uploads\/usu2509\/2025\/10\/20251027_131351-min-768x1027.jpg 768w, https:\/\/agora.xtec.cat\/escolajeronidemoragas\/wp-content\/uploads\/usu2509\/2025\/10\/20251027_131351-min-1149x1536.jpg 1149w, https:\/\/agora.xtec.cat\/escolajeronidemoragas\/wp-content\/uploads\/usu2509\/2025\/10\/20251027_131351-min-1532x2048.jpg 1532w, https:\/\/agora.xtec.cat\/escolajeronidemoragas\/wp-content\/uploads\/usu2509\/2025\/10\/20251027_131351-min-scaled.jpg 1915w\" sizes=\"auto, (max-width: 766px) 100vw, 766px\" \/><\/a>\n\t\t\t<\/dt><\/dl><br style=\"clear: both\" \/><dl class='gallery-item'>\n\t\t\t<dt class='gallery-icon portrait'>\n\t\t\t\t<a href='https:\/\/agora.xtec.cat\/escolajeronidemoragas\/general\/%f0%9f%90%8b-de-la-literatura-al-mar-moby-dick-%f0%9f%8c%8a\/attachment\/20251027_131610-min\/'><img loading=\"lazy\" decoding=\"async\" width=\"766\" height=\"1024\" src=\"https:\/\/agora.xtec.cat\/escolajeronidemoragas\/wp-content\/uploads\/usu2509\/2025\/10\/20251027_131610-min-766x1024.jpg\" class=\"attachment-large size-large\" alt=\"\" srcset=\"https:\/\/agora.xtec.cat\/escolajeronidemoragas\/wp-content\/uploads\/usu2509\/2025\/10\/20251027_131610-min-766x1024.jpg 766w, https:\/\/agora.xtec.cat\/escolajeronidemoragas\/wp-content\/uploads\/usu2509\/2025\/10\/20251027_131610-min-224x300.jpg 224w, https:\/\/agora.xtec.cat\/escolajeronidemoragas\/wp-content\/uploads\/usu2509\/2025\/10\/20251027_131610-min-768x1027.jpg 768w, https:\/\/agora.xtec.cat\/escolajeronidemoragas\/wp-content\/uploads\/usu2509\/2025\/10\/20251027_131610-min-1149x1536.jpg 1149w, https:\/\/agora.xtec.cat\/escolajeronidemoragas\/wp-content\/uploads\/usu2509\/2025\/10\/20251027_131610-min-1532x2048.jpg 1532w, https:\/\/agora.xtec.cat\/escolajeronidemoragas\/wp-content\/uploads\/usu2509\/2025\/10\/20251027_131610-min-scaled.jpg 1915w\" sizes=\"auto, (max-width: 766px) 100vw, 766px\" \/><\/a>\n\t\t\t<\/dt><\/dl><dl class='gallery-item'>\n\t\t\t<dt class='gallery-icon portrait'>\n\t\t\t\t<a href='https:\/\/agora.xtec.cat\/escolajeronidemoragas\/general\/%f0%9f%90%8b-de-la-literatura-al-mar-moby-dick-%f0%9f%8c%8a\/attachment\/20251027_132050-min\/'><img loading=\"lazy\" decoding=\"async\" width=\"766\" height=\"1024\" src=\"https:\/\/agora.xtec.cat\/escolajeronidemoragas\/wp-content\/uploads\/usu2509\/2025\/10\/20251027_132050-min-766x1024.jpg\" class=\"attachment-large size-large\" alt=\"\" srcset=\"https:\/\/agora.xtec.cat\/escolajeronidemoragas\/wp-content\/uploads\/usu2509\/2025\/10\/20251027_132050-min-766x1024.jpg 766w, https:\/\/agora.xtec.cat\/escolajeronidemoragas\/wp-content\/uploads\/usu2509\/2025\/10\/20251027_132050-min-224x300.jpg 224w, https:\/\/agora.xtec.cat\/escolajeronidemoragas\/wp-content\/uploads\/usu2509\/2025\/10\/20251027_132050-min-768x1027.jpg 768w, https:\/\/agora.xtec.cat\/escolajeronidemoragas\/wp-content\/uploads\/usu2509\/2025\/10\/20251027_132050-min-1149x1536.jpg 1149w, https:\/\/agora.xtec.cat\/escolajeronidemoragas\/wp-content\/uploads\/usu2509\/2025\/10\/20251027_132050-min-1532x2048.jpg 1532w, https:\/\/agora.xtec.cat\/escolajeronidemoragas\/wp-content\/uploads\/usu2509\/2025\/10\/20251027_132050-min-scaled.jpg 1915w\" sizes=\"auto, (max-width: 766px) 100vw, 766px\" \/><\/a>\n\t\t\t<\/dt><\/dl><dl class='gallery-item'>\n\t\t\t<dt class='gallery-icon portrait'>\n\t\t\t\t<a href='https:\/\/agora.xtec.cat\/escolajeronidemoragas\/general\/%f0%9f%90%8b-de-la-literatura-al-mar-moby-dick-%f0%9f%8c%8a\/attachment\/whatsapp-image-2025-10-27-at-20-47-30-1-min\/'><img loading=\"lazy\" decoding=\"async\" width=\"768\" height=\"1024\" src=\"https:\/\/agora.xtec.cat\/escolajeronidemoragas\/wp-content\/uploads\/usu2509\/2025\/10\/WhatsApp-Image-2025-10-27-at-20.47.30-1-min-768x1024.jpeg\" class=\"attachment-large size-large\" alt=\"\" srcset=\"https:\/\/agora.xtec.cat\/escolajeronidemoragas\/wp-content\/uploads\/usu2509\/2025\/10\/WhatsApp-Image-2025-10-27-at-20.47.30-1-min-768x1024.jpeg 768w, https:\/\/agora.xtec.cat\/escolajeronidemoragas\/wp-content\/uploads\/usu2509\/2025\/10\/WhatsApp-Image-2025-10-27-at-20.47.30-1-min-225x300.jpeg 225w, https:\/\/agora.xtec.cat\/escolajeronidemoragas\/wp-content\/uploads\/usu2509\/2025\/10\/WhatsApp-Image-2025-10-27-at-20.47.30-1-min-1152x1536.jpeg 1152w, https:\/\/agora.xtec.cat\/escolajeronidemoragas\/wp-content\/uploads\/usu2509\/2025\/10\/WhatsApp-Image-2025-10-27-at-20.47.30-1-min.jpeg 1536w\" sizes=\"auto, (max-width: 768px) 100vw, 768px\" \/><\/a>\n\t\t\t<\/dt><\/dl><br style=\"clear: both\" \/><dl class='gallery-item'>\n\t\t\t<dt class='gallery-icon landscape'>\n\t\t\t\t<a href='https:\/\/agora.xtec.cat\/escolajeronidemoragas\/general\/%f0%9f%90%8b-de-la-literatura-al-mar-moby-dick-%f0%9f%8c%8a\/attachment\/20251027_124802-1-min\/'><img loading=\"lazy\" decoding=\"async\" width=\"1024\" height=\"768\" src=\"https:\/\/agora.xtec.cat\/escolajeronidemoragas\/wp-content\/uploads\/usu2509\/2025\/10\/20251027_124802-1-min-1024x768.jpg\" class=\"attachment-large size-large\" alt=\"\" srcset=\"https:\/\/agora.xtec.cat\/escolajeronidemoragas\/wp-content\/uploads\/usu2509\/2025\/10\/20251027_124802-1-min-1024x768.jpg 1024w, https:\/\/agora.xtec.cat\/escolajeronidemoragas\/wp-content\/uploads\/usu2509\/2025\/10\/20251027_124802-1-min-300x225.jpg 300w, https:\/\/agora.xtec.cat\/escolajeronidemoragas\/wp-content\/uploads\/usu2509\/2025\/10\/20251027_124802-1-min-768x576.jpg 768w, https:\/\/agora.xtec.cat\/escolajeronidemoragas\/wp-content\/uploads\/usu2509\/2025\/10\/20251027_124802-1-min-1536x1152.jpg 1536w, https:\/\/agora.xtec.cat\/escolajeronidemoragas\/wp-content\/uploads\/usu2509\/2025\/10\/20251027_124802-1-min-2048x1536.jpg 2048w, https:\/\/agora.xtec.cat\/escolajeronidemoragas\/wp-content\/uploads\/usu2509\/2025\/10\/20251027_124802-1-min-200x150.jpg 200w\" sizes=\"auto, (max-width: 1024px) 100vw, 1024px\" \/><\/a>\n\t\t\t<\/dt><\/dl>\n\t\t\t<br style='clear: both' \/>\n\t\t<\/div>\n\n","protected":false},"excerpt":{"rendered":"<p>Els alumnes de l\u2019aula A3 de TVA han fet una sortida molt especial a l\u2019<a href=\"https:\/\/www.aquariumbcn.com\/\">Aqu\u00e0rium de Barcelona<\/a> \ud83d\udc20, una activitat vinculada amb l\u2019eix del curs\u00a0dedicat a Moby Dick, dins del projecte de cl\u00e0ssics literaris.<\/p>\n<p>A trav\u00e9s d\u2019aquesta visita, els nois i noies han pogut endinsar-se&hellip;  <a href=\"https:\/\/agora.xtec.cat\/escolajeronidemoragas\/general\/%f0%9f%90%8b-de-la-literatura-al-mar-moby-dick-%f0%9f%8c%8a\/\" title=\"Read \ud83d\udc0b DE LA LITERATURA AL MAR: MOBY DICK! \ud83c\udf0a\">Llegeix m\u00e9s\u00bb<\/a><\/p>\n","protected":false},"author":1,"featured_media":4624,"comment_status":"open","ping_status":"open","sticky":false,"template":"","format":"standard","meta":{"_bbp_topic_count":0,"_bbp_reply_count":0,"_bbp_total_topic_count":0,"_bbp_total_reply_count":0,"_bbp_voice_count":0,"_bbp_anonymous_reply_count":0,"_bbp_topic_count_hidden":0,"_bbp_reply_count_hidden":0,"_bbp_forum_subforum_count":0,"footnotes":""},"categories":[87,1,81,80,4,85,84],"tags":[],"class_list":["post-4581","post","type-post","status-publish","format-standard","has-post-thumbnail","hentry","category-curs-2025-26","category-general","category-novembre","category-octubre","category-portada","category-sensorial","category-tva"],"post_mailing_queue_ids":[],"_links":{"self":[{"href":"https:\/\/agora.xtec.cat\/escolajeronidemoragas\/wp-json\/wp\/v2\/posts\/4581","targetHints":{"allow":["GET"]}}],"collection":[{"href":"https:\/\/agora.xtec.cat\/escolajeronidemoragas\/wp-json\/wp\/v2\/posts"}],"about":[{"href":"https:\/\/agora.xtec.cat\/escolajeronidemoragas\/wp-json\/wp\/v2\/types\/post"}],"author":[{"embeddable":true,"href":"https:\/\/agora.xtec.cat\/escolajeronidemoragas\/wp-json\/wp\/v2\/users\/1"}],"replies":[{"embeddable":true,"href":"https:\/\/agora.xtec.cat\/escolajeronidemoragas\/wp-json\/wp\/v2\/comments?post=4581"}],"version-history":[{"count":4,"href":"https:\/\/agora.xtec.cat\/escolajeronidemoragas\/wp-json\/wp\/v2\/posts\/4581\/revisions"}],"predecessor-version":[{"id":4627,"href":"https:\/\/agora.xtec.cat\/escolajeronidemoragas\/wp-json\/wp\/v2\/posts\/4581\/revisions\/4627"}],"wp:featuredmedia":[{"embeddable":true,"href":"https:\/\/agora.xtec.cat\/escolajeronidemoragas\/wp-json\/wp\/v2\/media\/4624"}],"wp:attachment":[{"href":"https:\/\/agora.xtec.cat\/escolajeronidemoragas\/wp-json\/wp\/v2\/media?parent=4581"}],"wp:term":[{"taxonomy":"category","embeddable":true,"href":"https:\/\/agora.xtec.cat\/escolajeronidemoragas\/wp-json\/wp\/v2\/categories?post=4581"},{"taxonomy":"post_tag","embeddable":true,"href":"https:\/\/agora.xtec.cat\/escolajeronidemoragas\/wp-json\/wp\/v2\/tags?post=4581"}],"curies":[{"name":"wp","href":"https:\/\/api.w.org\/{rel}","templated":true}]}}