{"id":4497,"date":"2025-10-11T10:29:32","date_gmt":"2025-10-11T08:29:32","guid":{"rendered":"https:\/\/agora.xtec.cat\/escolajeronidemoragas\/?p=4497"},"modified":"2025-10-11T10:29:32","modified_gmt":"2025-10-11T08:29:32","slug":"%f0%9f%92%9a-dia-mundial-de-la-salut-mental","status":"publish","type":"post","link":"https:\/\/agora.xtec.cat\/escolajeronidemoragas\/general\/%f0%9f%92%9a-dia-mundial-de-la-salut-mental\/","title":{"rendered":"\ud83d\udc9a DIA MUNDIAL DE LA SALUT MENTAL"},"content":{"rendered":"<p data-start=\"235\" data-end=\"537\">La <strong data-start=\"238\" data-end=\"254\">salut mental<\/strong> \u00e9s molt m\u00e9s que l\u2019abs\u00e8ncia de malestar: \u00e9s sentir-se b\u00e9 amb un mateix, amb els altres i amb el m\u00f3n que ens envolta. En l\u2019\u00e0mbit educatiu, \u00e9s el cor de tot aprenentatge. Quan un infant o jove se sent escoltat, valorat i segur, pot cr\u00e9ixer, aprendre i descobrir tot el seu potencial.<\/p>\n<p data-start=\"539\" data-end=\"907\">A l&#8217;escola vetllem per la salut mental cada dia, posant les persones al centre: donar espai a les emocions, fomentar la comprensi\u00f3 i recordar que demanar ajuda tamb\u00e9 \u00e9s una forma de fortalesa. Cuidar-se \u00e9s estimar-se, i nom\u00e9s des d\u2019aquest benestar compartit es poden construir comunitats educatives m\u00e9s felices, emp\u00e0tiques i resilients. \ud83d\udc9a<\/p>\n<p data-start=\"1021\" data-end=\"1380\">Aquest divendres 10 d&#8217;octubre, doncs, els <strong data-start=\"1025\" data-end=\"1042\">alumnes d\u2019IFE<\/strong> han participat activament en les activitats organitzades per la <strong data-start=\"1107\" data-end=\"1143\">Taula de Salut Mental de Manresa<\/strong>, aportant la seva veu, la seva energia i el seu comprom\u00eds. Han pres part en la <strong data-start=\"1223\" data-end=\"1247\">lectura del manifest<\/strong> i en diferents <strong data-start=\"1263\" data-end=\"1287\">tallers i din\u00e0miques<\/strong> pensades per reflexionar sobre el valor de cuidar la pr\u00f2pia salut mental i la dels altres.<\/p>\n<p data-start=\"1382\" data-end=\"1717\">Aquest any, el lema de la jornada ha estat: <strong data-start=\"827\" data-end=\"867\">\u201cL\u2019oci cura el que el silenci amaga\u201d, <\/strong>un missatge que recorda la import\u00e0ncia de trobar espais per compartir, gaudir del temps lliure i expressar all\u00f2 que se sent sense por ni judici.<\/p>\n<p data-start=\"1382\" data-end=\"1717\">Ha estat una jornada plena d\u2019emocions, reflexi\u00f3 i moments compartits que han posat de manifest la import\u00e0ncia de <strong data-start=\"1495\" data-end=\"1539\">sentir-se escoltat, estimat i acompanyat<\/strong>. Al Jeroni de Moragas, aquests valors ; la confian\u00e7a, el respecte i l\u2019empatia, formen part del dia a dia i ajuden a construir un entorn on cadasc\u00fa pot cr\u00e9ixer i ser ell mateix.<\/p>\n<p data-start=\"2023\" data-end=\"2201\">Aix\u00ed doncs, l&#8217;escola se suma al comprom\u00eds col\u00b7lectiu per un <strong data-start=\"2096\" data-end=\"2140\">futur m\u00e9s conscient, emp\u00e0tic i saludable<\/strong>, on la salut mental sigui una prioritat per a tothom. \ud83c\udf3f\ud83d\udcac<\/p>\n\n\t\t<style type=\"text\/css\">\n\t\t\t#gallery-1 {\n\t\t\t\tmargin: auto;\n\t\t\t}\n\t\t\t#gallery-1 .gallery-item {\n\t\t\t\tfloat: left;\n\t\t\t\tmargin-top: 10px;\n\t\t\t\ttext-align: center;\n\t\t\t\twidth: 33%;\n\t\t\t}\n\t\t\t#gallery-1 img {\n\t\t\t\tborder: 2px solid #cfcfcf;\n\t\t\t}\n\t\t\t#gallery-1 .gallery-caption {\n\t\t\t\tmargin-left: 0;\n\t\t\t}\n\t\t\t\/* see gallery_shortcode() in wp-includes\/media.php *\/\n\t\t<\/style>\n\t\t<div id='gallery-1' class='gallery galleryid-4497 gallery-columns-3 gallery-size-large'><dl class='gallery-item'>\n\t\t\t<dt class='gallery-icon landscape'>\n\t\t\t\t<a href='https:\/\/agora.xtec.cat\/escolajeronidemoragas\/general\/%f0%9f%92%9a-dia-mundial-de-la-salut-mental\/attachment\/whatsapp-image-2025-10-11-at-10-02-13-3\/'><img loading=\"lazy\" decoding=\"async\" width=\"1024\" height=\"1024\" src=\"https:\/\/agora.xtec.cat\/escolajeronidemoragas\/wp-content\/uploads\/usu2509\/2025\/10\/WhatsApp-Image-2025-10-11-at-10.02.13-3-1024x1024.jpeg\" class=\"attachment-large size-large\" alt=\"\" srcset=\"https:\/\/agora.xtec.cat\/escolajeronidemoragas\/wp-content\/uploads\/usu2509\/2025\/10\/WhatsApp-Image-2025-10-11-at-10.02.13-3-1024x1024.jpeg 1024w, https:\/\/agora.xtec.cat\/escolajeronidemoragas\/wp-content\/uploads\/usu2509\/2025\/10\/WhatsApp-Image-2025-10-11-at-10.02.13-3-300x300.jpeg 300w, https:\/\/agora.xtec.cat\/escolajeronidemoragas\/wp-content\/uploads\/usu2509\/2025\/10\/WhatsApp-Image-2025-10-11-at-10.02.13-3-150x150.jpeg 150w, https:\/\/agora.xtec.cat\/escolajeronidemoragas\/wp-content\/uploads\/usu2509\/2025\/10\/WhatsApp-Image-2025-10-11-at-10.02.13-3-768x768.jpeg 768w, https:\/\/agora.xtec.cat\/escolajeronidemoragas\/wp-content\/uploads\/usu2509\/2025\/10\/WhatsApp-Image-2025-10-11-at-10.02.13-3.jpeg 1440w\" sizes=\"auto, (max-width: 1024px) 100vw, 1024px\" \/><\/a>\n\t\t\t<\/dt><\/dl><dl class='gallery-item'>\n\t\t\t<dt class='gallery-icon landscape'>\n\t\t\t\t<a href='https:\/\/agora.xtec.cat\/escolajeronidemoragas\/general\/%f0%9f%92%9a-dia-mundial-de-la-salut-mental\/attachment\/whatsapp-image-2025-10-11-at-10-02-13-2\/'><img loading=\"lazy\" decoding=\"async\" width=\"1024\" height=\"1024\" src=\"https:\/\/agora.xtec.cat\/escolajeronidemoragas\/wp-content\/uploads\/usu2509\/2025\/10\/WhatsApp-Image-2025-10-11-at-10.02.13-2-1024x1024.jpeg\" class=\"attachment-large size-large\" alt=\"\" srcset=\"https:\/\/agora.xtec.cat\/escolajeronidemoragas\/wp-content\/uploads\/usu2509\/2025\/10\/WhatsApp-Image-2025-10-11-at-10.02.13-2-1024x1024.jpeg 1024w, https:\/\/agora.xtec.cat\/escolajeronidemoragas\/wp-content\/uploads\/usu2509\/2025\/10\/WhatsApp-Image-2025-10-11-at-10.02.13-2-300x300.jpeg 300w, https:\/\/agora.xtec.cat\/escolajeronidemoragas\/wp-content\/uploads\/usu2509\/2025\/10\/WhatsApp-Image-2025-10-11-at-10.02.13-2-150x150.jpeg 150w, https:\/\/agora.xtec.cat\/escolajeronidemoragas\/wp-content\/uploads\/usu2509\/2025\/10\/WhatsApp-Image-2025-10-11-at-10.02.13-2-768x768.jpeg 768w, https:\/\/agora.xtec.cat\/escolajeronidemoragas\/wp-content\/uploads\/usu2509\/2025\/10\/WhatsApp-Image-2025-10-11-at-10.02.13-2.jpeg 1440w\" sizes=\"auto, (max-width: 1024px) 100vw, 1024px\" \/><\/a>\n\t\t\t<\/dt><\/dl><dl class='gallery-item'>\n\t\t\t<dt class='gallery-icon landscape'>\n\t\t\t\t<a href='https:\/\/agora.xtec.cat\/escolajeronidemoragas\/general\/%f0%9f%92%9a-dia-mundial-de-la-salut-mental\/attachment\/whatsapp-image-2025-10-11-at-10-02-13-1\/'><img loading=\"lazy\" decoding=\"async\" width=\"1024\" height=\"1024\" src=\"https:\/\/agora.xtec.cat\/escolajeronidemoragas\/wp-content\/uploads\/usu2509\/2025\/10\/WhatsApp-Image-2025-10-11-at-10.02.13-1-1024x1024.jpeg\" class=\"attachment-large size-large\" alt=\"\" srcset=\"https:\/\/agora.xtec.cat\/escolajeronidemoragas\/wp-content\/uploads\/usu2509\/2025\/10\/WhatsApp-Image-2025-10-11-at-10.02.13-1-1024x1024.jpeg 1024w, https:\/\/agora.xtec.cat\/escolajeronidemoragas\/wp-content\/uploads\/usu2509\/2025\/10\/WhatsApp-Image-2025-10-11-at-10.02.13-1-300x300.jpeg 300w, https:\/\/agora.xtec.cat\/escolajeronidemoragas\/wp-content\/uploads\/usu2509\/2025\/10\/WhatsApp-Image-2025-10-11-at-10.02.13-1-150x150.jpeg 150w, https:\/\/agora.xtec.cat\/escolajeronidemoragas\/wp-content\/uploads\/usu2509\/2025\/10\/WhatsApp-Image-2025-10-11-at-10.02.13-1-768x768.jpeg 768w, https:\/\/agora.xtec.cat\/escolajeronidemoragas\/wp-content\/uploads\/usu2509\/2025\/10\/WhatsApp-Image-2025-10-11-at-10.02.13-1.jpeg 1440w\" sizes=\"auto, (max-width: 1024px) 100vw, 1024px\" \/><\/a>\n\t\t\t<\/dt><\/dl><br style=\"clear: both\" \/><dl class='gallery-item'>\n\t\t\t<dt class='gallery-icon landscape'>\n\t\t\t\t<a href='https:\/\/agora.xtec.cat\/escolajeronidemoragas\/general\/%f0%9f%92%9a-dia-mundial-de-la-salut-mental\/attachment\/whatsapp-image-2025-10-11-at-10-02-13\/'><img loading=\"lazy\" decoding=\"async\" width=\"1024\" height=\"1024\" src=\"https:\/\/agora.xtec.cat\/escolajeronidemoragas\/wp-content\/uploads\/usu2509\/2025\/10\/WhatsApp-Image-2025-10-11-at-10.02.13-1024x1024.jpeg\" class=\"attachment-large size-large\" alt=\"\" srcset=\"https:\/\/agora.xtec.cat\/escolajeronidemoragas\/wp-content\/uploads\/usu2509\/2025\/10\/WhatsApp-Image-2025-10-11-at-10.02.13-1024x1024.jpeg 1024w, https:\/\/agora.xtec.cat\/escolajeronidemoragas\/wp-content\/uploads\/usu2509\/2025\/10\/WhatsApp-Image-2025-10-11-at-10.02.13-300x300.jpeg 300w, https:\/\/agora.xtec.cat\/escolajeronidemoragas\/wp-content\/uploads\/usu2509\/2025\/10\/WhatsApp-Image-2025-10-11-at-10.02.13-150x150.jpeg 150w, https:\/\/agora.xtec.cat\/escolajeronidemoragas\/wp-content\/uploads\/usu2509\/2025\/10\/WhatsApp-Image-2025-10-11-at-10.02.13-768x768.jpeg 768w, https:\/\/agora.xtec.cat\/escolajeronidemoragas\/wp-content\/uploads\/usu2509\/2025\/10\/WhatsApp-Image-2025-10-11-at-10.02.13.jpeg 1440w\" sizes=\"auto, (max-width: 1024px) 100vw, 1024px\" \/><\/a>\n\t\t\t<\/dt><\/dl><dl class='gallery-item'>\n\t\t\t<dt class='gallery-icon landscape'>\n\t\t\t\t<a href='https:\/\/agora.xtec.cat\/escolajeronidemoragas\/general\/%f0%9f%92%9a-dia-mundial-de-la-salut-mental\/attachment\/whatsapp-image-2025-10-11-at-10-02-12-3\/'><img loading=\"lazy\" decoding=\"async\" width=\"1024\" height=\"1024\" src=\"https:\/\/agora.xtec.cat\/escolajeronidemoragas\/wp-content\/uploads\/usu2509\/2025\/10\/WhatsApp-Image-2025-10-11-at-10.02.12-3-1024x1024.jpeg\" class=\"attachment-large size-large\" alt=\"\" srcset=\"https:\/\/agora.xtec.cat\/escolajeronidemoragas\/wp-content\/uploads\/usu2509\/2025\/10\/WhatsApp-Image-2025-10-11-at-10.02.12-3-1024x1024.jpeg 1024w, https:\/\/agora.xtec.cat\/escolajeronidemoragas\/wp-content\/uploads\/usu2509\/2025\/10\/WhatsApp-Image-2025-10-11-at-10.02.12-3-300x300.jpeg 300w, https:\/\/agora.xtec.cat\/escolajeronidemoragas\/wp-content\/uploads\/usu2509\/2025\/10\/WhatsApp-Image-2025-10-11-at-10.02.12-3-150x150.jpeg 150w, https:\/\/agora.xtec.cat\/escolajeronidemoragas\/wp-content\/uploads\/usu2509\/2025\/10\/WhatsApp-Image-2025-10-11-at-10.02.12-3-768x768.jpeg 768w, https:\/\/agora.xtec.cat\/escolajeronidemoragas\/wp-content\/uploads\/usu2509\/2025\/10\/WhatsApp-Image-2025-10-11-at-10.02.12-3.jpeg 1440w\" sizes=\"auto, (max-width: 1024px) 100vw, 1024px\" \/><\/a>\n\t\t\t<\/dt><\/dl><dl class='gallery-item'>\n\t\t\t<dt class='gallery-icon landscape'>\n\t\t\t\t<a href='https:\/\/agora.xtec.cat\/escolajeronidemoragas\/general\/%f0%9f%92%9a-dia-mundial-de-la-salut-mental\/attachment\/whatsapp-image-2025-10-11-at-10-02-12-1\/'><img loading=\"lazy\" decoding=\"async\" width=\"1024\" height=\"1024\" src=\"https:\/\/agora.xtec.cat\/escolajeronidemoragas\/wp-content\/uploads\/usu2509\/2025\/10\/WhatsApp-Image-2025-10-11-at-10.02.12-1-1024x1024.jpeg\" class=\"attachment-large size-large\" alt=\"\" srcset=\"https:\/\/agora.xtec.cat\/escolajeronidemoragas\/wp-content\/uploads\/usu2509\/2025\/10\/WhatsApp-Image-2025-10-11-at-10.02.12-1-1024x1024.jpeg 1024w, https:\/\/agora.xtec.cat\/escolajeronidemoragas\/wp-content\/uploads\/usu2509\/2025\/10\/WhatsApp-Image-2025-10-11-at-10.02.12-1-300x300.jpeg 300w, https:\/\/agora.xtec.cat\/escolajeronidemoragas\/wp-content\/uploads\/usu2509\/2025\/10\/WhatsApp-Image-2025-10-11-at-10.02.12-1-150x150.jpeg 150w, https:\/\/agora.xtec.cat\/escolajeronidemoragas\/wp-content\/uploads\/usu2509\/2025\/10\/WhatsApp-Image-2025-10-11-at-10.02.12-1-768x768.jpeg 768w, https:\/\/agora.xtec.cat\/escolajeronidemoragas\/wp-content\/uploads\/usu2509\/2025\/10\/WhatsApp-Image-2025-10-11-at-10.02.12-1.jpeg 1440w\" sizes=\"auto, (max-width: 1024px) 100vw, 1024px\" \/><\/a>\n\t\t\t<\/dt><\/dl><br style=\"clear: both\" \/><dl class='gallery-item'>\n\t\t\t<dt class='gallery-icon landscape'>\n\t\t\t\t<a href='https:\/\/agora.xtec.cat\/escolajeronidemoragas\/general\/%f0%9f%92%9a-dia-mundial-de-la-salut-mental\/attachment\/whatsapp-image-2025-10-11-at-10-02-12\/'><img loading=\"lazy\" decoding=\"async\" width=\"1024\" height=\"1024\" src=\"https:\/\/agora.xtec.cat\/escolajeronidemoragas\/wp-content\/uploads\/usu2509\/2025\/10\/WhatsApp-Image-2025-10-11-at-10.02.12-1024x1024.jpeg\" class=\"attachment-large size-large\" alt=\"\" srcset=\"https:\/\/agora.xtec.cat\/escolajeronidemoragas\/wp-content\/uploads\/usu2509\/2025\/10\/WhatsApp-Image-2025-10-11-at-10.02.12-1024x1024.jpeg 1024w, https:\/\/agora.xtec.cat\/escolajeronidemoragas\/wp-content\/uploads\/usu2509\/2025\/10\/WhatsApp-Image-2025-10-11-at-10.02.12-300x300.jpeg 300w, https:\/\/agora.xtec.cat\/escolajeronidemoragas\/wp-content\/uploads\/usu2509\/2025\/10\/WhatsApp-Image-2025-10-11-at-10.02.12-150x150.jpeg 150w, https:\/\/agora.xtec.cat\/escolajeronidemoragas\/wp-content\/uploads\/usu2509\/2025\/10\/WhatsApp-Image-2025-10-11-at-10.02.12-768x768.jpeg 768w, https:\/\/agora.xtec.cat\/escolajeronidemoragas\/wp-content\/uploads\/usu2509\/2025\/10\/WhatsApp-Image-2025-10-11-at-10.02.12.jpeg 1440w\" sizes=\"auto, (max-width: 1024px) 100vw, 1024px\" \/><\/a>\n\t\t\t<\/dt><\/dl>\n\t\t\t<br style='clear: both' \/>\n\t\t<\/div>\n\n<p>&nbsp;<\/p>\n","protected":false},"excerpt":{"rendered":"<p>La salut mental \u00e9s molt m\u00e9s que l\u2019abs\u00e8ncia de malestar: \u00e9s sentir-se b\u00e9 amb un mateix, amb els altres i amb el m\u00f3n que ens envolta. En l\u2019\u00e0mbit educatiu, \u00e9s el cor de tot aprenentatge. Quan un infant o jove se sent escoltat, valorat i&hellip;  <a href=\"https:\/\/agora.xtec.cat\/escolajeronidemoragas\/general\/%f0%9f%92%9a-dia-mundial-de-la-salut-mental\/\" title=\"Read \ud83d\udc9a DIA MUNDIAL DE LA SALUT MENTAL\">Llegeix m\u00e9s\u00bb<\/a><\/p>\n","protected":false},"author":1,"featured_media":4504,"comment_status":"open","ping_status":"open","sticky":false,"template":"","format":"standard","meta":{"_bbp_topic_count":0,"_bbp_reply_count":0,"_bbp_total_topic_count":0,"_bbp_total_reply_count":0,"_bbp_voice_count":0,"_bbp_anonymous_reply_count":0,"_bbp_topic_count_hidden":0,"_bbp_reply_count_hidden":0,"_bbp_forum_subforum_count":0,"footnotes":""},"categories":[10,11,12,13,14,15,74,78,87,82,83,72,71,1,2,77,76,75,73,81,80,4,85,79,84],"tags":[],"class_list":["post-4497","post","type-post","status-publish","format-standard","has-post-thumbnail","hentry","category-1r","category-2n","category-3r","category-4t","category-5e","category-6e","category-abril","category-agost","category-curs-2025-26","category-desembre","category-eso","category-febrer","category-gener","category-general","category-infantil-i-primaria","category-juliol","category-juny","category-maig","category-marc","category-novembre","category-octubre","category-portada","category-sensorial","category-setembre","category-tva"],"post_mailing_queue_ids":[],"_links":{"self":[{"href":"https:\/\/agora.xtec.cat\/escolajeronidemoragas\/wp-json\/wp\/v2\/posts\/4497","targetHints":{"allow":["GET"]}}],"collection":[{"href":"https:\/\/agora.xtec.cat\/escolajeronidemoragas\/wp-json\/wp\/v2\/posts"}],"about":[{"href":"https:\/\/agora.xtec.cat\/escolajeronidemoragas\/wp-json\/wp\/v2\/types\/post"}],"author":[{"embeddable":true,"href":"https:\/\/agora.xtec.cat\/escolajeronidemoragas\/wp-json\/wp\/v2\/users\/1"}],"replies":[{"embeddable":true,"href":"https:\/\/agora.xtec.cat\/escolajeronidemoragas\/wp-json\/wp\/v2\/comments?post=4497"}],"version-history":[{"count":1,"href":"https:\/\/agora.xtec.cat\/escolajeronidemoragas\/wp-json\/wp\/v2\/posts\/4497\/revisions"}],"predecessor-version":[{"id":4506,"href":"https:\/\/agora.xtec.cat\/escolajeronidemoragas\/wp-json\/wp\/v2\/posts\/4497\/revisions\/4506"}],"wp:featuredmedia":[{"embeddable":true,"href":"https:\/\/agora.xtec.cat\/escolajeronidemoragas\/wp-json\/wp\/v2\/media\/4504"}],"wp:attachment":[{"href":"https:\/\/agora.xtec.cat\/escolajeronidemoragas\/wp-json\/wp\/v2\/media?parent=4497"}],"wp:term":[{"taxonomy":"category","embeddable":true,"href":"https:\/\/agora.xtec.cat\/escolajeronidemoragas\/wp-json\/wp\/v2\/categories?post=4497"},{"taxonomy":"post_tag","embeddable":true,"href":"https:\/\/agora.xtec.cat\/escolajeronidemoragas\/wp-json\/wp\/v2\/tags?post=4497"}],"curies":[{"name":"wp","href":"https:\/\/api.w.org\/{rel}","templated":true}]}}