{"id":4469,"date":"2025-10-10T13:11:11","date_gmt":"2025-10-10T11:11:11","guid":{"rendered":"https:\/\/agora.xtec.cat\/escolajeronidemoragas\/?p=4469"},"modified":"2025-10-10T13:12:07","modified_gmt":"2025-10-10T11:12:07","slug":"coneixem-el-cram-i-les-torugues-%f0%9f%92%9a","status":"publish","type":"post","link":"https:\/\/agora.xtec.cat\/escolajeronidemoragas\/general\/coneixem-el-cram-i-les-torugues-%f0%9f%92%9a\/","title":{"rendered":"CONEIXEM EL CRAM I LES TORUGUES \ud83d\udc9a"},"content":{"rendered":"<p data-start=\"230\" data-end=\"354\">Aquesta setmana, els alumnes de les aules <strong data-start=\"250\" data-end=\"261\">E4 i E5<\/strong> han fet una sortida molt especial al <a href=\"https:\/\/cram.org\/ca\/\"><strong data-start=\"299\" data-end=\"348\">CRAM (Centre de Recuperaci\u00f3 d\u2019Animals Marins)<\/strong><\/a> \ud83c\udf0a.<\/p>\n<p data-start=\"356\" data-end=\"667\">Durant la visita, <strong data-start=\"374\" data-end=\"426\">han pogut con\u00e8ixer de prop les tortugues marines<\/strong> \ud83d\udc22 i descobrir com el CRAM les <strong data-start=\"458\" data-end=\"518\">cuida, protegeix i ajuda a tornar al seu h\u00e0bitat natural<\/strong>. Ha estat una experi\u00e8ncia molt emocionant que els ha perm\u00e8s veure de primera m\u00e0 la feina que es fa per preservar aquests animals tan especials.\u00a0Tamb\u00e9 <strong data-start=\"676\" data-end=\"733\">han apr\u00e8s la import\u00e0ncia de respectar el medi ambient<\/strong> \ud83c\udf3f i han ent\u00e8s que, amb <strong data-start=\"758\" data-end=\"791\">petites accions del dia a dia<\/strong>, tots i totes podem contribuir a <strong data-start=\"825\" data-end=\"865\">tenir un planeta m\u00e9s net i saludable<\/strong> \ud83c\udf0d.<\/p>\n<p data-start=\"873\" data-end=\"946\">Una jornada plena d\u2019aprenentatges, emocions i consci\u00e8ncia ambiental! \ud83c\udf1e<\/p>\n<p data-start=\"948\" data-end=\"1101\"><strong data-start=\"951\" data-end=\"977\">Moltes gr\u00e0cies al CRAM<\/strong> per la seva acollida i per ajudar-nos a comprendre millor la import\u00e0ncia de cuidar el nostre mar i els seus habitants! \ud83d\udc9a<\/p>\n\n\t\t<style type=\"text\/css\">\n\t\t\t#gallery-1 {\n\t\t\t\tmargin: auto;\n\t\t\t}\n\t\t\t#gallery-1 .gallery-item {\n\t\t\t\tfloat: left;\n\t\t\t\tmargin-top: 10px;\n\t\t\t\ttext-align: center;\n\t\t\t\twidth: 33%;\n\t\t\t}\n\t\t\t#gallery-1 img {\n\t\t\t\tborder: 2px solid #cfcfcf;\n\t\t\t}\n\t\t\t#gallery-1 .gallery-caption {\n\t\t\t\tmargin-left: 0;\n\t\t\t}\n\t\t\t\/* see gallery_shortcode() in wp-includes\/media.php *\/\n\t\t<\/style>\n\t\t<div id='gallery-1' class='gallery galleryid-4469 gallery-columns-3 gallery-size-large'><dl class='gallery-item'>\n\t\t\t<dt class='gallery-icon portrait'>\n\t\t\t\t<a href='https:\/\/agora.xtec.cat\/escolajeronidemoragas\/general\/coneixem-el-cram-i-les-torugues-%f0%9f%92%9a\/attachment\/1-6\/'><img loading=\"lazy\" decoding=\"async\" width=\"768\" height=\"1024\" src=\"https:\/\/agora.xtec.cat\/escolajeronidemoragas\/wp-content\/uploads\/usu2509\/2025\/10\/1-768x1024.jpeg\" class=\"attachment-large size-large\" alt=\"\" srcset=\"https:\/\/agora.xtec.cat\/escolajeronidemoragas\/wp-content\/uploads\/usu2509\/2025\/10\/1-768x1024.jpeg 768w, https:\/\/agora.xtec.cat\/escolajeronidemoragas\/wp-content\/uploads\/usu2509\/2025\/10\/1-225x300.jpeg 225w, https:\/\/agora.xtec.cat\/escolajeronidemoragas\/wp-content\/uploads\/usu2509\/2025\/10\/1-1152x1536.jpeg 1152w, https:\/\/agora.xtec.cat\/escolajeronidemoragas\/wp-content\/uploads\/usu2509\/2025\/10\/1-1536x2048.jpeg 1536w, https:\/\/agora.xtec.cat\/escolajeronidemoragas\/wp-content\/uploads\/usu2509\/2025\/10\/1-scaled.jpeg 1920w\" sizes=\"auto, (max-width: 768px) 100vw, 768px\" \/><\/a>\n\t\t\t<\/dt><\/dl><dl class='gallery-item'>\n\t\t\t<dt class='gallery-icon portrait'>\n\t\t\t\t<a href='https:\/\/agora.xtec.cat\/escolajeronidemoragas\/general\/coneixem-el-cram-i-les-torugues-%f0%9f%92%9a\/attachment\/2-6\/'><img loading=\"lazy\" decoding=\"async\" width=\"768\" height=\"1024\" src=\"https:\/\/agora.xtec.cat\/escolajeronidemoragas\/wp-content\/uploads\/usu2509\/2025\/10\/2-768x1024.jpeg\" class=\"attachment-large size-large\" alt=\"\" srcset=\"https:\/\/agora.xtec.cat\/escolajeronidemoragas\/wp-content\/uploads\/usu2509\/2025\/10\/2-768x1024.jpeg 768w, https:\/\/agora.xtec.cat\/escolajeronidemoragas\/wp-content\/uploads\/usu2509\/2025\/10\/2-225x300.jpeg 225w, https:\/\/agora.xtec.cat\/escolajeronidemoragas\/wp-content\/uploads\/usu2509\/2025\/10\/2-1152x1536.jpeg 1152w, https:\/\/agora.xtec.cat\/escolajeronidemoragas\/wp-content\/uploads\/usu2509\/2025\/10\/2-1536x2048.jpeg 1536w, https:\/\/agora.xtec.cat\/escolajeronidemoragas\/wp-content\/uploads\/usu2509\/2025\/10\/2-scaled.jpeg 1920w\" sizes=\"auto, (max-width: 768px) 100vw, 768px\" \/><\/a>\n\t\t\t<\/dt><\/dl><dl class='gallery-item'>\n\t\t\t<dt class='gallery-icon landscape'>\n\t\t\t\t<a href='https:\/\/agora.xtec.cat\/escolajeronidemoragas\/general\/coneixem-el-cram-i-les-torugues-%f0%9f%92%9a\/attachment\/3-3\/'><img loading=\"lazy\" decoding=\"async\" width=\"1024\" height=\"768\" src=\"https:\/\/agora.xtec.cat\/escolajeronidemoragas\/wp-content\/uploads\/usu2509\/2025\/10\/3-1024x768.jpeg\" class=\"attachment-large size-large\" alt=\"\" srcset=\"https:\/\/agora.xtec.cat\/escolajeronidemoragas\/wp-content\/uploads\/usu2509\/2025\/10\/3-1024x768.jpeg 1024w, https:\/\/agora.xtec.cat\/escolajeronidemoragas\/wp-content\/uploads\/usu2509\/2025\/10\/3-300x225.jpeg 300w, https:\/\/agora.xtec.cat\/escolajeronidemoragas\/wp-content\/uploads\/usu2509\/2025\/10\/3-768x576.jpeg 768w, https:\/\/agora.xtec.cat\/escolajeronidemoragas\/wp-content\/uploads\/usu2509\/2025\/10\/3-1536x1152.jpeg 1536w, https:\/\/agora.xtec.cat\/escolajeronidemoragas\/wp-content\/uploads\/usu2509\/2025\/10\/3-2048x1536.jpeg 2048w, https:\/\/agora.xtec.cat\/escolajeronidemoragas\/wp-content\/uploads\/usu2509\/2025\/10\/3-200x150.jpeg 200w\" sizes=\"auto, (max-width: 1024px) 100vw, 1024px\" \/><\/a>\n\t\t\t<\/dt><\/dl><br style=\"clear: both\" \/>\n\t\t<\/div>\n\n","protected":false},"excerpt":{"rendered":"<p>Aquesta setmana, els alumnes de les aules E4 i E5 han fet una sortida molt especial al <a href=\"https:\/\/cram.org\/ca\/\">CRAM (Centre de Recuperaci\u00f3 d\u2019Animals Marins)<\/a> \ud83c\udf0a.<br \/>\nDurant la visita, han pogut con\u00e8ixer de prop les tortugues marines \ud83d\udc22 i descobrir com el CRAM les cuida, protegeix i&hellip;  <a href=\"https:\/\/agora.xtec.cat\/escolajeronidemoragas\/general\/coneixem-el-cram-i-les-torugues-%f0%9f%92%9a\/\" title=\"Read CONEIXEM EL CRAM I LES TORUGUES \ud83d\udc9a\">Llegeix m\u00e9s\u00bb<\/a><\/p>\n","protected":false},"author":1,"featured_media":4470,"comment_status":"open","ping_status":"open","sticky":false,"template":"","format":"standard","meta":{"_bbp_topic_count":0,"_bbp_reply_count":0,"_bbp_total_topic_count":0,"_bbp_total_reply_count":0,"_bbp_voice_count":0,"_bbp_anonymous_reply_count":0,"_bbp_topic_count_hidden":0,"_bbp_reply_count_hidden":0,"_bbp_forum_subforum_count":0,"footnotes":""},"categories":[10,11,12,13,14,15,87,83,1,2,80,4,85],"tags":[],"class_list":["post-4469","post","type-post","status-publish","format-standard","has-post-thumbnail","hentry","category-1r","category-2n","category-3r","category-4t","category-5e","category-6e","category-curs-2025-26","category-eso","category-general","category-infantil-i-primaria","category-octubre","category-portada","category-sensorial"],"post_mailing_queue_ids":[],"_links":{"self":[{"href":"https:\/\/agora.xtec.cat\/escolajeronidemoragas\/wp-json\/wp\/v2\/posts\/4469","targetHints":{"allow":["GET"]}}],"collection":[{"href":"https:\/\/agora.xtec.cat\/escolajeronidemoragas\/wp-json\/wp\/v2\/posts"}],"about":[{"href":"https:\/\/agora.xtec.cat\/escolajeronidemoragas\/wp-json\/wp\/v2\/types\/post"}],"author":[{"embeddable":true,"href":"https:\/\/agora.xtec.cat\/escolajeronidemoragas\/wp-json\/wp\/v2\/users\/1"}],"replies":[{"embeddable":true,"href":"https:\/\/agora.xtec.cat\/escolajeronidemoragas\/wp-json\/wp\/v2\/comments?post=4469"}],"version-history":[{"count":2,"href":"https:\/\/agora.xtec.cat\/escolajeronidemoragas\/wp-json\/wp\/v2\/posts\/4469\/revisions"}],"predecessor-version":[{"id":4474,"href":"https:\/\/agora.xtec.cat\/escolajeronidemoragas\/wp-json\/wp\/v2\/posts\/4469\/revisions\/4474"}],"wp:featuredmedia":[{"embeddable":true,"href":"https:\/\/agora.xtec.cat\/escolajeronidemoragas\/wp-json\/wp\/v2\/media\/4470"}],"wp:attachment":[{"href":"https:\/\/agora.xtec.cat\/escolajeronidemoragas\/wp-json\/wp\/v2\/media?parent=4469"}],"wp:term":[{"taxonomy":"category","embeddable":true,"href":"https:\/\/agora.xtec.cat\/escolajeronidemoragas\/wp-json\/wp\/v2\/categories?post=4469"},{"taxonomy":"post_tag","embeddable":true,"href":"https:\/\/agora.xtec.cat\/escolajeronidemoragas\/wp-json\/wp\/v2\/tags?post=4469"}],"curies":[{"name":"wp","href":"https:\/\/api.w.org\/{rel}","templated":true}]}}