{"id":4405,"date":"2025-09-09T20:45:35","date_gmt":"2025-09-09T18:45:35","guid":{"rendered":"https:\/\/agora.xtec.cat\/escolajeronidemoragas\/?p=4405"},"modified":"2025-09-10T07:46:58","modified_gmt":"2025-09-10T05:46:58","slug":"coneixeu-el-nostre-claustre%f0%9f%91%a9%f0%9f%8f%ab","status":"publish","type":"post","link":"https:\/\/agora.xtec.cat\/escolajeronidemoragas\/general\/coneixeu-el-nostre-claustre%f0%9f%91%a9%f0%9f%8f%ab\/","title":{"rendered":"CONEIXEU EL NOSTRE CLAUSTRE?\ud83d\udc69\u200d\ud83c\udfeb"},"content":{"rendered":"<p data-pm-slice=\"1 1 []\">Comencem un nou any amb molta il\u00b7lusi\u00f3 i ganes de compartir aprenentatges, experi\u00e8ncies i moments especials amb tots vosaltres. Una de les riqueses m\u00e9s grans de la nostra escola \u00e9s el seu equip hum\u00e0, i per aix\u00f2 volem presentar-vos de manera propera a tot el claustre que, dia a dia, acompanya els infants en el seu cam\u00ed.<\/p>\n<p data-start=\"448\" data-end=\"650\">\ud83d\udc76 <strong data-start=\"451\" data-end=\"474\">A educaci\u00f3 Infantil<\/strong>, hi trobareu mestres plenes d\u2019energia i tendresa, sempre amb un somriure preparat per acollir els m\u00e9s petits i acompanyar-los en els seus primers passos escolars .<\/p>\n<p data-start=\"652\" data-end=\"818\">\ud83d\udcd6 <strong data-start=\"655\" data-end=\"669\">A prim\u00e0ria<\/strong>, l&#8217;equip de mestres combina experi\u00e8ncia i noves idees , amb l\u2019objectiu d\u2019ajudar els infants a cr\u00e9ixer en coneixements, valors i autonomia.<\/p>\n<p data-start=\"820\" data-end=\"958\">\ud83e\uddd1\u200d\ud83c\udf93 <strong data-start=\"826\" data-end=\"842\">A secund\u00e0ria<\/strong>, mestres que guien l&#8217;adolesc\u00e8ncia amb proximitat , oferint eines per afrontar reptes i somiar projectes.<\/p>\n<p data-start=\"960\" data-end=\"1137\">\ud83c\udf08 <strong data-start=\"963\" data-end=\"1001\">A Transici\u00f3 a la Vida Adulta (TVA)<\/strong>, professionals que preparen els joves per a la vida adulta, treballant l&#8217;autonomia, la inclusi\u00f3 i l&#8217;esfor\u00e7\u00a0 amb dedicaci\u00f3.<\/p>\n<p data-start=\"1139\" data-end=\"1300\"><strong data-start=\"1143\" data-end=\"1185\">\ud83d\udcbcA l&#8217;Itinerari Formatiu Espec\u00edfic (IFE)<\/strong>, s&#8217;ofereixen suports personalitzats i pr\u00e0ctics per obrir camins d&#8217;aprenentatge i futur laboral.<\/p>\n<p data-start=\"1302\" data-end=\"1553\">\ud83e\uddd1\u200d\ud83e\uddbd <strong data-start=\"1308\" data-end=\"1331\">Les fisioterapeutes<\/strong>, imprescindibles a l&#8217;escola, acompanyen amb professionalitat i afecte per tal que cada infant i jove se senti capa\u00e7 en el seu dia a dia, i vagin superant reptes f\u00edsics guanyant confian\u00e7a en ells mateixos.<\/p>\n<p data-start=\"1555\" data-end=\"1792\">\ud83d\udde3\ufe0f <strong data-start=\"1559\" data-end=\"1583\">L&#8217;equip de logopedes<\/strong>, una pe\u00e7a clau de l&#8217;escola, fan possible que cada veu es faci sentir i tothom tingui les eines per comunicar-se i participar. Obren camins perqu\u00e8 cada paraula, gest o mirada trobi el seu lloc.<\/p>\n<p data-start=\"1794\" data-end=\"1972\">\ud83e\udd32 <strong data-start=\"1797\" data-end=\"1816\">L&#8217;equip CEEPSIR<\/strong> ha anat guanyant for\u00e7a en els darrers anys, un suport que arriba a les aules ordin\u00e0ries per fer realitat una escola inclusiva i oberta a tothom.<\/p>\n<p data-start=\"1974\" data-end=\"2215\">\u2699\ufe0f <strong data-start=\"1977\" data-end=\"1997\">L&#8217;Equip directiu<\/strong>; el motor que coordina, acompanya i impulsa el dia a dia de l&#8217;escola amb visi\u00f3, cor i comprom\u00eds. Vetlla perqu\u00e8 l&#8217;escola sigui un espai de confian\u00e7a, de qualitat i ple d&#8217;oportunitats per a tothom.<\/p>\n<p data-start=\"2217\" data-end=\"2439\">\ud83d\udece\ufe0f <strong data-start=\"2221\" data-end=\"2248\">Els serveis de l\u2019escola<\/strong>: el personal d\u2019administraci\u00f3 i secretaria, el menjador, la neteja i el manteniment. Gr\u00e0cies a ells, l\u2019escola funciona amb ritme i tots ens hi sentim acollits i cuidats.<\/p>\n<p data-start=\"2441\" data-end=\"2685\">Som un equip divers i comprom\u00e8s, per\u00f2 compartim un mateix objectiu \ud83c\udfaf: fer de l\u2019escola un espai viu, proper i de confian\u00e7a, on cada infant i cada fam\u00edlia us sentiu part imprescindible de la comunitat educativa<\/p>\n<p data-start=\"2441\" data-end=\"2685\">Us desitgem un molt bon inici de curs i estem encantats de caminar junts en aquest viatge! \ud83c\udf89<\/p>\n<p data-start=\"2441\" data-end=\"2685\"><a href=\"https:\/\/agora.xtec.cat\/escolajeronidemoragas\/wp-content\/uploads\/usu2509\/2025\/09\/20250905_124019.jpg\"><img loading=\"lazy\" decoding=\"async\" class=\"size-full wp-image-4408 aligncenter\" src=\"https:\/\/agora.xtec.cat\/escolajeronidemoragas\/wp-content\/uploads\/usu2509\/2025\/09\/20250905_124019.jpg\" alt=\"\" width=\"1024\" height=\"1024\" srcset=\"https:\/\/agora.xtec.cat\/escolajeronidemoragas\/wp-content\/uploads\/usu2509\/2025\/09\/20250905_124019.jpg 1024w, https:\/\/agora.xtec.cat\/escolajeronidemoragas\/wp-content\/uploads\/usu2509\/2025\/09\/20250905_124019-300x300.jpg 300w, https:\/\/agora.xtec.cat\/escolajeronidemoragas\/wp-content\/uploads\/usu2509\/2025\/09\/20250905_124019-150x150.jpg 150w, https:\/\/agora.xtec.cat\/escolajeronidemoragas\/wp-content\/uploads\/usu2509\/2025\/09\/20250905_124019-768x768.jpg 768w\" sizes=\"auto, (max-width: 1024px) 100vw, 1024px\" \/><\/a><\/p>\n","protected":false},"excerpt":{"rendered":"<p>Comencem un nou any amb molta il\u00b7lusi\u00f3 i ganes de compartir aprenentatges, experi\u00e8ncies i moments especials amb tots vosaltres. Una de les riqueses m\u00e9s grans de la nostra escola \u00e9s el seu equip hum\u00e0, i per aix\u00f2 volem presentar-vos de manera propera a tot el&hellip;  <a href=\"https:\/\/agora.xtec.cat\/escolajeronidemoragas\/general\/coneixeu-el-nostre-claustre%f0%9f%91%a9%f0%9f%8f%ab\/\" title=\"Read CONEIXEU EL NOSTRE CLAUSTRE?\ud83d\udc69\u200d\ud83c\udfeb\">Llegeix m\u00e9s\u00bb<\/a><\/p>\n","protected":false},"author":1,"featured_media":4408,"comment_status":"open","ping_status":"open","sticky":false,"template":"","format":"standard","meta":{"_bbp_topic_count":0,"_bbp_reply_count":0,"_bbp_total_topic_count":0,"_bbp_total_reply_count":0,"_bbp_voice_count":0,"_bbp_anonymous_reply_count":0,"_bbp_topic_count_hidden":0,"_bbp_reply_count_hidden":0,"_bbp_forum_subforum_count":0,"footnotes":""},"categories":[10,11,12,13,14,15,87,83,1,2,4,85,79,84],"tags":[],"class_list":["post-4405","post","type-post","status-publish","format-standard","has-post-thumbnail","hentry","category-1r","category-2n","category-3r","category-4t","category-5e","category-6e","category-curs-2025-26","category-eso","category-general","category-infantil-i-primaria","category-portada","category-sensorial","category-setembre","category-tva"],"post_mailing_queue_ids":[],"_links":{"self":[{"href":"https:\/\/agora.xtec.cat\/escolajeronidemoragas\/wp-json\/wp\/v2\/posts\/4405","targetHints":{"allow":["GET"]}}],"collection":[{"href":"https:\/\/agora.xtec.cat\/escolajeronidemoragas\/wp-json\/wp\/v2\/posts"}],"about":[{"href":"https:\/\/agora.xtec.cat\/escolajeronidemoragas\/wp-json\/wp\/v2\/types\/post"}],"author":[{"embeddable":true,"href":"https:\/\/agora.xtec.cat\/escolajeronidemoragas\/wp-json\/wp\/v2\/users\/1"}],"replies":[{"embeddable":true,"href":"https:\/\/agora.xtec.cat\/escolajeronidemoragas\/wp-json\/wp\/v2\/comments?post=4405"}],"version-history":[{"count":3,"href":"https:\/\/agora.xtec.cat\/escolajeronidemoragas\/wp-json\/wp\/v2\/posts\/4405\/revisions"}],"predecessor-version":[{"id":4409,"href":"https:\/\/agora.xtec.cat\/escolajeronidemoragas\/wp-json\/wp\/v2\/posts\/4405\/revisions\/4409"}],"wp:featuredmedia":[{"embeddable":true,"href":"https:\/\/agora.xtec.cat\/escolajeronidemoragas\/wp-json\/wp\/v2\/media\/4408"}],"wp:attachment":[{"href":"https:\/\/agora.xtec.cat\/escolajeronidemoragas\/wp-json\/wp\/v2\/media?parent=4405"}],"wp:term":[{"taxonomy":"category","embeddable":true,"href":"https:\/\/agora.xtec.cat\/escolajeronidemoragas\/wp-json\/wp\/v2\/categories?post=4405"},{"taxonomy":"post_tag","embeddable":true,"href":"https:\/\/agora.xtec.cat\/escolajeronidemoragas\/wp-json\/wp\/v2\/tags?post=4405"}],"curies":[{"name":"wp","href":"https:\/\/api.w.org\/{rel}","templated":true}]}}