{"id":4391,"date":"2025-09-09T11:23:47","date_gmt":"2025-09-09T09:23:47","guid":{"rendered":"https:\/\/agora.xtec.cat\/escolajeronidemoragas\/?p=4391"},"modified":"2025-09-09T11:23:47","modified_gmt":"2025-09-09T09:23:47","slug":"%f0%9f%9a%80el-primer-dia-dun-nou-cami-%f0%9f%93%9a","status":"publish","type":"post","link":"https:\/\/agora.xtec.cat\/escolajeronidemoragas\/general\/%f0%9f%9a%80el-primer-dia-dun-nou-cami-%f0%9f%93%9a\/","title":{"rendered":"\ud83d\ude80EL PRIMER DIA D&#8217;UN NOU CAM\u00cd \ud83d\udcda"},"content":{"rendered":"<p data-start=\"243\" data-end=\"575\">Ahir vam viure un dia molt especial; <strong>el primer dia de curs<\/strong> amb tots l&#8217;alumnat i mestres. Un dia ple de retrobades, abra\u00e7ades, emocions i molta energia. Cada infant i jove va viure aquest inici de manera \u00fanica i especial, amb la il\u00b7lusi\u00f3 de retrobar-se amb amics i mestres i amb la curiositat davant dels nous reptes que vindran\ud83d\udc9b.<\/p>\n<p data-start=\"577\" data-end=\"880\">Per a alguns alumnes aquest inici ha suposat un canvi important; un canvi d\u2019etapa, de classe, de companys o de referents. Sabem que aquests moments poden generar incertesa, per\u00f2 tamb\u00e9 obren la porta a noves aventures, experi\u00e8ncies i aprenentatges que ajudaran a cr\u00e9ixer i a descobrir noves capacitats.<\/p>\n<p data-start=\"882\" data-end=\"1227\">Aquest nou curs volem que sigui un cam\u00ed compartit. L\u2019escola \u00e9s un espai de vida, i la nostra for\u00e7a \u00e9s la implicaci\u00f3 i la participaci\u00f3 de tota la comunitat educativa: alumnes, fam\u00edlies i professionals. Us convidem a ser part activa d\u2019aquest viatge, a acompanyar-nos i gaudir de totes les activitats i esdeveniments que viurem al llarg del curs\ud83c\udf1f.<\/p>\n<p data-start=\"1229\" data-end=\"1332\">\ud83d\udcc5Aprofitem per adjuntar el <strong data-start=\"1248\" data-end=\"1283\">calendari escolar d\u2019aquest curs: <a href=\"https:\/\/agora.xtec.cat\/escolajeronidemoragas\/wp-content\/uploads\/usu2509\/2025\/09\/calendari-ESCOLA-curs-2025-26.pdf\">calendari ESCOLA curs 2025-26<\/a><\/strong><\/p>\n<p data-start=\"1334\" data-end=\"1448\">Estem conven\u00e7uts que junts farem d\u2019aquest curs una etapa plena d\u2019aprenentatges, emocions i moments inoblidables!!!<\/p>\n<p><a href=\"https:\/\/agora.xtec.cat\/escolajeronidemoragas\/wp-content\/uploads\/usu2509\/2025\/09\/calendari-ESCOLA-curs-2025-26_page-0001.jpg\"><img loading=\"lazy\" decoding=\"async\" class=\" wp-image-4394 aligncenter\" src=\"https:\/\/agora.xtec.cat\/escolajeronidemoragas\/wp-content\/uploads\/usu2509\/2025\/09\/calendari-ESCOLA-curs-2025-26_page-0001-724x1024.jpg\" alt=\"\" width=\"656\" height=\"928\" srcset=\"https:\/\/agora.xtec.cat\/escolajeronidemoragas\/wp-content\/uploads\/usu2509\/2025\/09\/calendari-ESCOLA-curs-2025-26_page-0001-724x1024.jpg 724w, https:\/\/agora.xtec.cat\/escolajeronidemoragas\/wp-content\/uploads\/usu2509\/2025\/09\/calendari-ESCOLA-curs-2025-26_page-0001-212x300.jpg 212w, https:\/\/agora.xtec.cat\/escolajeronidemoragas\/wp-content\/uploads\/usu2509\/2025\/09\/calendari-ESCOLA-curs-2025-26_page-0001-768x1087.jpg 768w, https:\/\/agora.xtec.cat\/escolajeronidemoragas\/wp-content\/uploads\/usu2509\/2025\/09\/calendari-ESCOLA-curs-2025-26_page-0001-1085x1536.jpg 1085w, https:\/\/agora.xtec.cat\/escolajeronidemoragas\/wp-content\/uploads\/usu2509\/2025\/09\/calendari-ESCOLA-curs-2025-26_page-0001.jpg 1240w\" sizes=\"auto, (max-width: 656px) 100vw, 656px\" \/><\/a><\/p>\n","protected":false},"excerpt":{"rendered":"<p>Ahir vam viure un dia molt especial; el primer dia de curs amb tots l&#8217;alumnat i mestres. Un dia ple de retrobades, abra\u00e7ades, emocions i molta energia. Cada infant i jove va viure aquest inici de manera \u00fanica i especial, amb la il\u00b7lusi\u00f3 de retrobar-se&hellip;  <a href=\"https:\/\/agora.xtec.cat\/escolajeronidemoragas\/general\/%f0%9f%9a%80el-primer-dia-dun-nou-cami-%f0%9f%93%9a\/\" title=\"Read \ud83d\ude80EL PRIMER DIA D&#8217;UN NOU CAM\u00cd \ud83d\udcda\">Llegeix m\u00e9s\u00bb<\/a><\/p>\n","protected":false},"author":1,"featured_media":4394,"comment_status":"open","ping_status":"open","sticky":false,"template":"","format":"standard","meta":{"_bbp_topic_count":0,"_bbp_reply_count":0,"_bbp_total_topic_count":0,"_bbp_total_reply_count":0,"_bbp_voice_count":0,"_bbp_anonymous_reply_count":0,"_bbp_topic_count_hidden":0,"_bbp_reply_count_hidden":0,"_bbp_forum_subforum_count":0,"footnotes":""},"categories":[10,11,12,13,14,15,7,87,83,1,2,4,85,79,84],"tags":[],"class_list":["post-4391","post","type-post","status-publish","format-standard","has-post-thumbnail","hentry","category-1r","category-2n","category-3r","category-4t","category-5e","category-6e","category-ampa","category-curs-2025-26","category-eso","category-general","category-infantil-i-primaria","category-portada","category-sensorial","category-setembre","category-tva"],"post_mailing_queue_ids":[],"_links":{"self":[{"href":"https:\/\/agora.xtec.cat\/escolajeronidemoragas\/wp-json\/wp\/v2\/posts\/4391","targetHints":{"allow":["GET"]}}],"collection":[{"href":"https:\/\/agora.xtec.cat\/escolajeronidemoragas\/wp-json\/wp\/v2\/posts"}],"about":[{"href":"https:\/\/agora.xtec.cat\/escolajeronidemoragas\/wp-json\/wp\/v2\/types\/post"}],"author":[{"embeddable":true,"href":"https:\/\/agora.xtec.cat\/escolajeronidemoragas\/wp-json\/wp\/v2\/users\/1"}],"replies":[{"embeddable":true,"href":"https:\/\/agora.xtec.cat\/escolajeronidemoragas\/wp-json\/wp\/v2\/comments?post=4391"}],"version-history":[{"count":1,"href":"https:\/\/agora.xtec.cat\/escolajeronidemoragas\/wp-json\/wp\/v2\/posts\/4391\/revisions"}],"predecessor-version":[{"id":4395,"href":"https:\/\/agora.xtec.cat\/escolajeronidemoragas\/wp-json\/wp\/v2\/posts\/4391\/revisions\/4395"}],"wp:featuredmedia":[{"embeddable":true,"href":"https:\/\/agora.xtec.cat\/escolajeronidemoragas\/wp-json\/wp\/v2\/media\/4394"}],"wp:attachment":[{"href":"https:\/\/agora.xtec.cat\/escolajeronidemoragas\/wp-json\/wp\/v2\/media?parent=4391"}],"wp:term":[{"taxonomy":"category","embeddable":true,"href":"https:\/\/agora.xtec.cat\/escolajeronidemoragas\/wp-json\/wp\/v2\/categories?post=4391"},{"taxonomy":"post_tag","embeddable":true,"href":"https:\/\/agora.xtec.cat\/escolajeronidemoragas\/wp-json\/wp\/v2\/tags?post=4391"}],"curies":[{"name":"wp","href":"https:\/\/api.w.org\/{rel}","templated":true}]}}