{"id":4361,"date":"2025-07-18T18:20:52","date_gmt":"2025-07-18T16:20:52","guid":{"rendered":"https:\/\/agora.xtec.cat\/escolajeronidemoragas\/?p=4361"},"modified":"2025-07-18T18:20:52","modified_gmt":"2025-07-18T16:20:52","slug":"%f0%9f%8e%89-final-del-casal-destiu-2025-%f0%9f%8e%89","status":"publish","type":"post","link":"https:\/\/agora.xtec.cat\/escolajeronidemoragas\/general\/%f0%9f%8e%89-final-del-casal-destiu-2025-%f0%9f%8e%89\/","title":{"rendered":"\ud83c\udf89 FINAL DEL CASAL D&#8217;ESTIU 2025 \ud83c\udf89"},"content":{"rendered":"<p data-start=\"205\" data-end=\"423\">Ja ha arribat el final del casal d\u2019estiu \u2600\ufe0f, i des de l\u2019Escola Jeroni de Moragas volem compartir tot all\u00f2 que han viscut els alumnes durant aquestes darreres setmanes plenes d\u2019activitats, descobertes i bons moments \ud83c\udf08.<\/p>\n<p data-start=\"425\" data-end=\"665\">Enguany, el casal ha girat al voltant de l&#8217;eix tem\u00e0tic dels<strong data-start=\"495\" data-end=\"517\">\u00a0pa\u00efsos del m\u00f3n<\/strong> \ud83c\udf0d. Un recorregut simb\u00f2lic que ha perm\u00e8s con\u00e8ixer cultures diferents a trav\u00e9s del joc, la cuina, la m\u00fasica i les sortides \ud83c\udfb6\ud83c\udf7d\ufe0f\u2708\ufe0f.<\/p>\n<p data-start=\"667\" data-end=\"1119\">La <strong data-start=\"670\" data-end=\"689\">primera setmana<\/strong>, els infants i joves van comen\u00e7ar per <strong data-start=\"733\" data-end=\"759\">con\u00e8ixer el propi pa\u00eds<\/strong>, endinsant-se en la cultura catalana i aprenent a ballar la <strong data-start=\"820\" data-end=\"831\">sardana<\/strong>. La <strong data-start=\"839\" data-end=\"857\">segona setmana<\/strong>, el viatge va continuar cap a <strong data-start=\"888\" data-end=\"898\">It\u00e0lia<\/strong>, amb una divertida sessi\u00f3 de cuina on van preparar i degustar <strong data-start=\"966\" data-end=\"976\">pizzes<\/strong> \ud83c\udf55. La <strong data-start=\"984\" data-end=\"1002\">tercera parada<\/strong> va ser <strong data-start=\"1010\" data-end=\"1020\">Fran\u00e7a<\/strong>, on es van convertir en petits pastissers tot elaborant uns <strong data-start=\"1086\" data-end=\"1100\">croissants<\/strong> \ud83e\udd50 ben deliciosos.<\/p>\n<p data-start=\"1121\" data-end=\"1573\">Les <strong data-start=\"1125\" data-end=\"1137\">sortides<\/strong> tamb\u00e9 han tingut un paper destacat \ud83d\ude8c. El <strong data-start=\"1180\" data-end=\"1200\">grup de Companys<\/strong> va gaudir d\u2019una experi\u00e8ncia amb <strong data-start=\"1264\" data-end=\"1275\">cavalls<\/strong> \ud83d\udc34, mentre que el <strong data-start=\"1295\" data-end=\"1310\">grup d\u2019ESO<\/strong> va fer una excursi\u00f3 a les impressionants <strong data-start=\"1353\" data-end=\"1371\">Coves del Toll<\/strong> \ud83d\uddfb. Tamb\u00e9 es van dur a terme diversos <strong data-start=\"1410\" data-end=\"1439\">tallers al M\u00f3n Sant Benet<\/strong>, com el conegut <strong data-start=\"1456\" data-end=\"1474\">\u201cFem cuinetes\u201d<\/strong> \ud83d\udc69\u200d\ud83c\udf73, on l&#8217;alumnat va poder experimentar amb sabors i textures de forma divertida i educativa.<\/p>\n<p data-start=\"1575\" data-end=\"1919\">El <strong>grup de TVA<\/strong>\u00a0ha col\u00b7laborat cada mat\u00ed <strong data-start=\"1693\" data-end=\"1752\">ajudant en els passejos dels alumnes<\/strong>\ud83e\uddd1\u200d\ud83e\uddbd. Aquesta activitat ha tingut un impacte molt positiu \ud83d\udc96, potenciant l\u2019<strong data-start=\"1829\" data-end=\"1842\">autonomia<\/strong>, el <strong data-start=\"1847\" data-end=\"1879\">sentit de la responsabilitat <\/strong>i l\u2019<strong data-start=\"1904\" data-end=\"1915\">empatia<\/strong> \ud83e\udef6.<\/p>\n<p data-start=\"1921\" data-end=\"2168\">Com no podia faltar en un casal d\u2019estiu, la <strong data-start=\"1965\" data-end=\"1976\">piscina<\/strong> \ud83c\udfca ha estat una de les activitats m\u00e9s esperades. Amb les altes temperatures d\u2019aquests dies, <strong data-start=\"2072\" data-end=\"2094\">una bona remullada<\/strong> ha estat el millor pla per refrescar-se i passar-s\u2019ho d\u2019all\u00f2 m\u00e9s b\u00e9 \ud83d\udca6!<\/p>\n<p data-start=\"2170\" data-end=\"2271\">Amb molta emoci\u00f3 i un bon grapat de records \ud83d\udcf8, el casal d\u2019estiu 2025 s\u2019acomiada fins l\u2019any vinent.<\/p>\n<p data-start=\"2273\" data-end=\"2547\"><strong data-start=\"2273\" data-end=\"2331\">L\u2019equip de l\u2019escola us desitja un molt bon estiu<\/strong> \ud83d\ude0e\ud83c\udf3b, uns mesos per omplir de bons records!<\/p>\n<p data-start=\"2273\" data-end=\"2547\"><strong data-start=\"2451\" data-end=\"2542\">Ens retrobem el setembre amb il\u00b7lusi\u00f3 i moltes ganes de comen\u00e7ar un nou curs plegats!<\/strong> \ud83d\udcda\ud83c\udf92<\/p>\n<p data-start=\"2273\" data-end=\"2547\">\n\n\t\t<style type=\"text\/css\">\n\t\t\t#gallery-1 {\n\t\t\t\tmargin: auto;\n\t\t\t}\n\t\t\t#gallery-1 .gallery-item {\n\t\t\t\tfloat: left;\n\t\t\t\tmargin-top: 10px;\n\t\t\t\ttext-align: center;\n\t\t\t\twidth: 33%;\n\t\t\t}\n\t\t\t#gallery-1 img {\n\t\t\t\tborder: 2px solid #cfcfcf;\n\t\t\t}\n\t\t\t#gallery-1 .gallery-caption {\n\t\t\t\tmargin-left: 0;\n\t\t\t}\n\t\t\t\/* see gallery_shortcode() in wp-includes\/media.php *\/\n\t\t<\/style>\n\t\t<div id='gallery-1' class='gallery galleryid-4361 gallery-columns-3 gallery-size-large'><dl class='gallery-item'>\n\t\t\t<dt class='gallery-icon portrait'>\n\t\t\t\t<a href='https:\/\/agora.xtec.cat\/escolajeronidemoragas\/general\/%f0%9f%8e%89-final-del-casal-destiu-2025-%f0%9f%8e%89\/attachment\/whatsapp-image-2025-07-14-at-18-52-05\/'><img loading=\"lazy\" decoding=\"async\" width=\"768\" height=\"1024\" src=\"https:\/\/agora.xtec.cat\/escolajeronidemoragas\/wp-content\/uploads\/usu2509\/2025\/07\/WhatsApp-Image-2025-07-14-at-18.52.05-768x1024.jpeg\" class=\"attachment-large size-large\" alt=\"\" srcset=\"https:\/\/agora.xtec.cat\/escolajeronidemoragas\/wp-content\/uploads\/usu2509\/2025\/07\/WhatsApp-Image-2025-07-14-at-18.52.05-768x1024.jpeg 768w, https:\/\/agora.xtec.cat\/escolajeronidemoragas\/wp-content\/uploads\/usu2509\/2025\/07\/WhatsApp-Image-2025-07-14-at-18.52.05-225x300.jpeg 225w, https:\/\/agora.xtec.cat\/escolajeronidemoragas\/wp-content\/uploads\/usu2509\/2025\/07\/WhatsApp-Image-2025-07-14-at-18.52.05-1152x1536.jpeg 1152w, https:\/\/agora.xtec.cat\/escolajeronidemoragas\/wp-content\/uploads\/usu2509\/2025\/07\/WhatsApp-Image-2025-07-14-at-18.52.05.jpeg 1200w\" sizes=\"auto, (max-width: 768px) 100vw, 768px\" \/><\/a>\n\t\t\t<\/dt><\/dl><dl class='gallery-item'>\n\t\t\t<dt class='gallery-icon portrait'>\n\t\t\t\t<a href='https:\/\/agora.xtec.cat\/escolajeronidemoragas\/general\/%f0%9f%8e%89-final-del-casal-destiu-2025-%f0%9f%8e%89\/attachment\/whatsapp-image-2025-07-14-at-18-52-05-6\/'><img loading=\"lazy\" decoding=\"async\" width=\"768\" height=\"1024\" src=\"https:\/\/agora.xtec.cat\/escolajeronidemoragas\/wp-content\/uploads\/usu2509\/2025\/07\/WhatsApp-Image-2025-07-14-at-18.52.05-6-768x1024.jpeg\" class=\"attachment-large size-large\" alt=\"\" srcset=\"https:\/\/agora.xtec.cat\/escolajeronidemoragas\/wp-content\/uploads\/usu2509\/2025\/07\/WhatsApp-Image-2025-07-14-at-18.52.05-6-768x1024.jpeg 768w, https:\/\/agora.xtec.cat\/escolajeronidemoragas\/wp-content\/uploads\/usu2509\/2025\/07\/WhatsApp-Image-2025-07-14-at-18.52.05-6-225x300.jpeg 225w, https:\/\/agora.xtec.cat\/escolajeronidemoragas\/wp-content\/uploads\/usu2509\/2025\/07\/WhatsApp-Image-2025-07-14-at-18.52.05-6-1152x1536.jpeg 1152w, https:\/\/agora.xtec.cat\/escolajeronidemoragas\/wp-content\/uploads\/usu2509\/2025\/07\/WhatsApp-Image-2025-07-14-at-18.52.05-6.jpeg 1536w\" sizes=\"auto, (max-width: 768px) 100vw, 768px\" \/><\/a>\n\t\t\t<\/dt><\/dl><dl class='gallery-item'>\n\t\t\t<dt class='gallery-icon landscape'>\n\t\t\t\t<a href='https:\/\/agora.xtec.cat\/escolajeronidemoragas\/general\/%f0%9f%8e%89-final-del-casal-destiu-2025-%f0%9f%8e%89\/attachment\/whatsapp-image-2025-07-15-at-12-41-20-1\/'><img loading=\"lazy\" decoding=\"async\" width=\"1024\" height=\"768\" src=\"https:\/\/agora.xtec.cat\/escolajeronidemoragas\/wp-content\/uploads\/usu2509\/2025\/07\/WhatsApp-Image-2025-07-15-at-12.41.20-1-1024x768.jpeg\" class=\"attachment-large size-large\" alt=\"\" srcset=\"https:\/\/agora.xtec.cat\/escolajeronidemoragas\/wp-content\/uploads\/usu2509\/2025\/07\/WhatsApp-Image-2025-07-15-at-12.41.20-1-1024x768.jpeg 1024w, https:\/\/agora.xtec.cat\/escolajeronidemoragas\/wp-content\/uploads\/usu2509\/2025\/07\/WhatsApp-Image-2025-07-15-at-12.41.20-1-300x225.jpeg 300w, https:\/\/agora.xtec.cat\/escolajeronidemoragas\/wp-content\/uploads\/usu2509\/2025\/07\/WhatsApp-Image-2025-07-15-at-12.41.20-1-768x576.jpeg 768w, https:\/\/agora.xtec.cat\/escolajeronidemoragas\/wp-content\/uploads\/usu2509\/2025\/07\/WhatsApp-Image-2025-07-15-at-12.41.20-1-1536x1152.jpeg 1536w, https:\/\/agora.xtec.cat\/escolajeronidemoragas\/wp-content\/uploads\/usu2509\/2025\/07\/WhatsApp-Image-2025-07-15-at-12.41.20-1-200x150.jpeg 200w, https:\/\/agora.xtec.cat\/escolajeronidemoragas\/wp-content\/uploads\/usu2509\/2025\/07\/WhatsApp-Image-2025-07-15-at-12.41.20-1.jpeg 1600w\" sizes=\"auto, (max-width: 1024px) 100vw, 1024px\" \/><\/a>\n\t\t\t<\/dt><\/dl><br style=\"clear: both\" \/><dl class='gallery-item'>\n\t\t\t<dt class='gallery-icon portrait'>\n\t\t\t\t<a href='https:\/\/agora.xtec.cat\/escolajeronidemoragas\/general\/%f0%9f%8e%89-final-del-casal-destiu-2025-%f0%9f%8e%89\/attachment\/whatsapp-image-2025-07-14-at-18-52-05-5\/'><img loading=\"lazy\" decoding=\"async\" width=\"768\" height=\"1024\" src=\"https:\/\/agora.xtec.cat\/escolajeronidemoragas\/wp-content\/uploads\/usu2509\/2025\/07\/WhatsApp-Image-2025-07-14-at-18.52.05-5-768x1024.jpeg\" class=\"attachment-large size-large\" alt=\"\" srcset=\"https:\/\/agora.xtec.cat\/escolajeronidemoragas\/wp-content\/uploads\/usu2509\/2025\/07\/WhatsApp-Image-2025-07-14-at-18.52.05-5-768x1024.jpeg 768w, https:\/\/agora.xtec.cat\/escolajeronidemoragas\/wp-content\/uploads\/usu2509\/2025\/07\/WhatsApp-Image-2025-07-14-at-18.52.05-5-225x300.jpeg 225w, https:\/\/agora.xtec.cat\/escolajeronidemoragas\/wp-content\/uploads\/usu2509\/2025\/07\/WhatsApp-Image-2025-07-14-at-18.52.05-5-1152x1536.jpeg 1152w, https:\/\/agora.xtec.cat\/escolajeronidemoragas\/wp-content\/uploads\/usu2509\/2025\/07\/WhatsApp-Image-2025-07-14-at-18.52.05-5.jpeg 1200w\" sizes=\"auto, (max-width: 768px) 100vw, 768px\" \/><\/a>\n\t\t\t<\/dt><\/dl><dl class='gallery-item'>\n\t\t\t<dt class='gallery-icon portrait'>\n\t\t\t\t<a href='https:\/\/agora.xtec.cat\/escolajeronidemoragas\/general\/%f0%9f%8e%89-final-del-casal-destiu-2025-%f0%9f%8e%89\/attachment\/whatsapp-image-2025-07-14-at-18-52-06-1\/'><img loading=\"lazy\" decoding=\"async\" width=\"768\" height=\"1024\" src=\"https:\/\/agora.xtec.cat\/escolajeronidemoragas\/wp-content\/uploads\/usu2509\/2025\/07\/WhatsApp-Image-2025-07-14-at-18.52.06-1-768x1024.jpeg\" class=\"attachment-large size-large\" alt=\"\" srcset=\"https:\/\/agora.xtec.cat\/escolajeronidemoragas\/wp-content\/uploads\/usu2509\/2025\/07\/WhatsApp-Image-2025-07-14-at-18.52.06-1-768x1024.jpeg 768w, https:\/\/agora.xtec.cat\/escolajeronidemoragas\/wp-content\/uploads\/usu2509\/2025\/07\/WhatsApp-Image-2025-07-14-at-18.52.06-1-225x300.jpeg 225w, https:\/\/agora.xtec.cat\/escolajeronidemoragas\/wp-content\/uploads\/usu2509\/2025\/07\/WhatsApp-Image-2025-07-14-at-18.52.06-1-1152x1536.jpeg 1152w, https:\/\/agora.xtec.cat\/escolajeronidemoragas\/wp-content\/uploads\/usu2509\/2025\/07\/WhatsApp-Image-2025-07-14-at-18.52.06-1.jpeg 1536w\" sizes=\"auto, (max-width: 768px) 100vw, 768px\" \/><\/a>\n\t\t\t<\/dt><\/dl><dl class='gallery-item'>\n\t\t\t<dt class='gallery-icon portrait'>\n\t\t\t\t<a href='https:\/\/agora.xtec.cat\/escolajeronidemoragas\/general\/%f0%9f%8e%89-final-del-casal-destiu-2025-%f0%9f%8e%89\/attachment\/whatsapp-image-2025-07-14-at-18-52-06-4\/'><img loading=\"lazy\" decoding=\"async\" width=\"768\" height=\"1024\" src=\"https:\/\/agora.xtec.cat\/escolajeronidemoragas\/wp-content\/uploads\/usu2509\/2025\/07\/WhatsApp-Image-2025-07-14-at-18.52.06-4-768x1024.jpeg\" class=\"attachment-large size-large\" alt=\"\" srcset=\"https:\/\/agora.xtec.cat\/escolajeronidemoragas\/wp-content\/uploads\/usu2509\/2025\/07\/WhatsApp-Image-2025-07-14-at-18.52.06-4-768x1024.jpeg 768w, https:\/\/agora.xtec.cat\/escolajeronidemoragas\/wp-content\/uploads\/usu2509\/2025\/07\/WhatsApp-Image-2025-07-14-at-18.52.06-4-225x300.jpeg 225w, https:\/\/agora.xtec.cat\/escolajeronidemoragas\/wp-content\/uploads\/usu2509\/2025\/07\/WhatsApp-Image-2025-07-14-at-18.52.06-4-1152x1536.jpeg 1152w, https:\/\/agora.xtec.cat\/escolajeronidemoragas\/wp-content\/uploads\/usu2509\/2025\/07\/WhatsApp-Image-2025-07-14-at-18.52.06-4.jpeg 1536w\" sizes=\"auto, (max-width: 768px) 100vw, 768px\" \/><\/a>\n\t\t\t<\/dt><\/dl><br style=\"clear: both\" \/><dl class='gallery-item'>\n\t\t\t<dt class='gallery-icon portrait'>\n\t\t\t\t<a href='https:\/\/agora.xtec.cat\/escolajeronidemoragas\/general\/%f0%9f%8e%89-final-del-casal-destiu-2025-%f0%9f%8e%89\/attachment\/whatsapp-image-2025-07-14-at-18-52-05-4\/'><img loading=\"lazy\" decoding=\"async\" width=\"768\" height=\"1024\" src=\"https:\/\/agora.xtec.cat\/escolajeronidemoragas\/wp-content\/uploads\/usu2509\/2025\/07\/WhatsApp-Image-2025-07-14-at-18.52.05-4-768x1024.jpeg\" class=\"attachment-large size-large\" alt=\"\" srcset=\"https:\/\/agora.xtec.cat\/escolajeronidemoragas\/wp-content\/uploads\/usu2509\/2025\/07\/WhatsApp-Image-2025-07-14-at-18.52.05-4-768x1024.jpeg 768w, https:\/\/agora.xtec.cat\/escolajeronidemoragas\/wp-content\/uploads\/usu2509\/2025\/07\/WhatsApp-Image-2025-07-14-at-18.52.05-4-225x300.jpeg 225w, https:\/\/agora.xtec.cat\/escolajeronidemoragas\/wp-content\/uploads\/usu2509\/2025\/07\/WhatsApp-Image-2025-07-14-at-18.52.05-4-1152x1536.jpeg 1152w, https:\/\/agora.xtec.cat\/escolajeronidemoragas\/wp-content\/uploads\/usu2509\/2025\/07\/WhatsApp-Image-2025-07-14-at-18.52.05-4.jpeg 1200w\" sizes=\"auto, (max-width: 768px) 100vw, 768px\" \/><\/a>\n\t\t\t<\/dt><\/dl><dl class='gallery-item'>\n\t\t\t<dt class='gallery-icon portrait'>\n\t\t\t\t<a href='https:\/\/agora.xtec.cat\/escolajeronidemoragas\/general\/%f0%9f%8e%89-final-del-casal-destiu-2025-%f0%9f%8e%89\/attachment\/whatsapp-image-2025-07-14-at-18-52-04\/'><img loading=\"lazy\" decoding=\"async\" width=\"768\" height=\"1024\" src=\"https:\/\/agora.xtec.cat\/escolajeronidemoragas\/wp-content\/uploads\/usu2509\/2025\/07\/WhatsApp-Image-2025-07-14-at-18.52.04-768x1024.jpeg\" class=\"attachment-large size-large\" alt=\"\" srcset=\"https:\/\/agora.xtec.cat\/escolajeronidemoragas\/wp-content\/uploads\/usu2509\/2025\/07\/WhatsApp-Image-2025-07-14-at-18.52.04-768x1024.jpeg 768w, https:\/\/agora.xtec.cat\/escolajeronidemoragas\/wp-content\/uploads\/usu2509\/2025\/07\/WhatsApp-Image-2025-07-14-at-18.52.04-225x300.jpeg 225w, https:\/\/agora.xtec.cat\/escolajeronidemoragas\/wp-content\/uploads\/usu2509\/2025\/07\/WhatsApp-Image-2025-07-14-at-18.52.04-1152x1536.jpeg 1152w, https:\/\/agora.xtec.cat\/escolajeronidemoragas\/wp-content\/uploads\/usu2509\/2025\/07\/WhatsApp-Image-2025-07-14-at-18.52.04.jpeg 1200w\" sizes=\"auto, (max-width: 768px) 100vw, 768px\" \/><\/a>\n\t\t\t<\/dt><\/dl><dl class='gallery-item'>\n\t\t\t<dt class='gallery-icon portrait'>\n\t\t\t\t<a href='https:\/\/agora.xtec.cat\/escolajeronidemoragas\/general\/%f0%9f%8e%89-final-del-casal-destiu-2025-%f0%9f%8e%89\/attachment\/whatsapp-image-2025-07-14-at-18-52-06\/'><img loading=\"lazy\" decoding=\"async\" width=\"768\" height=\"1024\" src=\"https:\/\/agora.xtec.cat\/escolajeronidemoragas\/wp-content\/uploads\/usu2509\/2025\/07\/WhatsApp-Image-2025-07-14-at-18.52.06-768x1024.jpeg\" class=\"attachment-large size-large\" alt=\"\" srcset=\"https:\/\/agora.xtec.cat\/escolajeronidemoragas\/wp-content\/uploads\/usu2509\/2025\/07\/WhatsApp-Image-2025-07-14-at-18.52.06-768x1024.jpeg 768w, https:\/\/agora.xtec.cat\/escolajeronidemoragas\/wp-content\/uploads\/usu2509\/2025\/07\/WhatsApp-Image-2025-07-14-at-18.52.06-225x300.jpeg 225w, https:\/\/agora.xtec.cat\/escolajeronidemoragas\/wp-content\/uploads\/usu2509\/2025\/07\/WhatsApp-Image-2025-07-14-at-18.52.06-1152x1536.jpeg 1152w, https:\/\/agora.xtec.cat\/escolajeronidemoragas\/wp-content\/uploads\/usu2509\/2025\/07\/WhatsApp-Image-2025-07-14-at-18.52.06.jpeg 1536w\" sizes=\"auto, (max-width: 768px) 100vw, 768px\" \/><\/a>\n\t\t\t<\/dt><\/dl><br style=\"clear: both\" \/><dl class='gallery-item'>\n\t\t\t<dt class='gallery-icon portrait'>\n\t\t\t\t<a href='https:\/\/agora.xtec.cat\/escolajeronidemoragas\/general\/%f0%9f%8e%89-final-del-casal-destiu-2025-%f0%9f%8e%89\/attachment\/whatsapp-image-2025-07-15-at-12-41-20\/'><img loading=\"lazy\" decoding=\"async\" width=\"768\" height=\"1024\" src=\"https:\/\/agora.xtec.cat\/escolajeronidemoragas\/wp-content\/uploads\/usu2509\/2025\/07\/WhatsApp-Image-2025-07-15-at-12.41.20-768x1024.jpeg\" class=\"attachment-large size-large\" alt=\"\" srcset=\"https:\/\/agora.xtec.cat\/escolajeronidemoragas\/wp-content\/uploads\/usu2509\/2025\/07\/WhatsApp-Image-2025-07-15-at-12.41.20-768x1024.jpeg 768w, https:\/\/agora.xtec.cat\/escolajeronidemoragas\/wp-content\/uploads\/usu2509\/2025\/07\/WhatsApp-Image-2025-07-15-at-12.41.20-225x300.jpeg 225w, https:\/\/agora.xtec.cat\/escolajeronidemoragas\/wp-content\/uploads\/usu2509\/2025\/07\/WhatsApp-Image-2025-07-15-at-12.41.20-1152x1536.jpeg 1152w, https:\/\/agora.xtec.cat\/escolajeronidemoragas\/wp-content\/uploads\/usu2509\/2025\/07\/WhatsApp-Image-2025-07-15-at-12.41.20.jpeg 1200w\" sizes=\"auto, (max-width: 768px) 100vw, 768px\" \/><\/a>\n\t\t\t<\/dt><\/dl><dl class='gallery-item'>\n\t\t\t<dt class='gallery-icon landscape'>\n\t\t\t\t<a href='https:\/\/agora.xtec.cat\/escolajeronidemoragas\/general\/%f0%9f%8e%89-final-del-casal-destiu-2025-%f0%9f%8e%89\/attachment\/whatsapp-image-2025-07-15-at-12-41-20-2\/'><img loading=\"lazy\" decoding=\"async\" width=\"1024\" height=\"768\" src=\"https:\/\/agora.xtec.cat\/escolajeronidemoragas\/wp-content\/uploads\/usu2509\/2025\/07\/WhatsApp-Image-2025-07-15-at-12.41.20-2-1024x768.jpeg\" class=\"attachment-large size-large\" alt=\"\" srcset=\"https:\/\/agora.xtec.cat\/escolajeronidemoragas\/wp-content\/uploads\/usu2509\/2025\/07\/WhatsApp-Image-2025-07-15-at-12.41.20-2-1024x768.jpeg 1024w, https:\/\/agora.xtec.cat\/escolajeronidemoragas\/wp-content\/uploads\/usu2509\/2025\/07\/WhatsApp-Image-2025-07-15-at-12.41.20-2-300x225.jpeg 300w, https:\/\/agora.xtec.cat\/escolajeronidemoragas\/wp-content\/uploads\/usu2509\/2025\/07\/WhatsApp-Image-2025-07-15-at-12.41.20-2-768x576.jpeg 768w, https:\/\/agora.xtec.cat\/escolajeronidemoragas\/wp-content\/uploads\/usu2509\/2025\/07\/WhatsApp-Image-2025-07-15-at-12.41.20-2-1536x1152.jpeg 1536w, https:\/\/agora.xtec.cat\/escolajeronidemoragas\/wp-content\/uploads\/usu2509\/2025\/07\/WhatsApp-Image-2025-07-15-at-12.41.20-2-200x150.jpeg 200w, https:\/\/agora.xtec.cat\/escolajeronidemoragas\/wp-content\/uploads\/usu2509\/2025\/07\/WhatsApp-Image-2025-07-15-at-12.41.20-2.jpeg 1600w\" sizes=\"auto, (max-width: 1024px) 100vw, 1024px\" \/><\/a>\n\t\t\t<\/dt><\/dl><dl class='gallery-item'>\n\t\t\t<dt class='gallery-icon landscape'>\n\t\t\t\t<a href='https:\/\/agora.xtec.cat\/escolajeronidemoragas\/general\/%f0%9f%8e%89-final-del-casal-destiu-2025-%f0%9f%8e%89\/attachment\/whatsapp-image-2025-07-14-at-18-52-06-5\/'><img loading=\"lazy\" decoding=\"async\" width=\"1024\" height=\"768\" src=\"https:\/\/agora.xtec.cat\/escolajeronidemoragas\/wp-content\/uploads\/usu2509\/2025\/07\/WhatsApp-Image-2025-07-14-at-18.52.06-5-1024x768.jpeg\" class=\"attachment-large size-large\" alt=\"\" srcset=\"https:\/\/agora.xtec.cat\/escolajeronidemoragas\/wp-content\/uploads\/usu2509\/2025\/07\/WhatsApp-Image-2025-07-14-at-18.52.06-5-1024x768.jpeg 1024w, https:\/\/agora.xtec.cat\/escolajeronidemoragas\/wp-content\/uploads\/usu2509\/2025\/07\/WhatsApp-Image-2025-07-14-at-18.52.06-5-300x225.jpeg 300w, https:\/\/agora.xtec.cat\/escolajeronidemoragas\/wp-content\/uploads\/usu2509\/2025\/07\/WhatsApp-Image-2025-07-14-at-18.52.06-5-768x576.jpeg 768w, https:\/\/agora.xtec.cat\/escolajeronidemoragas\/wp-content\/uploads\/usu2509\/2025\/07\/WhatsApp-Image-2025-07-14-at-18.52.06-5-1536x1152.jpeg 1536w, https:\/\/agora.xtec.cat\/escolajeronidemoragas\/wp-content\/uploads\/usu2509\/2025\/07\/WhatsApp-Image-2025-07-14-at-18.52.06-5-200x150.jpeg 200w, https:\/\/agora.xtec.cat\/escolajeronidemoragas\/wp-content\/uploads\/usu2509\/2025\/07\/WhatsApp-Image-2025-07-14-at-18.52.06-5.jpeg 1600w\" sizes=\"auto, (max-width: 1024px) 100vw, 1024px\" \/><\/a>\n\t\t\t<\/dt><\/dl><br style=\"clear: both\" \/><dl class='gallery-item'>\n\t\t\t<dt class='gallery-icon portrait'>\n\t\t\t\t<a href='https:\/\/agora.xtec.cat\/escolajeronidemoragas\/general\/%f0%9f%8e%89-final-del-casal-destiu-2025-%f0%9f%8e%89\/attachment\/whatsapp-image-2025-07-14-at-18-52-06-2\/'><img loading=\"lazy\" decoding=\"async\" width=\"768\" height=\"1024\" src=\"https:\/\/agora.xtec.cat\/escolajeronidemoragas\/wp-content\/uploads\/usu2509\/2025\/07\/WhatsApp-Image-2025-07-14-at-18.52.06-2-768x1024.jpeg\" class=\"attachment-large size-large\" alt=\"\" srcset=\"https:\/\/agora.xtec.cat\/escolajeronidemoragas\/wp-content\/uploads\/usu2509\/2025\/07\/WhatsApp-Image-2025-07-14-at-18.52.06-2-768x1024.jpeg 768w, https:\/\/agora.xtec.cat\/escolajeronidemoragas\/wp-content\/uploads\/usu2509\/2025\/07\/WhatsApp-Image-2025-07-14-at-18.52.06-2-225x300.jpeg 225w, https:\/\/agora.xtec.cat\/escolajeronidemoragas\/wp-content\/uploads\/usu2509\/2025\/07\/WhatsApp-Image-2025-07-14-at-18.52.06-2-1152x1536.jpeg 1152w, https:\/\/agora.xtec.cat\/escolajeronidemoragas\/wp-content\/uploads\/usu2509\/2025\/07\/WhatsApp-Image-2025-07-14-at-18.52.06-2.jpeg 1536w\" sizes=\"auto, (max-width: 768px) 100vw, 768px\" \/><\/a>\n\t\t\t<\/dt><\/dl><dl class='gallery-item'>\n\t\t\t<dt class='gallery-icon portrait'>\n\t\t\t\t<a href='https:\/\/agora.xtec.cat\/escolajeronidemoragas\/general\/%f0%9f%8e%89-final-del-casal-destiu-2025-%f0%9f%8e%89\/attachment\/whatsapp-image-2025-07-14-at-18-52-05-3\/'><img loading=\"lazy\" decoding=\"async\" width=\"768\" height=\"1024\" src=\"https:\/\/agora.xtec.cat\/escolajeronidemoragas\/wp-content\/uploads\/usu2509\/2025\/07\/WhatsApp-Image-2025-07-14-at-18.52.05-3-768x1024.jpeg\" class=\"attachment-large size-large\" alt=\"\" srcset=\"https:\/\/agora.xtec.cat\/escolajeronidemoragas\/wp-content\/uploads\/usu2509\/2025\/07\/WhatsApp-Image-2025-07-14-at-18.52.05-3-768x1024.jpeg 768w, https:\/\/agora.xtec.cat\/escolajeronidemoragas\/wp-content\/uploads\/usu2509\/2025\/07\/WhatsApp-Image-2025-07-14-at-18.52.05-3-225x300.jpeg 225w, https:\/\/agora.xtec.cat\/escolajeronidemoragas\/wp-content\/uploads\/usu2509\/2025\/07\/WhatsApp-Image-2025-07-14-at-18.52.05-3-1152x1536.jpeg 1152w, https:\/\/agora.xtec.cat\/escolajeronidemoragas\/wp-content\/uploads\/usu2509\/2025\/07\/WhatsApp-Image-2025-07-14-at-18.52.05-3.jpeg 1200w\" sizes=\"auto, (max-width: 768px) 100vw, 768px\" \/><\/a>\n\t\t\t<\/dt><\/dl><dl class='gallery-item'>\n\t\t\t<dt class='gallery-icon portrait'>\n\t\t\t\t<a href='https:\/\/agora.xtec.cat\/escolajeronidemoragas\/general\/%f0%9f%8e%89-final-del-casal-destiu-2025-%f0%9f%8e%89\/attachment\/whatsapp-image-2025-07-14-at-18-52-05-1\/'><img loading=\"lazy\" decoding=\"async\" width=\"768\" height=\"1024\" src=\"https:\/\/agora.xtec.cat\/escolajeronidemoragas\/wp-content\/uploads\/usu2509\/2025\/07\/WhatsApp-Image-2025-07-14-at-18.52.05-1-768x1024.jpeg\" class=\"attachment-large size-large\" alt=\"\" srcset=\"https:\/\/agora.xtec.cat\/escolajeronidemoragas\/wp-content\/uploads\/usu2509\/2025\/07\/WhatsApp-Image-2025-07-14-at-18.52.05-1-768x1024.jpeg 768w, https:\/\/agora.xtec.cat\/escolajeronidemoragas\/wp-content\/uploads\/usu2509\/2025\/07\/WhatsApp-Image-2025-07-14-at-18.52.05-1-225x300.jpeg 225w, https:\/\/agora.xtec.cat\/escolajeronidemoragas\/wp-content\/uploads\/usu2509\/2025\/07\/WhatsApp-Image-2025-07-14-at-18.52.05-1-1152x1536.jpeg 1152w, https:\/\/agora.xtec.cat\/escolajeronidemoragas\/wp-content\/uploads\/usu2509\/2025\/07\/WhatsApp-Image-2025-07-14-at-18.52.05-1.jpeg 1200w\" sizes=\"auto, (max-width: 768px) 100vw, 768px\" \/><\/a>\n\t\t\t<\/dt><\/dl><br style=\"clear: both\" \/><dl class='gallery-item'>\n\t\t\t<dt class='gallery-icon portrait'>\n\t\t\t\t<a href='https:\/\/agora.xtec.cat\/escolajeronidemoragas\/general\/%f0%9f%8e%89-final-del-casal-destiu-2025-%f0%9f%8e%89\/attachment\/whatsapp-image-2025-07-14-at-18-52-05-2\/'><img loading=\"lazy\" decoding=\"async\" width=\"768\" height=\"1024\" src=\"https:\/\/agora.xtec.cat\/escolajeronidemoragas\/wp-content\/uploads\/usu2509\/2025\/07\/WhatsApp-Image-2025-07-14-at-18.52.05-2-768x1024.jpeg\" class=\"attachment-large size-large\" alt=\"\" srcset=\"https:\/\/agora.xtec.cat\/escolajeronidemoragas\/wp-content\/uploads\/usu2509\/2025\/07\/WhatsApp-Image-2025-07-14-at-18.52.05-2-768x1024.jpeg 768w, https:\/\/agora.xtec.cat\/escolajeronidemoragas\/wp-content\/uploads\/usu2509\/2025\/07\/WhatsApp-Image-2025-07-14-at-18.52.05-2-225x300.jpeg 225w, https:\/\/agora.xtec.cat\/escolajeronidemoragas\/wp-content\/uploads\/usu2509\/2025\/07\/WhatsApp-Image-2025-07-14-at-18.52.05-2-1152x1536.jpeg 1152w, https:\/\/agora.xtec.cat\/escolajeronidemoragas\/wp-content\/uploads\/usu2509\/2025\/07\/WhatsApp-Image-2025-07-14-at-18.52.05-2.jpeg 1200w\" sizes=\"auto, (max-width: 768px) 100vw, 768px\" \/><\/a>\n\t\t\t<\/dt><\/dl><dl class='gallery-item'>\n\t\t\t<dt class='gallery-icon portrait'>\n\t\t\t\t<a href='https:\/\/agora.xtec.cat\/escolajeronidemoragas\/general\/%f0%9f%8e%89-final-del-casal-destiu-2025-%f0%9f%8e%89\/attachment\/whatsapp-image-2025-07-14-at-18-52-06-3\/'><img loading=\"lazy\" decoding=\"async\" width=\"768\" height=\"1024\" src=\"https:\/\/agora.xtec.cat\/escolajeronidemoragas\/wp-content\/uploads\/usu2509\/2025\/07\/WhatsApp-Image-2025-07-14-at-18.52.06-3-768x1024.jpeg\" class=\"attachment-large size-large\" alt=\"\" srcset=\"https:\/\/agora.xtec.cat\/escolajeronidemoragas\/wp-content\/uploads\/usu2509\/2025\/07\/WhatsApp-Image-2025-07-14-at-18.52.06-3-768x1024.jpeg 768w, https:\/\/agora.xtec.cat\/escolajeronidemoragas\/wp-content\/uploads\/usu2509\/2025\/07\/WhatsApp-Image-2025-07-14-at-18.52.06-3-225x300.jpeg 225w, https:\/\/agora.xtec.cat\/escolajeronidemoragas\/wp-content\/uploads\/usu2509\/2025\/07\/WhatsApp-Image-2025-07-14-at-18.52.06-3-1152x1536.jpeg 1152w, https:\/\/agora.xtec.cat\/escolajeronidemoragas\/wp-content\/uploads\/usu2509\/2025\/07\/WhatsApp-Image-2025-07-14-at-18.52.06-3.jpeg 1200w\" sizes=\"auto, (max-width: 768px) 100vw, 768px\" \/><\/a>\n\t\t\t<\/dt><\/dl>\n\t\t\t<br style='clear: both' \/>\n\t\t<\/div>\n\n<p data-start=\"2273\" data-end=\"2547\">\n","protected":false},"excerpt":{"rendered":"<p>Ja ha arribat el final del casal d\u2019estiu \u2600\ufe0f, i des de l\u2019Escola Jeroni de Moragas volem compartir tot all\u00f2 que han viscut els alumnes durant aquestes darreres setmanes plenes d\u2019activitats, descobertes i bons moments \ud83c\udf08.<br \/>\nEnguany, el casal ha girat al voltant de l&#8217;eix tem\u00e0tic&hellip;  <a href=\"https:\/\/agora.xtec.cat\/escolajeronidemoragas\/general\/%f0%9f%8e%89-final-del-casal-destiu-2025-%f0%9f%8e%89\/\" title=\"Read \ud83c\udf89 FINAL DEL CASAL D&#8217;ESTIU 2025 \ud83c\udf89\">Llegeix m\u00e9s\u00bb<\/a><\/p>\n","protected":false},"author":1,"featured_media":4380,"comment_status":"open","ping_status":"open","sticky":false,"template":"","format":"standard","meta":{"_bbp_topic_count":0,"_bbp_reply_count":0,"_bbp_total_topic_count":0,"_bbp_total_reply_count":0,"_bbp_voice_count":0,"_bbp_anonymous_reply_count":0,"_bbp_topic_count_hidden":0,"_bbp_reply_count_hidden":0,"_bbp_forum_subforum_count":0,"footnotes":""},"categories":[10,11,12,13,14,15,86,83,1,2,77,76,4,85,84],"tags":[],"class_list":["post-4361","post","type-post","status-publish","format-standard","has-post-thumbnail","hentry","category-1r","category-2n","category-3r","category-4t","category-5e","category-6e","category-curs-2024-25","category-eso","category-general","category-infantil-i-primaria","category-juliol","category-juny","category-portada","category-sensorial","category-tva"],"post_mailing_queue_ids":[],"_links":{"self":[{"href":"https:\/\/agora.xtec.cat\/escolajeronidemoragas\/wp-json\/wp\/v2\/posts\/4361","targetHints":{"allow":["GET"]}}],"collection":[{"href":"https:\/\/agora.xtec.cat\/escolajeronidemoragas\/wp-json\/wp\/v2\/posts"}],"about":[{"href":"https:\/\/agora.xtec.cat\/escolajeronidemoragas\/wp-json\/wp\/v2\/types\/post"}],"author":[{"embeddable":true,"href":"https:\/\/agora.xtec.cat\/escolajeronidemoragas\/wp-json\/wp\/v2\/users\/1"}],"replies":[{"embeddable":true,"href":"https:\/\/agora.xtec.cat\/escolajeronidemoragas\/wp-json\/wp\/v2\/comments?post=4361"}],"version-history":[{"count":4,"href":"https:\/\/agora.xtec.cat\/escolajeronidemoragas\/wp-json\/wp\/v2\/posts\/4361\/revisions"}],"predecessor-version":[{"id":4382,"href":"https:\/\/agora.xtec.cat\/escolajeronidemoragas\/wp-json\/wp\/v2\/posts\/4361\/revisions\/4382"}],"wp:featuredmedia":[{"embeddable":true,"href":"https:\/\/agora.xtec.cat\/escolajeronidemoragas\/wp-json\/wp\/v2\/media\/4380"}],"wp:attachment":[{"href":"https:\/\/agora.xtec.cat\/escolajeronidemoragas\/wp-json\/wp\/v2\/media?parent=4361"}],"wp:term":[{"taxonomy":"category","embeddable":true,"href":"https:\/\/agora.xtec.cat\/escolajeronidemoragas\/wp-json\/wp\/v2\/categories?post=4361"},{"taxonomy":"post_tag","embeddable":true,"href":"https:\/\/agora.xtec.cat\/escolajeronidemoragas\/wp-json\/wp\/v2\/tags?post=4361"}],"curies":[{"name":"wp","href":"https:\/\/api.w.org\/{rel}","templated":true}]}}